{"id":10088,"date":"2013-12-23T01:51:16","date_gmt":"2013-12-23T04:51:16","guid":{"rendered":"http:\/\/putaendouno.cl\/?p=10088"},"modified":"2013-12-23T02:50:59","modified_gmt":"2013-12-23T05:50:59","slug":"espectacular-gala-folclorica-en-putaendo","status":"publish","type":"post","link":"https:\/\/putaendouno.cl\/?p=10088","title":{"rendered":"\u00a1Espectacular gala folcl\u00f3rica en Putaendo!"},"content":{"rendered":"<div class=\"lazysocialbuttons\" data-float=\"left\" data-buttons=\"google,twitter,facebook\" data-twshareurl=\"https:\/\/putaendouno.cl\/?p=10088\" data-twtext=\"\" data-shareurl=\"https:\/\/putaendouno.cl\/?p=10088\" data-fbhideflyout=\"false\" data-backgroundtype=\"light\"><\/div><h3><span style=\"color: #0000ff;\"><a href=\"http:\/\/putaendouno.cl\/wp-content\/uploads\/2013\/12\/or-port.jpg\"><img loading=\"lazy\" decoding=\"async\" class=\"aligncenter size-full wp-image-10089\" alt=\"or port\" src=\"http:\/\/putaendouno.cl\/wp-content\/uploads\/2013\/12\/or-port.jpg\" width=\"640\" height=\"319\" srcset=\"https:\/\/putaendouno.cl\/wp-content\/uploads\/2013\/12\/or-port.jpg 640w, https:\/\/putaendouno.cl\/wp-content\/uploads\/2013\/12\/or-port-300x149.jpg 300w\" sizes=\"auto, (max-width: 640px) 100vw, 640px\" \/><\/a>Taller Semillas del Orolonco mostr\u00f3 sus primeros frutos, como aperitivo para una descollante actuaci\u00f3n del Grupo &#8220;Amigos de Santiago&#8221;.-<\/span><\/h3>\n<p>La Academia de Danzas Folcl\u00f3rica Chilenas y Latinoamericanas &#8220;Semillas del Orolonco&#8221;, que dirigen Cristina Portillo y Patricio Ord\u00f3\u00f1ez, culmin\u00f3 su primer a\u00f1o de trabajo con una gala folcl\u00f3rica como pocas veces se ha visto en esta zona. Una impecable presentaci\u00f3n de sus alumnas y adultos mayores asociados, y una rutilante actuaci\u00f3n de algunos integrantes de un conocido Grupo Folcl\u00f3rico de una instituci\u00f3n de las fuerzas armadas, con una calidad impresionante.<\/p>\n<p>El marco esc\u00e9nico correspondi\u00f3 a la pista de la medialuna de Putaendo, preparada al efecto con tarimas y luces. En las grader\u00edas, una gran concurrencia de vecinos que realzaron el espect\u00e1culo entregado en el escenario, en una agradable tarde de fiesta folcl\u00f3rica.<\/p>\n<p>El taller trabaja tambi\u00e9n con clubes de adultos mayores de Las Coimas y Quebrada de Herrera, en asociaci\u00f3n y con el apoyo del Cesfam Valle Los Libertadores, de Putaendo, a trav\u00e9s de los programas de vida saludable que gestiona don Alfredo Vera. Y fueron justamente ellas quienes abrieron la jornada bailando la danza tradicional &#8220;El sombrerito&#8221;, en una hermosa coreograf\u00eda que todas lucieron con galanura y orgullo.<\/p>\n<p>Luego vino la presentaci\u00f3n de los alumnos del taller, que bailaron cumbia, tamur\u00e9, cueca y cacharpaya, con coreograf\u00edas muy bien armadas, elegantes, sobrias y estilizadas, con vestimentas acorde, y que daban cuenta del avance de los chicos en el aprendizaje de las danzas. Soltura, elegancia, coordinaci\u00f3n, ritmo, respeto de los tiempos y una delicada pero notoria disciplina fue lo que exhibieron los muchachos en sus bailes, especialmente en la fantas\u00eda de cueca y en su carnaval\u00f3n altipl\u00e1nico.<\/p>\n<p>El reconocimiento para el desarrollo del trabajo del a\u00f1o para todos los alumnos y sus colaboradores, donde estuvieron apoderados, vestuaristas, maquilladores, y todos quienes participaron en la producci\u00f3n de este evento.<\/p>\n<p>De fondo, el plato del chef. El Grupo Folcl\u00f3rico venido desde Santiago, bajo la direcci\u00f3n de Ra\u00fal Avez\u00f3n, con las coreograf\u00edas de Pedro Mora y los arreglos musicales de Freddy Ch\u00e1vez, inici\u00f3 su presentaci\u00f3n con destrezas de cueca y danzas tradicionales, terminando esta primera parte con Cristina Portillo zapateando de punta y taco sobre la arena de la medialuna. Luego un par de cuadros chilotes, con una r\u00edtmica sirilla, una procesi\u00f3n a la Virgen y la unci\u00f3n de un angelito.<\/p>\n<p>En cada intermedio, el conjunto musical del grupo deleit\u00f3 a los presentes con hermosas canciones y arreglos vocales e instrumentales que entregaban un sonido gratificante.<\/p>\n<p>Un breve intermedio sirvi\u00f3 para que los alumnos de la academia entregasen un presente a su monitora Cristina. Y las l\u00e1grimas de la emoci\u00f3n aparecieron en los rostros agradecidos de varios de los presentes.<\/p>\n<p>Luego el cuadro final, la gran sorpresa. El Grupo Folcl\u00f3rico puso en escena varios bailes tradicionales pascuenses. Aparecieron primero los apuestos varones, apenas cubiertos por un taparrabos, y el griter\u00edo en el p\u00fablico no se hizo esperar, especialmente a cada brusco y varonil movimiento de los bailarines. Y luego fue el turno de los varones presentes, pues hicieron su ingreso las bailarinas, tambi\u00e9n con diminutas y generosas prendas. Pero lo m\u00e1s importante fueron las coreograf\u00edas y los endiablados ritmos polin\u00e9sicos que danzaron. Ellas se llevaron los aplausos con su sensualidad y belleza, ellos con su rudeza.<\/p>\n<p>En suma, un espect\u00e1culo como pocos vistos en Putaendo, una bien equilibrada mezcla entre los aprendices y los profesionales, que en muchos pasajes, la mano de la monitora hizo que desapareciesen las diferencias de trayectoria.<\/p>\n<p>\u00a1Felicitaciones a Semillas del Orolonco&#8221;, y a seguir aportando cultura a Putaendo!<\/p>\n<p><a href=\"http:\/\/putaendouno.cl\/wp-content\/uploads\/2013\/12\/or-final.jpg\"><img loading=\"lazy\" decoding=\"async\" class=\"aligncenter size-full wp-image-10090\" alt=\"or final\" src=\"http:\/\/putaendouno.cl\/wp-content\/uploads\/2013\/12\/or-final.jpg\" width=\"640\" height=\"320\" srcset=\"https:\/\/putaendouno.cl\/wp-content\/uploads\/2013\/12\/or-final.jpg 640w, https:\/\/putaendouno.cl\/wp-content\/uploads\/2013\/12\/or-final-300x150.jpg 300w\" sizes=\"auto, (max-width: 640px) 100vw, 640px\" \/><\/a><\/p>\n<p>&nbsp;<\/p>\n\n\t\t<style type=\"text\/css\">\n\t\t\t#gallery-1 {\n\t\t\t\tmargin: auto;\n\t\t\t}\n\t\t\t#gallery-1 .gallery-item {\n\t\t\t\tfloat: left;\n\t\t\t\tmargin-top: 10px;\n\t\t\t\ttext-align: center;\n\t\t\t\twidth: 33%;\n\t\t\t}\n\t\t\t#gallery-1 img {\n\t\t\t\tborder: 2px solid #cfcfcf;\n\t\t\t}\n\t\t\t#gallery-1 .gallery-caption {\n\t\t\t\tmargin-left: 0;\n\t\t\t}\n\t\t\t\/* see gallery_shortcode() in wp-includes\/media.php *\/\n\t\t<\/style>\n\t\t<div id='gallery-1' class='gallery galleryid-10088 gallery-columns-3 gallery-size-thumbnail'><dl class='gallery-item'>\n\t\t\t<dt class='gallery-icon landscape'>\n\t\t\t\t<a href='https:\/\/putaendouno.cl\/?attachment_id=10091'><img loading=\"lazy\" decoding=\"async\" width=\"150\" height=\"150\" src=\"https:\/\/putaendouno.cl\/wp-content\/uploads\/2013\/12\/or1-150x150.jpg\" class=\"attachment-thumbnail size-thumbnail\" alt=\"\" \/><\/a>\n\t\t\t<\/dt><\/dl><dl class='gallery-item'>\n\t\t\t<dt class='gallery-icon landscape'>\n\t\t\t\t<a href='https:\/\/putaendouno.cl\/?attachment_id=10092'><img loading=\"lazy\" decoding=\"async\" width=\"150\" height=\"150\" src=\"https:\/\/putaendouno.cl\/wp-content\/uploads\/2013\/12\/or2-150x150.jpg\" class=\"attachment-thumbnail size-thumbnail\" alt=\"\" \/><\/a>\n\t\t\t<\/dt><\/dl><dl class='gallery-item'>\n\t\t\t<dt class='gallery-icon landscape'>\n\t\t\t\t<a href='https:\/\/putaendouno.cl\/?attachment_id=10093'><img loading=\"lazy\" decoding=\"async\" width=\"150\" height=\"150\" src=\"https:\/\/putaendouno.cl\/wp-content\/uploads\/2013\/12\/or3-150x150.jpg\" class=\"attachment-thumbnail size-thumbnail\" alt=\"\" \/><\/a>\n\t\t\t<\/dt><\/dl><br style=\"clear: both\" \/><dl class='gallery-item'>\n\t\t\t<dt class='gallery-icon landscape'>\n\t\t\t\t<a href='https:\/\/putaendouno.cl\/?attachment_id=10094'><img loading=\"lazy\" decoding=\"async\" width=\"150\" height=\"150\" src=\"https:\/\/putaendouno.cl\/wp-content\/uploads\/2013\/12\/or4-150x150.jpg\" class=\"attachment-thumbnail size-thumbnail\" alt=\"\" \/><\/a>\n\t\t\t<\/dt><\/dl><dl class='gallery-item'>\n\t\t\t<dt class='gallery-icon landscape'>\n\t\t\t\t<a href='https:\/\/putaendouno.cl\/?attachment_id=10095'><img loading=\"lazy\" decoding=\"async\" width=\"150\" height=\"150\" src=\"https:\/\/putaendouno.cl\/wp-content\/uploads\/2013\/12\/or5-150x150.jpg\" class=\"attachment-thumbnail size-thumbnail\" alt=\"\" \/><\/a>\n\t\t\t<\/dt><\/dl><dl class='gallery-item'>\n\t\t\t<dt class='gallery-icon landscape'>\n\t\t\t\t<a href='https:\/\/putaendouno.cl\/?attachment_id=10096'><img loading=\"lazy\" decoding=\"async\" width=\"150\" height=\"150\" src=\"https:\/\/putaendouno.cl\/wp-content\/uploads\/2013\/12\/or6-150x150.jpg\" class=\"attachment-thumbnail size-thumbnail\" alt=\"\" \/><\/a>\n\t\t\t<\/dt><\/dl><br style=\"clear: both\" \/><dl class='gallery-item'>\n\t\t\t<dt class='gallery-icon landscape'>\n\t\t\t\t<a href='https:\/\/putaendouno.cl\/?attachment_id=10097'><img loading=\"lazy\" decoding=\"async\" width=\"150\" height=\"150\" src=\"https:\/\/putaendouno.cl\/wp-content\/uploads\/2013\/12\/or7-150x150.jpg\" class=\"attachment-thumbnail size-thumbnail\" alt=\"\" \/><\/a>\n\t\t\t<\/dt><\/dl><dl class='gallery-item'>\n\t\t\t<dt class='gallery-icon landscape'>\n\t\t\t\t<a href='https:\/\/putaendouno.cl\/?attachment_id=10098'><img loading=\"lazy\" decoding=\"async\" width=\"150\" height=\"150\" src=\"https:\/\/putaendouno.cl\/wp-content\/uploads\/2013\/12\/or8-150x150.jpg\" class=\"attachment-thumbnail size-thumbnail\" alt=\"\" \/><\/a>\n\t\t\t<\/dt><\/dl><dl class='gallery-item'>\n\t\t\t<dt class='gallery-icon landscape'>\n\t\t\t\t<a href='https:\/\/putaendouno.cl\/?attachment_id=10099'><img loading=\"lazy\" decoding=\"async\" width=\"150\" height=\"150\" src=\"https:\/\/putaendouno.cl\/wp-content\/uploads\/2013\/12\/or9-150x150.jpg\" class=\"attachment-thumbnail size-thumbnail\" alt=\"\" \/><\/a>\n\t\t\t<\/dt><\/dl><br style=\"clear: both\" \/>\n\t\t<\/div>\n\n<p>REVISA M\u00c1S DE 150 FOTOS DEL EVENTO PINCHANDO AQU\u00cd EN<a title=\"Album &quot;Espectacular gala folclorica en Putaendo&quot;\" href=\"https:\/\/www.facebook.com\/media\/set\/?set=a.438306782965316.1073741861.247936232002373&amp;type=1\" target=\"_blank\"> FACEBOOK PUTAENDO UNO<\/a><\/p>\n","protected":false},"excerpt":{"rendered":"<p>Taller Semillas del Orolonco mostr\u00f3 sus primeros frutos, como aperitivo para una descollante actuaci\u00f3n del Grupo &#8220;Amigos de Santiago&#8221;.- La Academia de Danzas Folcl\u00f3rica Chilenas y Latinoamericanas &#8220;Semillas del Orolonco&#8221;, que dirigen Cristina Portillo y Patricio Ord\u00f3\u00f1ez, culmin\u00f3 su primer a\u00f1o de trabajo con una gala folcl\u00f3rica como pocas veces se ha visto en esta [&hellip;]<\/p>\n","protected":false},"author":1,"featured_media":10089,"comment_status":"open","ping_status":"open","sticky":false,"template":"","format":"standard","meta":{"footnotes":""},"categories":[15,4],"tags":[],"class_list":["post-10088","post","type-post","status-publish","format-standard","has-post-thumbnail","hentry","category-general","category-putaendo"],"jetpack_sharing_enabled":true,"jetpack_featured_media_url":"https:\/\/putaendouno.cl\/wp-content\/uploads\/2013\/12\/or-port.jpg","_links":{"self":[{"href":"https:\/\/putaendouno.cl\/index.php?rest_route=\/wp\/v2\/posts\/10088","targetHints":{"allow":["GET"]}}],"collection":[{"href":"https:\/\/putaendouno.cl\/index.php?rest_route=\/wp\/v2\/posts"}],"about":[{"href":"https:\/\/putaendouno.cl\/index.php?rest_route=\/wp\/v2\/types\/post"}],"author":[{"embeddable":true,"href":"https:\/\/putaendouno.cl\/index.php?rest_route=\/wp\/v2\/users\/1"}],"replies":[{"embeddable":true,"href":"https:\/\/putaendouno.cl\/index.php?rest_route=%2Fwp%2Fv2%2Fcomments&post=10088"}],"version-history":[{"count":3,"href":"https:\/\/putaendouno.cl\/index.php?rest_route=\/wp\/v2\/posts\/10088\/revisions"}],"predecessor-version":[{"id":10102,"href":"https:\/\/putaendouno.cl\/index.php?rest_route=\/wp\/v2\/posts\/10088\/revisions\/10102"}],"wp:featuredmedia":[{"embeddable":true,"href":"https:\/\/putaendouno.cl\/index.php?rest_route=\/wp\/v2\/media\/10089"}],"wp:attachment":[{"href":"https:\/\/putaendouno.cl\/index.php?rest_route=%2Fwp%2Fv2%2Fmedia&parent=10088"}],"wp:term":[{"taxonomy":"category","embeddable":true,"href":"https:\/\/putaendouno.cl\/index.php?rest_route=%2Fwp%2Fv2%2Fcategories&post=10088"},{"taxonomy":"post_tag","embeddable":true,"href":"https:\/\/putaendouno.cl\/index.php?rest_route=%2Fwp%2Fv2%2Ftags&post=10088"}],"curies":[{"name":"wp","href":"https:\/\/api.w.org\/{rel}","templated":true}]}}