{"id":10073,"date":"2013-12-21T23:23:44","date_gmt":"2013-12-22T02:23:44","guid":{"rendered":"http:\/\/putaendouno.cl\/?p=10073"},"modified":"2013-12-21T23:33:42","modified_gmt":"2013-12-22T02:33:42","slug":"sismo-de-5o-richter-sacude-a-zona-central","status":"publish","type":"post","link":"https:\/\/putaendouno.cl\/?p=10073","title":{"rendered":"Sismo de 5\u00ba Richter sacude a zona central de Chile"},"content":{"rendered":"<div class=\"lazysocialbuttons\" data-float=\"left\" data-buttons=\"google,twitter,facebook\" data-twshareurl=\"https:\/\/putaendouno.cl\/?p=10073\" data-twtext=\"\" data-shareurl=\"https:\/\/putaendouno.cl\/?p=10073\" data-fbhideflyout=\"false\" data-backgroundtype=\"light\"><\/div><h3><span style=\"color: #0000ff;\"><a href=\"http:\/\/putaendouno.cl\/wp-content\/uploads\/2013\/12\/sismo.jpg\"><img loading=\"lazy\" decoding=\"async\" class=\"aligncenter size-full wp-image-10074\" alt=\"sismo\" src=\"http:\/\/putaendouno.cl\/wp-content\/uploads\/2013\/12\/sismo.jpg\" width=\"640\" height=\"304\" srcset=\"https:\/\/putaendouno.cl\/wp-content\/uploads\/2013\/12\/sismo.jpg 640w, https:\/\/putaendouno.cl\/wp-content\/uploads\/2013\/12\/sismo-300x142.jpg 300w\" sizes=\"auto, (max-width: 640px) 100vw, 640px\" \/><\/a>Sismo de menor intensidad entre las regiones de Coquimbo y Maule.-<\/span><\/h3>\n<p>Un sismo de mediana intensidad se percibi\u00f3 a las 22:54 horas en las regiones de Coquimbo, Valpara\u00edso, O\u2019Higgins y Maule.<\/p>\n<p>Seg\u00fan el <span style=\"color: #0000ff;\">Servicio Sismol\u00f3gico de la U. de Chile<\/span>, estos son los par\u00e1metros:<\/p>\n<table class=\"aligncenter\" width=\"66%\" border=\"1\" cellspacing=\"0\" cellpadding=\"0\">\n<tbody>\n<tr>\n<td width=\"48%\">Hora Local<\/td>\n<td width=\"51%\">22:53:29 21\/12\/2013<\/td>\n<\/tr>\n<tr>\n<td width=\"48%\">Hora UTC<\/td>\n<td width=\"51%\">01:53:29 22\/12\/2013<\/td>\n<\/tr>\n<tr>\n<td width=\"48%\">Latitud<\/td>\n<td width=\"51%\">-32.872<\/td>\n<\/tr>\n<tr>\n<td width=\"48%\">Longitud<\/td>\n<td width=\"51%\">-70.621<\/td>\n<\/tr>\n<tr>\n<td width=\"48%\">Profundidad<\/td>\n<td width=\"51%\">95.3 Km<\/td>\n<\/tr>\n<tr>\n<td width=\"48%\">Magnitud<\/td>\n<td width=\"51%\">5.0 Ml GUC<\/td>\n<\/tr>\n<tr>\n<td width=\"48%\">Referencia<\/td>\n<td width=\"51%\">37 km al N de Colina<\/td>\n<\/tr>\n<\/tbody>\n<\/table>\n<p style=\"text-align: left;\">Para <span style=\"color: #0000ff;\">ONEMI<\/span>, las intensidades en escala de Mercalli son las siguientes:<\/p>\n<p style=\"text-align: left;\">Regi\u00f3n: Coquimbo<br \/>\nIllapel:II<br \/>\nSalamanca:III<\/p>\n<p>Regi\u00f3n: Valpara\u00edso<br \/>\nCasablanca:IV<br \/>\nEl Tabo:III<br \/>\nLos Andes:IV<br \/>\nQuillota:IV<br \/>\nRinconada:IV<br \/>\nSan Antonio:III<br \/>\nSan Felipe:IV<br \/>\nValpara\u00ed\u00adso:III<br \/>\nVi\u00f1a del Mar:III<br \/>\nZapallar:IV<\/p>\n<p>Regi\u00f3n: Metropolitana de Santiago<br \/>\nEl Monte:IV<br \/>\nMelipilla: V<br \/>\nPe\u00f1aflor: IV<br \/>\nPirque: IV<br \/>\nPuente Alto: IV<br \/>\nSan Jos\u00e9 de Maipo: IV<br \/>\nSantiago:IV<br \/>\nTalagante:IV<br \/>\nTiltil: V<\/p>\n<p>Regi\u00f3n: Libertador Bernardo O&#8217;Higgins<br \/>\nGraneros:V<br \/>\nLolol:III<br \/>\nRancagua:V<br \/>\nSan Fernando:III<\/p>\n<p>Regi\u00f3n: Maule<br \/>\nLongav\u00ed\u00ad:III<br \/>\nParral:II<br \/>\nR\u00ed\u00ado Claro:II<\/p>\n","protected":false},"excerpt":{"rendered":"<p>Sismo de menor intensidad entre las regiones de Coquimbo y Maule.- Un sismo de mediana intensidad se percibi\u00f3 a las 22:54 horas en las regiones de Coquimbo, Valpara\u00edso, O\u2019Higgins y Maule. Seg\u00fan el Servicio Sismol\u00f3gico de la U. de Chile, estos son los par\u00e1metros: Hora Local 22:53:29 21\/12\/2013 Hora UTC 01:53:29 22\/12\/2013 Latitud -32.872 Longitud [&hellip;]<\/p>\n","protected":false},"author":1,"featured_media":10074,"comment_status":"open","ping_status":"open","sticky":false,"template":"","format":"standard","meta":{"footnotes":""},"categories":[7,15],"tags":[],"class_list":["post-10073","post","type-post","status-publish","format-standard","has-post-thumbnail","hentry","category-nacionales-y-otras","category-general"],"jetpack_sharing_enabled":true,"jetpack_featured_media_url":"https:\/\/putaendouno.cl\/wp-content\/uploads\/2013\/12\/sismo.jpg","_links":{"self":[{"href":"https:\/\/putaendouno.cl\/index.php?rest_route=\/wp\/v2\/posts\/10073","targetHints":{"allow":["GET"]}}],"collection":[{"href":"https:\/\/putaendouno.cl\/index.php?rest_route=\/wp\/v2\/posts"}],"about":[{"href":"https:\/\/putaendouno.cl\/index.php?rest_route=\/wp\/v2\/types\/post"}],"author":[{"embeddable":true,"href":"https:\/\/putaendouno.cl\/index.php?rest_route=\/wp\/v2\/users\/1"}],"replies":[{"embeddable":true,"href":"https:\/\/putaendouno.cl\/index.php?rest_route=%2Fwp%2Fv2%2Fcomments&post=10073"}],"version-history":[{"count":3,"href":"https:\/\/putaendouno.cl\/index.php?rest_route=\/wp\/v2\/posts\/10073\/revisions"}],"predecessor-version":[{"id":10076,"href":"https:\/\/putaendouno.cl\/index.php?rest_route=\/wp\/v2\/posts\/10073\/revisions\/10076"}],"wp:featuredmedia":[{"embeddable":true,"href":"https:\/\/putaendouno.cl\/index.php?rest_route=\/wp\/v2\/media\/10074"}],"wp:attachment":[{"href":"https:\/\/putaendouno.cl\/index.php?rest_route=%2Fwp%2Fv2%2Fmedia&parent=10073"}],"wp:term":[{"taxonomy":"category","embeddable":true,"href":"https:\/\/putaendouno.cl\/index.php?rest_route=%2Fwp%2Fv2%2Fcategories&post=10073"},{"taxonomy":"post_tag","embeddable":true,"href":"https:\/\/putaendouno.cl\/index.php?rest_route=%2Fwp%2Fv2%2Ftags&post=10073"}],"curies":[{"name":"wp","href":"https:\/\/api.w.org\/{rel}","templated":true}]}}