{"id":10064,"date":"2013-12-21T16:25:07","date_gmt":"2013-12-21T19:25:07","guid":{"rendered":"http:\/\/putaendouno.cl\/?p=10064"},"modified":"2013-12-21T16:34:54","modified_gmt":"2013-12-21T19:34:54","slug":"allamand-el-principal-responsable-del-fracaso-electoral-es-pinera","status":"publish","type":"post","link":"https:\/\/putaendouno.cl\/?p=10064","title":{"rendered":"Allamand: &#8220;El principal responsable del fracaso electoral es Pi\u00f1era&#8221;"},"content":{"rendered":"<div class=\"lazysocialbuttons\" data-float=\"left\" data-buttons=\"google,twitter,facebook\" data-twshareurl=\"https:\/\/putaendouno.cl\/?p=10064\" data-twtext=\"\" data-shareurl=\"https:\/\/putaendouno.cl\/?p=10064\" data-fbhideflyout=\"false\" data-backgroundtype=\"light\"><\/div><h3><span style=\"color: #0000ff;\"><a href=\"http:\/\/putaendouno.cl\/wp-content\/uploads\/2013\/12\/allamand.jpg\"><img loading=\"lazy\" decoding=\"async\" class=\"aligncenter size-full wp-image-10065\" alt=\"allamand\" src=\"http:\/\/putaendouno.cl\/wp-content\/uploads\/2013\/12\/allamand.jpg\" width=\"640\" height=\"319\" srcset=\"https:\/\/putaendouno.cl\/wp-content\/uploads\/2013\/12\/allamand.jpg 640w, https:\/\/putaendouno.cl\/wp-content\/uploads\/2013\/12\/allamand-300x149.jpg 300w\" sizes=\"auto, (max-width: 640px) 100vw, 640px\" \/><\/a>&#8220;La nueva forma de gobernar se desprestigi\u00f3 muy r\u00e1pido&#8221;, dijo.-<\/span><\/h3>\n<p>El reci\u00e9n electo senador por Santiago Poniente\u00a0Andr\u00e9s Allamand\u00a0apunt\u00f3 a Pi\u00f1era como el principal responsable del fracaso electoral, indicando que el Gobierno actual &#8220;menosprecio a los partidos desde el d\u00eda uno&#8221;.<\/p>\n<p>&#8220;Es evidente que el principal responsable del fracaso electoral es el Presidente Pi\u00f1era y su Gobierno&#8221;, se\u00f1al\u00f3 Allamand luego de que la candidata de la Alianza, Evelyn Matthei, s\u00f3lo alcanzara el 37,83 por ciento de las preferencias en las pasadas elecciones presidenciales.<\/p>\n<p>Entre las razones de la derrota, el ex candidato a la presidencia indic\u00f3 que &#8220;la desatenci\u00f3n del debate de ideas en la sociedad.\u00a0El Gobierno asumi\u00f3 que simplemente atiborrando a la ciudadan\u00eda con cifras de buen desempe\u00f1o econ\u00f3mico iba a mantener su confianza y no observ\u00f3 la profundidad de los debates\u00a0ideol\u00f3gicos que surgieron&#8221;, se\u00f1al\u00f3.<\/p>\n<p>La segunda raz\u00f3n &#8220;tiene que ver con el menosprecio al rol de los partidos en una democracia&#8221; indic\u00f3 Allamand y explic\u00f3 que\u00a0&#8220;el Gobierno de Pi\u00f1era menospreci\u00f3 a los partidos desde el d\u00eda uno,\u00a0y para reafirmar tal concepto, basta simplemente recordar la conformaci\u00f3n del primer gabinete, donde prevalecieron los t\u00e9cnicos y se despreci\u00f3 la experiencia pol\u00edtica&#8221;.<\/p>\n<p>Una tercera raz\u00f3n a juicio del senador es que\u00a0&#8220;la nueva forma de gobernar se desprestigi\u00f3 muy r\u00e1pido\u00a0producto de dos fen\u00f3menos: la grandilocuencia con que se abordaron las pol\u00edticas p\u00fablicas y la efectividad de la llamada letra chica&#8221;.<\/p>\n<p>De la letra chica se ha dicho suficiente, pero en la grandilocuencia todav\u00eda hay que insistir. Todos los presidentes cargan con el peso de declaraciones desafortunadas; la del Presidente Pi\u00f1era es &#8216;en 20 d\u00edas hemos hecho m\u00e1s que la Concertaci\u00f3n en 20 a\u00f1os'&#8221;, indic\u00f3 y agreg\u00f3 que\u00a0&#8220;la arrogancia y la letra chica nos pasaron la cuenta&#8221;.<\/p>\n<p>Por \u00faltimo, Allamand se\u00f1al\u00f3 que\u00a0&#8220;desde el d\u00eda uno hubo expectativas que no se pudieron satisfacer, sobre todo en el \u00e1mbito de la lucha contra la delincuencia,\u00a0que hab\u00eda sido una de las promesas fundamentales del actual Presidente&#8221;.<\/p>\n<h5 id=\"vtxt_cuerpo_T0\"><span style=\"font-size: 13px;\">El ex aspirante a La Moneda realiz\u00f3 un mea culpa indicando que\u00a0<\/span>&#8220;fui parte del Gobierno y despu\u00e9s fui candidato presidencial y, en consecuencia, no me excluyo de las responsabilidades que me pueden competer, pero, insisto, aqu\u00ed nadie se puede lavar las manos, mucho menos el Gobierno&#8221;.<\/h5>\n<p>Sin embargo, indic\u00f3 que fue el primero en advertir que el &#8220;menosprecio a los partidos&#8221; le pasar\u00eda la cuenta al gobierno.<\/p>\n<p>&#8220;Dije que\u00a0no se pod\u00eda pretender ganar las elecciones con los partidos y gobernar con un grupo de ejecutivos de empresas. Y en cuanto a haber hecho la pega y haberla hecho bien, tambi\u00e9n lo reafirmo&#8221;, se\u00f1al\u00f3.<\/p>\n<p>En cuanto a la falta de atenci\u00f3n por parte del Gobierno a los temas sociales que demandaban las personas, Allamand se\u00f1al\u00f3 que el problema es\u00a0&#8220;la falta de humildad de nuestros dirigentes para captar lo que la ciudadan\u00eda considera relevante o no&#8221;.<\/p>\n<p>&#8220;Estoy seguro de que si hubieran hecho una semana de trabajo electoral en la calle, si hubieran ido a una feria, conversado con la gente, tendr\u00edan una percepci\u00f3n diferente&#8221;, afirm\u00f3.<\/p>\n<h3 id=\"vtxt_cuerpo_T2\"><span style=\"color: #0000ff;\">Las declaraciones de Pi\u00f1era<\/span><\/h3>\n<p>Recordando cuando el Presidente Pi\u00f1era realiz\u00f3 declaraciones durante la campa\u00f1a presidencial, en las que tild\u00f3 de &#8220;c\u00f3mplices pasivos&#8221; a quienes no combatieron los abusos de la dictadura, Allamand sostvo que tales dichos\u00a0le parecieron &#8220;parciales y muy autocomplacientes&#8221;.<\/p>\n<p>&#8220;\u00bfPor qu\u00e9 parciales? Porque en el fondo de esas palabras qued\u00f3 la siguiente conclusi\u00f3n: durante el gobierno militar s\u00f3lo existieron los que votaron por el No y los c\u00f3mplices pasivos. Y eso es particularmente injusto para RN&#8221;, indic\u00f3.<\/p>\n<p>Adem\u00e1s se\u00f1al\u00f3 que\u00a0&#8220;durante la dictadura el Presidente Pi\u00f1era hizo poco y nada; fue un empresario activo&#8221;.<\/p>\n<p>Respecto a quienes indican que las declaraciones de Pi\u00f1era apuntan a postular a un nuevo periodo presidencial el 2018, el senador se\u00f1al\u00f3 que\u00a0&#8220;estoy convencido de que el Presidente Pi\u00f1era ha optado por iniciar la pavimentaci\u00f3n de un camino que pueda conducirlo a una segunda candidatura presidencial. Negarlo es tapar el sol con un dedo&#8221;.<\/p>\n<p>(Cp\/P1)<\/p>\n","protected":false},"excerpt":{"rendered":"<p>&#8220;La nueva forma de gobernar se desprestigi\u00f3 muy r\u00e1pido&#8221;, dijo.- El reci\u00e9n electo senador por Santiago Poniente\u00a0Andr\u00e9s Allamand\u00a0apunt\u00f3 a Pi\u00f1era como el principal responsable del fracaso electoral, indicando que el Gobierno actual &#8220;menosprecio a los partidos desde el d\u00eda uno&#8221;. &#8220;Es evidente que el principal responsable del fracaso electoral es el Presidente Pi\u00f1era y su [&hellip;]<\/p>\n","protected":false},"author":1,"featured_media":10065,"comment_status":"open","ping_status":"open","sticky":false,"template":"","format":"standard","meta":{"footnotes":""},"categories":[15],"tags":[],"class_list":["post-10064","post","type-post","status-publish","format-standard","has-post-thumbnail","hentry","category-general"],"jetpack_sharing_enabled":true,"jetpack_featured_media_url":"https:\/\/putaendouno.cl\/wp-content\/uploads\/2013\/12\/allamand.jpg","_links":{"self":[{"href":"https:\/\/putaendouno.cl\/index.php?rest_route=\/wp\/v2\/posts\/10064","targetHints":{"allow":["GET"]}}],"collection":[{"href":"https:\/\/putaendouno.cl\/index.php?rest_route=\/wp\/v2\/posts"}],"about":[{"href":"https:\/\/putaendouno.cl\/index.php?rest_route=\/wp\/v2\/types\/post"}],"author":[{"embeddable":true,"href":"https:\/\/putaendouno.cl\/index.php?rest_route=\/wp\/v2\/users\/1"}],"replies":[{"embeddable":true,"href":"https:\/\/putaendouno.cl\/index.php?rest_route=%2Fwp%2Fv2%2Fcomments&post=10064"}],"version-history":[{"count":3,"href":"https:\/\/putaendouno.cl\/index.php?rest_route=\/wp\/v2\/posts\/10064\/revisions"}],"predecessor-version":[{"id":10068,"href":"https:\/\/putaendouno.cl\/index.php?rest_route=\/wp\/v2\/posts\/10064\/revisions\/10068"}],"wp:featuredmedia":[{"embeddable":true,"href":"https:\/\/putaendouno.cl\/index.php?rest_route=\/wp\/v2\/media\/10065"}],"wp:attachment":[{"href":"https:\/\/putaendouno.cl\/index.php?rest_route=%2Fwp%2Fv2%2Fmedia&parent=10064"}],"wp:term":[{"taxonomy":"category","embeddable":true,"href":"https:\/\/putaendouno.cl\/index.php?rest_route=%2Fwp%2Fv2%2Fcategories&post=10064"},{"taxonomy":"post_tag","embeddable":true,"href":"https:\/\/putaendouno.cl\/index.php?rest_route=%2Fwp%2Fv2%2Ftags&post=10064"}],"curies":[{"name":"wp","href":"https:\/\/api.w.org\/{rel}","templated":true}]}}