{"id":10056,"date":"2013-12-20T13:46:44","date_gmt":"2013-12-20T16:46:44","guid":{"rendered":"http:\/\/putaendouno.cl\/?p=10056"},"modified":"2013-12-20T19:48:54","modified_gmt":"2013-12-20T22:48:54","slug":"iglesia-de-aconcagua-expulsa-de-sacerdocio-a-cura-benavides","status":"publish","type":"post","link":"https:\/\/putaendouno.cl\/?p=10056","title":{"rendered":"Iglesia expulsa de sacerdocio a cura Benavides"},"content":{"rendered":"<div class=\"lazysocialbuttons\" data-float=\"left\" data-buttons=\"google,twitter,facebook\" data-twshareurl=\"https:\/\/putaendouno.cl\/?p=10056\" data-twtext=\"\" data-shareurl=\"https:\/\/putaendouno.cl\/?p=10056\" data-fbhideflyout=\"false\" data-backgroundtype=\"light\"><\/div><h3><span style=\"color: #0000ff;\"><a href=\"http:\/\/putaendouno.cl\/wp-content\/uploads\/2013\/12\/port-bendice.jpg\"><img loading=\"lazy\" decoding=\"async\" class=\"aligncenter size-full wp-image-10058\" alt=\"port bendice\" src=\"http:\/\/putaendouno.cl\/wp-content\/uploads\/2013\/12\/port-bendice.jpg\" width=\"640\" height=\"320\" srcset=\"https:\/\/putaendouno.cl\/wp-content\/uploads\/2013\/12\/port-bendice.jpg 640w, https:\/\/putaendouno.cl\/wp-content\/uploads\/2013\/12\/port-bendice-300x150.jpg 300w\" sizes=\"auto, (max-width: 640px) 100vw, 640px\" \/><\/a>El p\u00e1rroco de Nuestra Se\u00f1ora de F\u00e1tima, de Los Andes, estaba acusado de abuso de menores.-<\/span><\/h3>\n<p>Mediante una declaraci\u00f3n p\u00fablica, el Obispado de San Felipe inform\u00f3 que, en fallo definitivo e inapelable de un tribunal can\u00f3nico de segunda instancia, la Iglesia -desde El Vaticano- confirm\u00f3 la sentencia que condena al presb\u00edtero <span style=\"color: #0000ff;\">Ren\u00e9 Benavides Rives<\/span>, como culpable del delito de abuso sexual contra tres menores de edad, mientras ejerc\u00eda su sacerdocio en la parroquia Nuestra Se\u00f1ora de F\u00e1tima, de Los Andes<a href=\"http:\/\/putaendouno.cl\/wp-content\/uploads\/2013\/12\/Fatima-LOs-Andes.jpg\"><img loading=\"lazy\" decoding=\"async\" class=\"alignright  wp-image-10057\" alt=\"Fatima LOs Andes\" src=\"http:\/\/putaendouno.cl\/wp-content\/uploads\/2013\/12\/Fatima-LOs-Andes-200x300.jpg\" width=\"140\" height=\"210\" srcset=\"https:\/\/putaendouno.cl\/wp-content\/uploads\/2013\/12\/Fatima-LOs-Andes-200x300.jpg 200w, https:\/\/putaendouno.cl\/wp-content\/uploads\/2013\/12\/Fatima-LOs-Andes.jpg 299w\" sizes=\"auto, (max-width: 140px) 100vw, 140px\" \/><\/a> (foto der).<\/p>\n<p><a href=\"http:\/\/putaendouno.cl\/wp-content\/uploads\/2013\/12\/rene_260x174.jpg\"><img loading=\"lazy\" decoding=\"async\" class=\"alignleft  wp-image-10059\" alt=\"rene_260x174\" src=\"http:\/\/putaendouno.cl\/wp-content\/uploads\/2013\/12\/rene_260x174-300x200.jpg\" width=\"240\" height=\"160\" srcset=\"https:\/\/putaendouno.cl\/wp-content\/uploads\/2013\/12\/rene_260x174-300x200.jpg 300w, https:\/\/putaendouno.cl\/wp-content\/uploads\/2013\/12\/rene_260x174.jpg 448w\" sizes=\"auto, (max-width: 240px) 100vw, 240px\" \/><\/a>La pena impuesta al ahora ex sacerdote, es la expulsi\u00f3n perpetua del estado clerical, que es la m\u00e1xima sanci\u00f3n dispuesta por el ordenamiento jur\u00eddico de la Iglesia. Ello implica que Benavides no puede ejercer el ministerio sacerdotal. Es decir, no puede administrar sacramentos, ya no tiene derechos como sacerdote, &#8220;como tampoco puede desarrollar otros encargos o actividades en parroquias, colegios u otras instituciones cat\u00f3licas&#8221;, seg\u00fan reza el comunicado. El medi\u00e1tico cura se hizo famoso por &#8220;exorcismos&#8221; y &#8220;sanaciones&#8221; que realizaba por imposici\u00f3n de manos a su fieles, tal como se le aprecia en la foto de la izquierda durante una &#8220;sesi\u00f3n&#8221; en Los Andes.<\/p>\n<p>El <span style=\"color: #0000ff;\">Obispo de San Felipe, Monse\u00f1or Cristi\u00e1n Contreras<\/span>, a trav\u00e9s de la declaraci\u00f3n, pidi\u00f3 perd\u00f3n &#8220;a las personas que han sido v\u00edctimas de estos grav\u00edsimos delitos, y les expresa su cercan\u00eda, lo mismo a sus familias&#8221;. Agrega luego que &#8220;a la comunidad diocesana, nuevamente afectada por episodios que nunca debieron haber ocurrido y que nos averg\u00fcenzan, les pido apoyar con su oraci\u00f3n y compromiso efectivo, los pasos que la Iglesia ha venido dando para tomar plena conciencia del flagelo del abuso a menores de edad. Prevenir estos abusos es una necesidad de primer orden en nuestro trabajo pastoral y en toda la sociedad&#8221;.<\/p>\n<p>El presb\u00edtero Ren\u00e9 Benavides, ex p\u00e1rroco de Nuestra Se\u00f1ora de F\u00e1tima, en Los Andes, hab\u00eda sido acusado de cometer abusos sexuales contra menores de su parroquia, hechos ocurridos hace ya m\u00e1s de 15 a\u00f1os, y sobre lo cual la Iglesia manten\u00eda una investigaci\u00f3n can\u00f3nica.<\/p>\n","protected":false},"excerpt":{"rendered":"<p>El p\u00e1rroco de Nuestra Se\u00f1ora de F\u00e1tima, de Los Andes, estaba acusado de abuso de menores.- Mediante una declaraci\u00f3n p\u00fablica, el Obispado de San Felipe inform\u00f3 que, en fallo definitivo e inapelable de un tribunal can\u00f3nico de segunda instancia, la Iglesia -desde El Vaticano- confirm\u00f3 la sentencia que condena al presb\u00edtero Ren\u00e9 Benavides Rives, como [&hellip;]<\/p>\n","protected":false},"author":1,"featured_media":10058,"comment_status":"open","ping_status":"open","sticky":false,"template":"","format":"standard","meta":{"footnotes":""},"categories":[15,5],"tags":[],"class_list":["post-10056","post","type-post","status-publish","format-standard","has-post-thumbnail","hentry","category-general","category-aconcagua"],"jetpack_sharing_enabled":true,"jetpack_featured_media_url":"https:\/\/putaendouno.cl\/wp-content\/uploads\/2013\/12\/port-bendice.jpg","_links":{"self":[{"href":"https:\/\/putaendouno.cl\/index.php?rest_route=\/wp\/v2\/posts\/10056","targetHints":{"allow":["GET"]}}],"collection":[{"href":"https:\/\/putaendouno.cl\/index.php?rest_route=\/wp\/v2\/posts"}],"about":[{"href":"https:\/\/putaendouno.cl\/index.php?rest_route=\/wp\/v2\/types\/post"}],"author":[{"embeddable":true,"href":"https:\/\/putaendouno.cl\/index.php?rest_route=\/wp\/v2\/users\/1"}],"replies":[{"embeddable":true,"href":"https:\/\/putaendouno.cl\/index.php?rest_route=%2Fwp%2Fv2%2Fcomments&post=10056"}],"version-history":[{"count":2,"href":"https:\/\/putaendouno.cl\/index.php?rest_route=\/wp\/v2\/posts\/10056\/revisions"}],"predecessor-version":[{"id":10061,"href":"https:\/\/putaendouno.cl\/index.php?rest_route=\/wp\/v2\/posts\/10056\/revisions\/10061"}],"wp:featuredmedia":[{"embeddable":true,"href":"https:\/\/putaendouno.cl\/index.php?rest_route=\/wp\/v2\/media\/10058"}],"wp:attachment":[{"href":"https:\/\/putaendouno.cl\/index.php?rest_route=%2Fwp%2Fv2%2Fmedia&parent=10056"}],"wp:term":[{"taxonomy":"category","embeddable":true,"href":"https:\/\/putaendouno.cl\/index.php?rest_route=%2Fwp%2Fv2%2Fcategories&post=10056"},{"taxonomy":"post_tag","embeddable":true,"href":"https:\/\/putaendouno.cl\/index.php?rest_route=%2Fwp%2Fv2%2Ftags&post=10056"}],"curies":[{"name":"wp","href":"https:\/\/api.w.org\/{rel}","templated":true}]}}