{"id":10039,"date":"2013-12-20T01:33:37","date_gmt":"2013-12-20T04:33:37","guid":{"rendered":"http:\/\/putaendouno.cl\/?p=10039"},"modified":"2013-12-20T01:33:37","modified_gmt":"2013-12-20T04:33:37","slug":"putaendo-sera-capital-del-folclore-este-fin-de-semana","status":"publish","type":"post","link":"https:\/\/putaendouno.cl\/?p=10039","title":{"rendered":"\u00a1Putaendo ser\u00e1 capital del folclore este fin de semana!"},"content":{"rendered":"<div class=\"lazysocialbuttons\" data-float=\"left\" data-buttons=\"google,twitter,facebook\" data-twshareurl=\"https:\/\/putaendouno.cl\/?p=10039\" data-twtext=\"\" data-shareurl=\"https:\/\/putaendouno.cl\/?p=10039\" data-fbhideflyout=\"false\" data-backgroundtype=\"light\"><\/div><h3><span style=\"color: #0000ff;\"><b><a href=\"http:\/\/putaendouno.cl\/wp-content\/uploads\/2013\/12\/a-portada-cueca.jpg\"><img loading=\"lazy\" decoding=\"async\" class=\"aligncenter size-full wp-image-10040\" alt=\"a portada cueca\" src=\"http:\/\/putaendouno.cl\/wp-content\/uploads\/2013\/12\/a-portada-cueca.jpg\" width=\"640\" height=\"319\" srcset=\"https:\/\/putaendouno.cl\/wp-content\/uploads\/2013\/12\/a-portada-cueca.jpg 640w, https:\/\/putaendouno.cl\/wp-content\/uploads\/2013\/12\/a-portada-cueca-300x149.jpg 300w\" sizes=\"auto, (max-width: 640px) 100vw, 640px\" \/><\/a>La cueca, las tradiciones, la cocina chilena, el folclore son la bandera putaendina.-<\/b><\/span><span style=\"text-decoration: underline;\">\u00a0<\/span><\/h3>\n<p>Un gran fin de semana cultural se llevar\u00e1 a cabo este s\u00e1bado 21 y domingo 22 de diciembre en la comuna de Putaendo. Tres ser\u00e1n las actividades que dar\u00e1n vida a un \u201cfinde\u201d lleno de alternativas para disfrutar de la m\u00fasica, el baile, los productos tradicionales y la gastronom\u00eda local.<\/p>\n<p><a href=\"http:\/\/putaendouno.cl\/wp-content\/uploads\/2013\/12\/cueca-LMMF1.jpg\"><img loading=\"lazy\" decoding=\"async\" class=\"alignleft  wp-image-10041\" alt=\"cueca LMMF\" src=\"http:\/\/putaendouno.cl\/wp-content\/uploads\/2013\/12\/cueca-LMMF1-237x300.jpg\" width=\"166\" height=\"210\" srcset=\"https:\/\/putaendouno.cl\/wp-content\/uploads\/2013\/12\/cueca-LMMF1-237x300.jpg 237w, https:\/\/putaendouno.cl\/wp-content\/uploads\/2013\/12\/cueca-LMMF1.jpg 570w\" sizes=\"auto, (max-width: 166px) 100vw, 166px\" \/><\/a>Todo parte el s\u00e1bado 21 de diciembre a las 14:00 horas en el Liceo Manuel Mar\u00edn Fritis, con la presentaci\u00f3n de campeones regionales y nacionales de cueca en el Campeonato Regional de J\u00f3venes del Tamarugal. Una atractiva actividad que traer\u00e1 a la Capital Patrimonial de Aconcagua los mejores exponentes de nuestra danza nacional. El evento es organizado por<span style=\"color: #0000ff;\"> los actuales campeones regionales &#8220;J\u00f3venes de Antuco&#8221;,<\/span> los putaendinos <span style=\"color: #0000ff;\">Elyette Lazcano y Rodrigo Gonz\u00e1lez.<\/span><\/p>\n<p>M\u00e1s tarde, \u00a0a las 19:30 horas en la Medialuna del Parque Municipal, se realizar\u00e1 la presentaci\u00f3n de la Gala Folcl\u00f3rica de la academia de danzas chilenas y latinoamericanas &#8220;Semillas del Orolonco&#8221;, que dirigen <span style=\"color: #0000ff;\">Patricio Ord\u00f3\u00f1ez y Cristina Portillo<\/span>. \u201cPara finalizar nuestro primer a\u00f1o de actividades realizaremos esta hermosa presentaci\u00f3n. Agradecemos el importante apoyo del municipio y el alcalde Guillermo Reyes. Viviremos una linda experiencia cultural\u201d, cont\u00f3 Ord\u00f3\u00f1ez, quien agreg\u00f3 que habr\u00e1 una sorpresa para los asistentes, quienes podr\u00e1n presenciar la actuaci\u00f3n de un grupo folcl\u00f3rico con m\u00e1s de 35 a\u00f1os de <a href=\"http:\/\/putaendouno.cl\/wp-content\/uploads\/2013\/12\/AFICHE-FERIA-VERTICAL-WEB1.jpg\"><img loading=\"lazy\" decoding=\"async\" class=\"alignright  wp-image-10042\" alt=\"Print\" src=\"http:\/\/putaendouno.cl\/wp-content\/uploads\/2013\/12\/AFICHE-FERIA-VERTICAL-WEB1-214x300.jpg\" width=\"150\" height=\"210\" srcset=\"https:\/\/putaendouno.cl\/wp-content\/uploads\/2013\/12\/AFICHE-FERIA-VERTICAL-WEB1-214x300.jpg 214w, https:\/\/putaendouno.cl\/wp-content\/uploads\/2013\/12\/AFICHE-FERIA-VERTICAL-WEB1-731x1024.jpg 731w, https:\/\/putaendouno.cl\/wp-content\/uploads\/2013\/12\/AFICHE-FERIA-VERTICAL-WEB1.jpg 1024w\" sizes=\"auto, (max-width: 150px) 100vw, 150px\" \/><\/a>experiencia.<\/p>\n<p>Como broche de oro de este incre\u00edble fin de semana en Putaendo, el domingo 22 de diciembre desde las 10:00 horas todo el pueblo se trasladar\u00e1 hasta la plaza de Rinconada de Silva, donde se instalar\u00e1 la Feria de Artesan\u00eda y Comida Regional \u201cSaberes y Sabores\u201d de Rinconada de Silva. Seg\u00fan indic\u00f3 su organizadora, <span style=\"color: #0000ff;\">Gemma Lepe<\/span>, esta feria tiene como objetivo difundir las ra\u00edces y tradiciones artesanales y culinarias de esta localidad de Putaendo. Una linda y sabrosa actividad para disfrutar en familia.<\/p>\n<p>El Alcalde Reyes ha invitado a la comunidad a participar en estas actividades culturales, disfrutar del espect\u00e1culo y las muestras gastron\u00f3micas, y sentirse parte de esta verdadera capital del folclore y las tradiciones criollas.<\/p>\n","protected":false},"excerpt":{"rendered":"<p>La cueca, las tradiciones, la cocina chilena, el folclore son la bandera putaendina.-\u00a0 Un gran fin de semana cultural se llevar\u00e1 a cabo este s\u00e1bado 21 y domingo 22 de diciembre en la comuna de Putaendo. Tres ser\u00e1n las actividades que dar\u00e1n vida a un \u201cfinde\u201d lleno de alternativas para disfrutar de la m\u00fasica, el [&hellip;]<\/p>\n","protected":false},"author":1,"featured_media":10040,"comment_status":"open","ping_status":"open","sticky":false,"template":"","format":"standard","meta":{"footnotes":""},"categories":[15,4],"tags":[],"class_list":["post-10039","post","type-post","status-publish","format-standard","has-post-thumbnail","hentry","category-general","category-putaendo"],"jetpack_sharing_enabled":true,"jetpack_featured_media_url":"https:\/\/putaendouno.cl\/wp-content\/uploads\/2013\/12\/a-portada-cueca.jpg","_links":{"self":[{"href":"https:\/\/putaendouno.cl\/index.php?rest_route=\/wp\/v2\/posts\/10039","targetHints":{"allow":["GET"]}}],"collection":[{"href":"https:\/\/putaendouno.cl\/index.php?rest_route=\/wp\/v2\/posts"}],"about":[{"href":"https:\/\/putaendouno.cl\/index.php?rest_route=\/wp\/v2\/types\/post"}],"author":[{"embeddable":true,"href":"https:\/\/putaendouno.cl\/index.php?rest_route=\/wp\/v2\/users\/1"}],"replies":[{"embeddable":true,"href":"https:\/\/putaendouno.cl\/index.php?rest_route=%2Fwp%2Fv2%2Fcomments&post=10039"}],"version-history":[{"count":1,"href":"https:\/\/putaendouno.cl\/index.php?rest_route=\/wp\/v2\/posts\/10039\/revisions"}],"predecessor-version":[{"id":10043,"href":"https:\/\/putaendouno.cl\/index.php?rest_route=\/wp\/v2\/posts\/10039\/revisions\/10043"}],"wp:featuredmedia":[{"embeddable":true,"href":"https:\/\/putaendouno.cl\/index.php?rest_route=\/wp\/v2\/media\/10040"}],"wp:attachment":[{"href":"https:\/\/putaendouno.cl\/index.php?rest_route=%2Fwp%2Fv2%2Fmedia&parent=10039"}],"wp:term":[{"taxonomy":"category","embeddable":true,"href":"https:\/\/putaendouno.cl\/index.php?rest_route=%2Fwp%2Fv2%2Fcategories&post=10039"},{"taxonomy":"post_tag","embeddable":true,"href":"https:\/\/putaendouno.cl\/index.php?rest_route=%2Fwp%2Fv2%2Ftags&post=10039"}],"curies":[{"name":"wp","href":"https:\/\/api.w.org\/{rel}","templated":true}]}}