{"id":10035,"date":"2013-12-20T01:34:16","date_gmt":"2013-12-20T04:34:16","guid":{"rendered":"http:\/\/putaendouno.cl\/?p=10035"},"modified":"2013-12-20T01:34:51","modified_gmt":"2013-12-20T04:34:51","slug":"municipio-apoya-festival-muralista-de-putaendo","status":"publish","type":"post","link":"https:\/\/putaendouno.cl\/?p=10035","title":{"rendered":"\u00a1Municipio apoya Festival Muralista de Putaendo!"},"content":{"rendered":"<div class=\"lazysocialbuttons\" data-float=\"left\" data-buttons=\"google,twitter,facebook\" data-twshareurl=\"https:\/\/putaendouno.cl\/?p=10035\" data-twtext=\"\" data-shareurl=\"https:\/\/putaendouno.cl\/?p=10035\" data-fbhideflyout=\"false\" data-backgroundtype=\"light\"><\/div><h3><span style=\"color: #0000ff;\"><a href=\"http:\/\/putaendouno.cl\/wp-content\/uploads\/2013\/12\/mur-portada.jpg\"><img loading=\"lazy\" decoding=\"async\" class=\"aligncenter size-full wp-image-10036\" alt=\"mur portada\" src=\"http:\/\/putaendouno.cl\/wp-content\/uploads\/2013\/12\/mur-portada.jpg\" width=\"640\" height=\"318\" srcset=\"https:\/\/putaendouno.cl\/wp-content\/uploads\/2013\/12\/mur-portada.jpg 640w, https:\/\/putaendouno.cl\/wp-content\/uploads\/2013\/12\/mur-portada-300x149.jpg 300w\" sizes=\"auto, (max-width: 640px) 100vw, 640px\" \/><\/a>Alcalde firm\u00f3 carta de apoyo al proyecto de &#8220;La Cultura A La Calle&#8221; y comprometi\u00f3 su patrocinio.-<\/span><\/h3>\n<p>Llueva o truene se efectuar\u00e1 el Festival Muralista de Putaendo el s\u00e1bado 15 de febrero de 2014, D\u00eda de los Enamorados, con la participaci\u00f3n de destacados exponentes de este arte urbano y tres jurados internacionales. Todo el d\u00eda habr\u00e1 participaci\u00f3n de grupos musicales y otras expresiones de arte y folclore, en lo que promete ser una verdadera fiesta cultural como no se ha visto en la comuna.<\/p>\n<p><a href=\"http:\/\/putaendouno.cl\/wp-content\/uploads\/2013\/12\/afiche2-nota.jpg\"><img loading=\"lazy\" decoding=\"async\" class=\"alignleft size-medium wp-image-10037\" alt=\"afiche2 nota\" src=\"http:\/\/putaendouno.cl\/wp-content\/uploads\/2013\/12\/afiche2-nota-300x224.jpg\" width=\"300\" height=\"224\" srcset=\"https:\/\/putaendouno.cl\/wp-content\/uploads\/2013\/12\/afiche2-nota-300x224.jpg 300w, https:\/\/putaendouno.cl\/wp-content\/uploads\/2013\/12\/afiche2-nota.jpg 448w\" sizes=\"auto, (max-width: 300px) 100vw, 300px\" \/><\/a>El evento es una iniciativa del colectivo &#8220;La Cultura A La Calle&#8221;, que dirige la dise\u00f1adora gr\u00e1fica Susana Gallardo y ya cuenta con el auspicio del Municipio de Putaendo, Bar 27 (de San Felipe) y <span style=\"color: #0000ff;\">Putaendo Uno<\/span>.<\/p>\n<p>La idea es parte de un hermoso proyecto que pretende inundar de colores algunos muros de pandereta del casco urbano de Putaendo, para lo cual se han solicitado los permisos correspondientes, incluy\u00e9ndose una carta firmada por el propio alcalde. Algunos parlamentarios y CORE tambi\u00e9n ya comprometieron su apoyo.<\/p>\n<p>Ser\u00e1n ocho murales, de 8&#215;2 mts, todos ubicados en una importante v\u00eda de la ciudad, cuyo dise\u00f1o ser\u00e1 seleccionado mediante un concurso p\u00fablico en el que participan destacados muralistas de alcance nacional e internacional. Para acompa\u00f1ar la labor de los artistas, en un escenario ubicado en el mismo lugar, desfilar\u00e1n figuras del espect\u00e1culo, el folclore, y las mejores expresiones culturales de esta tierra, transformando el evento en un tremendo atractivo tur\u00edstico, en pleno Carnaval de La Chaya en Putaendo, lo que promete una gran afluencia de p\u00fablico.<\/p>\n<p>Aprovechando la visita de los jurados internacionales &#8211; entre los cuales est\u00e1 el Presidente de la Presidente de la &#8220;Agrupaci\u00f3n \u00cdtalo Grassi&#8221;, don Ra\u00fal Orozco, y el reconocido muralista argentino Cristi\u00e1n Del Vitto- al d\u00eda siguiente, el domingo, se realizar\u00e1 un seminario dirigido a todos los gestores culturales de Putaendo.<\/p>\n<p>Los j\u00f3venes de &#8220;La Cultura A La Calle&#8221; trabajan a todo vapor para los dise\u00f1os del afiche del evento, invitaciones, videos de promoci\u00f3n y contacto con representantes del arte y la cultura, tanto en la zona como en otras ciudades del pa\u00eds.<\/p>\n<h3>La cosa promete&#8230;Y lo que es mejor&#8230;<span style=\"color: #0000ff;\">\u00a1P<\/span><span style=\"color: #ff0000;\">U<\/span><span style=\"color: #4dd925;\">T<\/span><span style=\"color: #800080;\">A<\/span><span style=\"color: #0000ff;\">E<\/span><span style=\"color: #ff0000;\">N<\/span><span style=\"color: #4dd925;\">D<\/span><span style=\"color: #800080;\">O<\/span> <span style=\"color: #0000ff;\">S<\/span>E<span style=\"color: #00ffff;\"> I<\/span><span style=\"color: #ff0000;\">N<\/span><span style=\"color: #4dd925;\">U<\/span><span style=\"color: #0000ff;\">N<\/span><span style=\"color: #00ffff;\">D<\/span><span style=\"color: #800080;\">A<\/span> D<span style=\"color: #ff0000;\">E<\/span> <span style=\"color: #0000ff;\">C<\/span><span style=\"color: #00ffff;\">O<\/span><span style=\"color: #ff0000;\">L<\/span>O<span style=\"color: #4dd925;\">R<\/span><span style=\"color: #ff0000;\">E<\/span><span style=\"color: #0000ff;\">S!<\/span><\/h3>\n","protected":false},"excerpt":{"rendered":"<p>Alcalde firm\u00f3 carta de apoyo al proyecto de &#8220;La Cultura A La Calle&#8221; y comprometi\u00f3 su patrocinio.- Llueva o truene se efectuar\u00e1 el Festival Muralista de Putaendo el s\u00e1bado 15 de febrero de 2014, D\u00eda de los Enamorados, con la participaci\u00f3n de destacados exponentes de este arte urbano y tres jurados internacionales. Todo el d\u00eda [&hellip;]<\/p>\n","protected":false},"author":1,"featured_media":10036,"comment_status":"open","ping_status":"open","sticky":false,"template":"","format":"standard","meta":{"footnotes":""},"categories":[15,4],"tags":[],"class_list":["post-10035","post","type-post","status-publish","format-standard","has-post-thumbnail","hentry","category-general","category-putaendo"],"jetpack_sharing_enabled":true,"jetpack_featured_media_url":"https:\/\/putaendouno.cl\/wp-content\/uploads\/2013\/12\/mur-portada.jpg","_links":{"self":[{"href":"https:\/\/putaendouno.cl\/index.php?rest_route=\/wp\/v2\/posts\/10035","targetHints":{"allow":["GET"]}}],"collection":[{"href":"https:\/\/putaendouno.cl\/index.php?rest_route=\/wp\/v2\/posts"}],"about":[{"href":"https:\/\/putaendouno.cl\/index.php?rest_route=\/wp\/v2\/types\/post"}],"author":[{"embeddable":true,"href":"https:\/\/putaendouno.cl\/index.php?rest_route=\/wp\/v2\/users\/1"}],"replies":[{"embeddable":true,"href":"https:\/\/putaendouno.cl\/index.php?rest_route=%2Fwp%2Fv2%2Fcomments&post=10035"}],"version-history":[{"count":1,"href":"https:\/\/putaendouno.cl\/index.php?rest_route=\/wp\/v2\/posts\/10035\/revisions"}],"predecessor-version":[{"id":10038,"href":"https:\/\/putaendouno.cl\/index.php?rest_route=\/wp\/v2\/posts\/10035\/revisions\/10038"}],"wp:featuredmedia":[{"embeddable":true,"href":"https:\/\/putaendouno.cl\/index.php?rest_route=\/wp\/v2\/media\/10036"}],"wp:attachment":[{"href":"https:\/\/putaendouno.cl\/index.php?rest_route=%2Fwp%2Fv2%2Fmedia&parent=10035"}],"wp:term":[{"taxonomy":"category","embeddable":true,"href":"https:\/\/putaendouno.cl\/index.php?rest_route=%2Fwp%2Fv2%2Fcategories&post=10035"},{"taxonomy":"post_tag","embeddable":true,"href":"https:\/\/putaendouno.cl\/index.php?rest_route=%2Fwp%2Fv2%2Ftags&post=10035"}],"curies":[{"name":"wp","href":"https:\/\/api.w.org\/{rel}","templated":true}]}}