{"id":10032,"date":"2013-12-19T22:39:32","date_gmt":"2013-12-20T01:39:32","guid":{"rendered":"http:\/\/putaendouno.cl\/?p=10032"},"modified":"2013-12-19T22:39:32","modified_gmt":"2013-12-20T01:39:32","slug":"andina-recibe-a-mas-de-cien-estudiantes-en-practica","status":"publish","type":"post","link":"https:\/\/putaendouno.cl\/?p=10032","title":{"rendered":"Andina recibe a m\u00e1s de cien estudiantes en pr\u00e1ctica"},"content":{"rendered":"<div class=\"lazysocialbuttons\" data-float=\"left\" data-buttons=\"google,twitter,facebook\" data-twshareurl=\"https:\/\/putaendouno.cl\/?p=10032\" data-twtext=\"\" data-shareurl=\"https:\/\/putaendouno.cl\/?p=10032\" data-fbhideflyout=\"false\" data-backgroundtype=\"light\"><\/div><h3><span style=\"color: #0000ff;\"><a href=\"http:\/\/putaendouno.cl\/wp-content\/uploads\/2013\/12\/IMG_0014_1805.jpg\"><img loading=\"lazy\" decoding=\"async\" class=\"aligncenter size-full wp-image-10033\" alt=\"IMG_0014_1805\" src=\"http:\/\/putaendouno.cl\/wp-content\/uploads\/2013\/12\/IMG_0014_1805.jpg\" width=\"640\" height=\"320\" srcset=\"https:\/\/putaendouno.cl\/wp-content\/uploads\/2013\/12\/IMG_0014_1805.jpg 640w, https:\/\/putaendouno.cl\/wp-content\/uploads\/2013\/12\/IMG_0014_1805-300x150.jpg 300w\" sizes=\"auto, (max-width: 640px) 100vw, 640px\" \/><\/a>Un 42% de los nuevos practicantes en Codelco Andina corresponde a mujeres.-<\/span><\/h3>\n<p>Durante dos a tres meses ser\u00e1n parte de la organizaci\u00f3n, ocasi\u00f3n en que participar\u00e1n en las operaciones, conocer\u00e1n aspectos de seguridad, cuidado del medio ambiente y los valores que rigen a la Corporaci\u00f3n.<\/p>\n<p>Como ya es tradici\u00f3n, por estos d\u00edas cercanos a Navidad, hacen su arribo a Codelco Andina los estudiantes realizar\u00e1n su pr\u00e1ctica profesional en las faenas productivas de la Divisi\u00f3n.<\/p>\n<p>Durante dos a tres meses, los j\u00f3venes pasan a ser parte de la organizaci\u00f3n, participan de las operaciones, conocen aspectos de seguridad y cuidado del medio ambiente y adhieren a los valores que rigen a la Corporaci\u00f3n.<\/p>\n<p>Un total de 106\u00a0 estudiantes de educaci\u00f3n media t\u00e9cnico-profesional y de carreras t\u00e9cnicas y profesionales iniciaron el proceso de inducci\u00f3n este mi\u00e9rcoles 18 de diciembre. Entre ellos figura incluso un joven mexicano estudiante de ingenier\u00eda geol\u00f3gica de la Universidad Aut\u00f3noma de Chihuahua.<\/p>\n<p>Los estudiantes fueron seleccionados a trav\u00e9s de la web de Codelco, ferias laborales, as\u00ed como tambi\u00e9n se destinaron ocho cupos a j\u00f3venes que participaron del evento \u201cUna ma\u00f1ana de clases con Codelco Divisi\u00f3n Andina\u201d, que realiz\u00f3 la Divisi\u00f3n en el valle de Aconcagua, Til Til y Cabildo en agosto, en el marco del mes de la miner\u00eda.<\/p>\n<p>El gerente de Recursos Humanos, Arturo Merino, les dio la bienvenida en una ceremonia en el Centro Espa\u00f1ol y resalt\u00f3 el alto porcentaje de mujeres en este grupo, que alcanza al 42%. \u201cEstamos cambiando un paradigma. No es posible pensar en una miner\u00eda del siglo XXI sin las mujeres. Ellas tienen muchas barreras y nosotros estamos abriendo nuestras instalaciones para recibirlas en mayor n\u00famero\u201d, expres\u00f3.<\/p>\n<p>Agreg\u00f3 que no es casualidad la llegada de cada uno de los j\u00f3venes, pues fueron seleccionados entre 6.100 postulantes y a trav\u00e9s de diferentes v\u00edas.<\/p>\n<p>\u201cEst\u00e1n ingresando a una gran empresa que tiene un proyecto de futuro que queremos que lo conozcan y se formen su propia opini\u00f3n de \u00e9l. Est\u00e1n en una empresa que es la mayor productora de cobre y que tiene una historia en el pa\u00eds\u201d, agreg\u00f3.<\/p>\n<p>El ejecutivo invit\u00f3 a los j\u00f3venes a cuidarse siempre, respetar las normas de seguridad y medio ambiente, que aprendan y aprovechen este periodo, ya que es el primer acercamiento al mundo laboral.<\/p>\n<p>Por su parte, la directora de Efectividad Organizacional, Paulina Olavarr\u00eda, sostuvo que se privilegi\u00f3 a j\u00f3venes de las provincias de San Felipe y Los Andes, por lo que un 42% de ellos estudian o viven en la zona.<\/p>\n<p>Asimismo, la directora invit\u00f3 a los j\u00f3venes a asumir esta pr\u00e1ctica con mucha responsabilidad y compromiso, ya que van a ser evaluados al t\u00e9rmino del periodo y en caso de hacerlo bien podr\u00edan continuar haciendo su memoria en Divisi\u00f3n Andina o en el futuro incorporarse a la compa\u00f1\u00eda. \u201cLos vamos a estar mirando para evaluarlos. Tomen este periodo con mucha responsabilidad y sentido del deber porque es en esta etapa en que uno comienza a construir su futuro laboral\u201d, expres\u00f3.<\/p>\n<p>Pablo Landeta, estudiante de ingenier\u00eda civil industrial en la Universidad Diego Portales, har\u00e1 su pr\u00e1ctica en el Concentrador a trav\u00e9s de la Gerencia de Proyectos. \u00a0\u201cTengo altas expectativas de esta pr\u00e1ctica; me gustar\u00eda trabajar en equipo y aprender mucho porque es mi segunda pr\u00e1ctica pero primera en una minera\u201d, expres\u00f3.<\/p>\n<p>Javiera Gonz\u00e1lez, estudiante de administraci\u00f3n de empresas del Liceo Mixto de Los Andes, tambi\u00e9n deber\u00e1 desempe\u00f1arse en el concentrador por los pr\u00f3ximos tres meses que dura su pr\u00e1ctica. \u201cEstoy muy contenta porque nunca esper\u00e9 que me seleccionaran. Espero que salga lo mejor posible, tener las mejores referencias, aprender y conocer mucho\u201d, dijo.<\/p>\n<p>Por su parte, Mar\u00eda Jos\u00e9 Benario, alumna de ingenier\u00eda civil en minas de la Universidad de Chile, se sumar\u00e1 al equipo de la mina subterr\u00e1nea de la Gerencia de Minas. \u201cEsta ser\u00e1 mi primera pr\u00e1ctica por lo que pretendo aprender mucho y aplicar lo adquirido en la universidad tambi\u00e9n. Postul\u00e9 a Codelco porque es la principal empresa estatal. Me encantar\u00eda continuar luego haciendo memoria\u201d, confes\u00f3.<\/p>\n","protected":false},"excerpt":{"rendered":"<p>Un 42% de los nuevos practicantes en Codelco Andina corresponde a mujeres.- Durante dos a tres meses ser\u00e1n parte de la organizaci\u00f3n, ocasi\u00f3n en que participar\u00e1n en las operaciones, conocer\u00e1n aspectos de seguridad, cuidado del medio ambiente y los valores que rigen a la Corporaci\u00f3n. Como ya es tradici\u00f3n, por estos d\u00edas cercanos a Navidad, [&hellip;]<\/p>\n","protected":false},"author":1,"featured_media":10033,"comment_status":"open","ping_status":"open","sticky":false,"template":"","format":"standard","meta":{"footnotes":""},"categories":[15,5],"tags":[],"class_list":["post-10032","post","type-post","status-publish","format-standard","has-post-thumbnail","hentry","category-general","category-aconcagua"],"jetpack_sharing_enabled":true,"jetpack_featured_media_url":"https:\/\/putaendouno.cl\/wp-content\/uploads\/2013\/12\/IMG_0014_1805.jpg","_links":{"self":[{"href":"https:\/\/putaendouno.cl\/index.php?rest_route=\/wp\/v2\/posts\/10032","targetHints":{"allow":["GET"]}}],"collection":[{"href":"https:\/\/putaendouno.cl\/index.php?rest_route=\/wp\/v2\/posts"}],"about":[{"href":"https:\/\/putaendouno.cl\/index.php?rest_route=\/wp\/v2\/types\/post"}],"author":[{"embeddable":true,"href":"https:\/\/putaendouno.cl\/index.php?rest_route=\/wp\/v2\/users\/1"}],"replies":[{"embeddable":true,"href":"https:\/\/putaendouno.cl\/index.php?rest_route=%2Fwp%2Fv2%2Fcomments&post=10032"}],"version-history":[{"count":1,"href":"https:\/\/putaendouno.cl\/index.php?rest_route=\/wp\/v2\/posts\/10032\/revisions"}],"predecessor-version":[{"id":10034,"href":"https:\/\/putaendouno.cl\/index.php?rest_route=\/wp\/v2\/posts\/10032\/revisions\/10034"}],"wp:featuredmedia":[{"embeddable":true,"href":"https:\/\/putaendouno.cl\/index.php?rest_route=\/wp\/v2\/media\/10033"}],"wp:attachment":[{"href":"https:\/\/putaendouno.cl\/index.php?rest_route=%2Fwp%2Fv2%2Fmedia&parent=10032"}],"wp:term":[{"taxonomy":"category","embeddable":true,"href":"https:\/\/putaendouno.cl\/index.php?rest_route=%2Fwp%2Fv2%2Fcategories&post=10032"},{"taxonomy":"post_tag","embeddable":true,"href":"https:\/\/putaendouno.cl\/index.php?rest_route=%2Fwp%2Fv2%2Ftags&post=10032"}],"curies":[{"name":"wp","href":"https:\/\/api.w.org\/{rel}","templated":true}]}}