{"id":10028,"date":"2013-12-19T21:03:15","date_gmt":"2013-12-20T00:03:15","guid":{"rendered":"http:\/\/putaendouno.cl\/?p=10028"},"modified":"2013-12-19T21:03:15","modified_gmt":"2013-12-20T00:03:15","slug":"internos-de-carcel-de-valparaiso-compiten-en-festival-de-olmue","status":"publish","type":"post","link":"https:\/\/putaendouno.cl\/?p=10028","title":{"rendered":"Internos de c\u00e1rcel de Valpara\u00edso compiten en Festival de Olmu\u00e9"},"content":{"rendered":"<div class=\"lazysocialbuttons\" data-float=\"left\" data-buttons=\"google,twitter,facebook\" data-twshareurl=\"https:\/\/putaendouno.cl\/?p=10028\" data-twtext=\"\" data-shareurl=\"https:\/\/putaendouno.cl\/?p=10028\" data-fbhideflyout=\"false\" data-backgroundtype=\"light\"><\/div><h3><span style=\"color: #0000ff;\"><a href=\"http:\/\/putaendouno.cl\/wp-content\/uploads\/2013\/12\/RAY\u00c9N-TOCANDO.jpg\"><img loading=\"lazy\" decoding=\"async\" class=\"aligncenter size-full wp-image-10029\" alt=\"RAY\u00c9N TOCANDO\" src=\"http:\/\/putaendouno.cl\/wp-content\/uploads\/2013\/12\/RAY\u00c9N-TOCANDO.jpg\" width=\"640\" height=\"321\" srcset=\"https:\/\/putaendouno.cl\/wp-content\/uploads\/2013\/12\/RAY\u00c9N-TOCANDO.jpg 640w, https:\/\/putaendouno.cl\/wp-content\/uploads\/2013\/12\/RAY\u00c9N-TOCANDO-300x150.jpg 300w\" sizes=\"auto, (max-width: 640px) 100vw, 640px\" \/><\/a>Grupo Ray\u00e9n conf\u00eda que con trabajo y mucha dedicaci\u00f3n puedan obtener el primer lugar en el certamen.<\/span><\/h3>\n<div>\n<p>Aproximadamente tres a\u00f1os atr\u00e1s ocho internos del Complejo Penitenciario de Valpara\u00edso comenzaron a reunirse para tocar m\u00fasica folcl\u00f3rica. Hoy, esos mismos internos celebran su clasificaci\u00f3n a la competencia del Festival del Huaso de Olmu\u00e9, demostrando as\u00ed que lo imposible no existe.<\/p>\n<\/div>\n<p>Todos ellos describen como un sue\u00f1o hecho realidad esta participaci\u00f3n en el certamen olmue\u00edno, pues saben lo dif\u00edcil que es poder subirse al escenario del Patagual y m\u00e1s a\u00fan si se trata de personas privadas de libertad.<\/p>\n<p>Todav\u00eda emocionado por la noticia, Percy P\u00e9rez, guitarrista y tercera voz, reconoci\u00f3 que cuesta creer lo que les est\u00e1 pasando y recuerda los inicios en el recinto penitenciario.<\/p>\n<p><a href=\"http:\/\/putaendouno.cl\/wp-content\/uploads\/2013\/12\/RAYEN-2.jpg\"><img loading=\"lazy\" decoding=\"async\" class=\"alignleft  wp-image-10030\" alt=\"RAYEN 2\" src=\"http:\/\/putaendouno.cl\/wp-content\/uploads\/2013\/12\/RAYEN-2-300x200.jpg\" width=\"240\" height=\"160\" srcset=\"https:\/\/putaendouno.cl\/wp-content\/uploads\/2013\/12\/RAYEN-2-300x200.jpg 300w, https:\/\/putaendouno.cl\/wp-content\/uploads\/2013\/12\/RAYEN-2.jpg 448w\" sizes=\"auto, (max-width: 240px) 100vw, 240px\" \/><\/a>\u201cLo que comenz\u00f3 para recrearse un rato y salir un poco del sistema, se convirti\u00f3 en un sue\u00f1o, sue\u00f1o que en un principio parec\u00eda inalcanzable y que hoy se est\u00e1 haciendo realidad. Estamos llegando a algo que todos mis compa\u00f1eros so\u00f1amos desde un principio\u201d.<\/p>\n<p>Sin embargo, las dificultades propias de un recinto penitenciario han ido cediendo ante el talento de estos m\u00fasicos, que, con esfuerzo y dedicaci\u00f3n, se han ganado cada uno de los espacios brindados por gendarmer\u00eda. Rol protag\u00f3nico en este crecimiento del grupo es el que ha jugado el jefe del Complejo, Coronel Carlos Mu\u00f1oz.<\/p>\n<p>El Coronel lleg\u00f3 el a\u00f1o pasado a la unidad y de inmediato crey\u00f3 en ellos, decidiendo apoyarlos firmemente. Fue as\u00ed como en menos de un a\u00f1o el grupo pudo sacar su primer disco, se present\u00f3 en distintas comunas de la regi\u00f3n y grab\u00f3 la canci\u00f3n con la que postularon a la competencia.<\/p>\n<p>El jefe del Complejo, quien se encarg\u00f3 de la elecci\u00f3n del tema La Centinela, aclara que: \u201cCuando cre\u00edmos en Ray\u00e9n fue porque ellos tienen un talento que es natural. Me atrevo a apostar no solo por el Ray\u00e9n, me atrevo a apostar por algo m\u00e1s grande que es la reinserci\u00f3n. Ray\u00e9n son una parte de esto, son los embajadores culturales del Complejo y ejemplo de reinserci\u00f3n\u201d.<\/p>\n<p>En cuanto a las expectativas que tienen en esta XLV versi\u00f3n del Festival, donde competir\u00e1n con otros siete artistas, Bryan Aldea, percusionista del grupo, es enf\u00e1tico en aclarar que van por el primer lugar.<\/p>\n<p>\u201cMe siento orgulloso de mis compa\u00f1eros. Es un trabajo que llevamos realizando harto tiempo y se ve consolidado con la llegada a Olmu\u00e9. Vamos a seguir trabajando para tratar de ganar el Festival. Primero se pens\u00f3 en clasificar y ahora tenemos que tratar de ganarlo, estamos preparados para eso. Con trabajo y poco a poco se logran las cosas\u201d.<\/p>\n<p>Mientras llega el d\u00eda de la presentaci\u00f3n, el que a\u00fan no est\u00e1 definido, esta familia que se ha formado tras los muros ensayar\u00e1 diariamente y con m\u00e1s fuerzas ahora que han podido comprobar que los sue\u00f1os s\u00ed se pueden hacer realidad.<\/p>\n","protected":false},"excerpt":{"rendered":"<p>Grupo Ray\u00e9n conf\u00eda que con trabajo y mucha dedicaci\u00f3n puedan obtener el primer lugar en el certamen. Aproximadamente tres a\u00f1os atr\u00e1s ocho internos del Complejo Penitenciario de Valpara\u00edso comenzaron a reunirse para tocar m\u00fasica folcl\u00f3rica. Hoy, esos mismos internos celebran su clasificaci\u00f3n a la competencia del Festival del Huaso de Olmu\u00e9, demostrando as\u00ed que lo [&hellip;]<\/p>\n","protected":false},"author":1,"featured_media":10029,"comment_status":"open","ping_status":"open","sticky":false,"template":"","format":"standard","meta":{"footnotes":""},"categories":[15,5],"tags":[],"class_list":["post-10028","post","type-post","status-publish","format-standard","has-post-thumbnail","hentry","category-general","category-aconcagua"],"jetpack_sharing_enabled":true,"jetpack_featured_media_url":"https:\/\/putaendouno.cl\/wp-content\/uploads\/2013\/12\/RAY\u00c9N-TOCANDO.jpg","_links":{"self":[{"href":"https:\/\/putaendouno.cl\/index.php?rest_route=\/wp\/v2\/posts\/10028","targetHints":{"allow":["GET"]}}],"collection":[{"href":"https:\/\/putaendouno.cl\/index.php?rest_route=\/wp\/v2\/posts"}],"about":[{"href":"https:\/\/putaendouno.cl\/index.php?rest_route=\/wp\/v2\/types\/post"}],"author":[{"embeddable":true,"href":"https:\/\/putaendouno.cl\/index.php?rest_route=\/wp\/v2\/users\/1"}],"replies":[{"embeddable":true,"href":"https:\/\/putaendouno.cl\/index.php?rest_route=%2Fwp%2Fv2%2Fcomments&post=10028"}],"version-history":[{"count":1,"href":"https:\/\/putaendouno.cl\/index.php?rest_route=\/wp\/v2\/posts\/10028\/revisions"}],"predecessor-version":[{"id":10031,"href":"https:\/\/putaendouno.cl\/index.php?rest_route=\/wp\/v2\/posts\/10028\/revisions\/10031"}],"wp:featuredmedia":[{"embeddable":true,"href":"https:\/\/putaendouno.cl\/index.php?rest_route=\/wp\/v2\/media\/10029"}],"wp:attachment":[{"href":"https:\/\/putaendouno.cl\/index.php?rest_route=%2Fwp%2Fv2%2Fmedia&parent=10028"}],"wp:term":[{"taxonomy":"category","embeddable":true,"href":"https:\/\/putaendouno.cl\/index.php?rest_route=%2Fwp%2Fv2%2Fcategories&post=10028"},{"taxonomy":"post_tag","embeddable":true,"href":"https:\/\/putaendouno.cl\/index.php?rest_route=%2Fwp%2Fv2%2Ftags&post=10028"}],"curies":[{"name":"wp","href":"https:\/\/api.w.org\/{rel}","templated":true}]}}