{"id":10022,"date":"2013-12-17T17:24:10","date_gmt":"2013-12-17T20:24:10","guid":{"rendered":"http:\/\/putaendouno.cl\/?p=10022"},"modified":"2013-12-17T17:24:34","modified_gmt":"2013-12-17T20:24:34","slug":"corte-paraliza-termoelectrica-bocamina-ii-de-endesa","status":"publish","type":"post","link":"https:\/\/putaendouno.cl\/?p=10022","title":{"rendered":"Corte paraliza Termoel\u00e9ctrica Bocamina II de Endesa"},"content":{"rendered":"<div class=\"lazysocialbuttons\" data-float=\"left\" data-buttons=\"google,twitter,facebook\" data-twshareurl=\"https:\/\/putaendouno.cl\/?p=10022\" data-twtext=\"\" data-shareurl=\"https:\/\/putaendouno.cl\/?p=10022\" data-fbhideflyout=\"false\" data-backgroundtype=\"light\"><\/div><h3><span style=\"color: #0000ff;\"><a href=\"http:\/\/putaendouno.cl\/wp-content\/uploads\/2013\/12\/Bocamina-II2.jpg\"><img loading=\"lazy\" decoding=\"async\" class=\"aligncenter size-full wp-image-10023\" alt=\"Bocamina-II2\" src=\"http:\/\/putaendouno.cl\/wp-content\/uploads\/2013\/12\/Bocamina-II2.jpg\" width=\"640\" height=\"320\" srcset=\"https:\/\/putaendouno.cl\/wp-content\/uploads\/2013\/12\/Bocamina-II2.jpg 640w, https:\/\/putaendouno.cl\/wp-content\/uploads\/2013\/12\/Bocamina-II2-300x150.jpg 300w\" sizes=\"auto, (max-width: 640px) 100vw, 640px\" \/><\/a>Corte de Apelaciones de Concepci\u00f3n acogi\u00f3 recurso presentado por pescadores artesanales de Caleta Lo Rojas.-<\/span><\/h3>\n<p>La Corte de Apelaciones de Concepci\u00f3n orden\u00f3 este martes la paralizaci\u00f3n inmediata del funcionamiento de la\u00a0central termoel\u00e9ctrica Bocamina II, perteneciente a Endesa, la cual est\u00e1 ubicada en Coronel en la Regi\u00f3n del Biob\u00edo.<\/p>\n<p>Esto luego de que\u00a0se acogiera un recurso de recuperaci\u00f3n presentado por el abogado de pescadores artesanales de Caleta Lo Rojas,\u00a0Sebasti\u00e1n Inostroza.<\/p>\n<p>El abogado explic\u00f3 que &#8220;espec\u00edficamente lo que ha ordenado la Corte es que Endesa paralice el proyecto denominado Optimizaci\u00f3n de la Central Termoel\u00e9ctrica Bocamina, segunda unidad, y en especial la paralizaci\u00f3n del\u00a0turbo generador de 370 MW, de la chimenea de la planta y los ductos de aducci\u00f3n de agua de mar&#8221;.<\/p>\n<p>&#8220;Ello porque estos funcionan sin contar con una Resoluci\u00f3n de Calificaci\u00f3n Ambiental que lo autorice&#8221;, a\u00f1adi\u00f3 Inostroza\u00a0sobre el argumento que fue acogido por el tribunal.<\/p>\n<p>Indic\u00f3, adem\u00e1s, que &#8220;lo que nosotros necesitamos ahora es seguir adelante con este recurso de protecci\u00f3n para que eventualmente salga la sentencia definitiva que le ordene paralizar las faenas.\u00a0Esto solamente es una orden provisional, por lo que necesitamos confirmar esta situaci\u00f3n a trav\u00e9s de la sentencia definitiva del recurso de protecci\u00f3n.<\/p>\n<p>Esto\u00a0significa que el Sistema Interconectado Central (SIC) dejar\u00e1 de contar con la cantidad mencionada.<\/p>\n<p>La presidenta del Sindicato de Pescadores y Algueros de\u00a0Caleta Lo Rojas y dirigenta del movimiento ciudadano Despierta Coronel,\u00a0Marisol Ortega,\u00a0dijo estar contenta con la paralizaci\u00f3n de la plantal e insisti\u00f3 en que seguir\u00e1 trabajando para que tanto Bocamina I y II cierren definitivamente.<\/p>\n<p>&#8220;Cuatro de cinco a\u00f1os luchando contra un monstruo que era muy dif\u00edcil, al que nunca se le pillaban las falencias.\u00a0Ahora puedo ver que hay justicia chilena, esperando que no paralice no m\u00e1s Bocamina II, sino que tambi\u00e9n la I porque est\u00e1n las dos incurriendo en las leyes y contaminando&#8221;, asever\u00f3.<\/p>\n<p>Ortega a\u00f1adi\u00f3 que &#8220;para nosotros fue una gran noticia, vamos a seguir dando la lucha&#8221;.<\/p>\n<p>Luis Villablanca,\u00a0tambi\u00e9n dirigente de los pescadores, explic\u00f3 las complicaciones y da\u00f1os que han tenido que enfrentar desde que se instal\u00f3 la planta, indicando que &#8220;efectivamente se ha hecho justicia con la clase pobre, con la pesca artesanal.\u00a0Las extracciones de agua la reciben a 10, 12 y la entregan a 24 con temperatura de regreso. Reciben agua viva y entregan agua muerta (&#8230;)\u00a0El marisco se muri\u00f3 todo&#8221;.<\/p>\n<p>La orden de paralizaci\u00f3n se har\u00e1 efectiva una vez que Endesa sea notificada de la resoluci\u00f3n.<\/p>\n<p>Eso s\u00ed, durante este martes se inform\u00f3, extraoficialmente, que Endesa desde el 6 de diciembre Bocamina II est\u00e1 en mantenci\u00f3n y fuera del Sistema Interconectado Central.<\/p>\n","protected":false},"excerpt":{"rendered":"<p>Corte de Apelaciones de Concepci\u00f3n acogi\u00f3 recurso presentado por pescadores artesanales de Caleta Lo Rojas.- La Corte de Apelaciones de Concepci\u00f3n orden\u00f3 este martes la paralizaci\u00f3n inmediata del funcionamiento de la\u00a0central termoel\u00e9ctrica Bocamina II, perteneciente a Endesa, la cual est\u00e1 ubicada en Coronel en la Regi\u00f3n del Biob\u00edo. Esto luego de que\u00a0se acogiera un recurso [&hellip;]<\/p>\n","protected":false},"author":1,"featured_media":10023,"comment_status":"open","ping_status":"open","sticky":false,"template":"","format":"standard","meta":{"footnotes":""},"categories":[7,15],"tags":[],"class_list":["post-10022","post","type-post","status-publish","format-standard","has-post-thumbnail","hentry","category-nacionales-y-otras","category-general"],"jetpack_sharing_enabled":true,"jetpack_featured_media_url":"https:\/\/putaendouno.cl\/wp-content\/uploads\/2013\/12\/Bocamina-II2.jpg","_links":{"self":[{"href":"https:\/\/putaendouno.cl\/index.php?rest_route=\/wp\/v2\/posts\/10022","targetHints":{"allow":["GET"]}}],"collection":[{"href":"https:\/\/putaendouno.cl\/index.php?rest_route=\/wp\/v2\/posts"}],"about":[{"href":"https:\/\/putaendouno.cl\/index.php?rest_route=\/wp\/v2\/types\/post"}],"author":[{"embeddable":true,"href":"https:\/\/putaendouno.cl\/index.php?rest_route=\/wp\/v2\/users\/1"}],"replies":[{"embeddable":true,"href":"https:\/\/putaendouno.cl\/index.php?rest_route=%2Fwp%2Fv2%2Fcomments&post=10022"}],"version-history":[{"count":1,"href":"https:\/\/putaendouno.cl\/index.php?rest_route=\/wp\/v2\/posts\/10022\/revisions"}],"predecessor-version":[{"id":10024,"href":"https:\/\/putaendouno.cl\/index.php?rest_route=\/wp\/v2\/posts\/10022\/revisions\/10024"}],"wp:featuredmedia":[{"embeddable":true,"href":"https:\/\/putaendouno.cl\/index.php?rest_route=\/wp\/v2\/media\/10023"}],"wp:attachment":[{"href":"https:\/\/putaendouno.cl\/index.php?rest_route=%2Fwp%2Fv2%2Fmedia&parent=10022"}],"wp:term":[{"taxonomy":"category","embeddable":true,"href":"https:\/\/putaendouno.cl\/index.php?rest_route=%2Fwp%2Fv2%2Fcategories&post=10022"},{"taxonomy":"post_tag","embeddable":true,"href":"https:\/\/putaendouno.cl\/index.php?rest_route=%2Fwp%2Fv2%2Ftags&post=10022"}],"curies":[{"name":"wp","href":"https:\/\/api.w.org\/{rel}","templated":true}]}}