{"id":10019,"date":"2013-12-17T17:09:07","date_gmt":"2013-12-17T20:09:07","guid":{"rendered":"http:\/\/putaendouno.cl\/?p=10019"},"modified":"2013-12-17T17:09:07","modified_gmt":"2013-12-17T20:09:07","slug":"walker-y-pc-en-el-gobierno-la-dc-siempre-ha-sido-inclusiva","status":"publish","type":"post","link":"https:\/\/putaendouno.cl\/?p=10019","title":{"rendered":"Walker y PC en el Gobierno: &#8220;La DC siempre ha sido inclusiva&#8221;"},"content":{"rendered":"<div class=\"lazysocialbuttons\" data-float=\"left\" data-buttons=\"google,twitter,facebook\" data-twshareurl=\"https:\/\/putaendouno.cl\/?p=10019\" data-twtext=\"\" data-shareurl=\"https:\/\/putaendouno.cl\/?p=10019\" data-fbhideflyout=\"false\" data-backgroundtype=\"light\"><\/div><h3><span style=\"color: #0000ff;\"><a href=\"http:\/\/putaendouno.cl\/wp-content\/uploads\/2013\/12\/iw-teill.jpg\"><img loading=\"lazy\" decoding=\"async\" class=\"aligncenter size-full wp-image-10020\" alt=\"iw teill\" src=\"http:\/\/putaendouno.cl\/wp-content\/uploads\/2013\/12\/iw-teill.jpg\" width=\"640\" height=\"320\" srcset=\"https:\/\/putaendouno.cl\/wp-content\/uploads\/2013\/12\/iw-teill.jpg 640w, https:\/\/putaendouno.cl\/wp-content\/uploads\/2013\/12\/iw-teill-300x150.jpg 300w\" sizes=\"auto, (max-width: 640px) 100vw, 640px\" \/><\/a>&#8220;Nosotros respetaremos lo que resuelva la Presidenta&#8221;, dijo el timonel DC.-<\/span><\/h3>\n<p>Ignacio Walker sabe que existen diferencias de fondo con el Partido Comunista, por ello tiene cierto resquemor con la posibilidad de que la colectividad presidida por Guillermo Teillier forme parte del gobierno de la Presidenta\u00a0electa, Michelle Bachelet. Aunque, subraya de inmediato que \u201ceso lo va a resolver\u201d la futura mandataria.<\/p>\n<p>Si bien ya no dice que \u201cle cuesta imaginar\u201d a una\u00a0administraci\u00f3n\u00a0donde convivan la DC y el PC, advierte que \u201cuna cosa es ser oposici\u00f3n y otra cosa es conformar un gobierno conjunto [con un partido] cuyo referente es el r\u00e9gimen castrista, de los hermanos Castro, o el chavismo en Venezuela. Nosotros nos identificamos con los disidentes cubanos\u201d.<\/p>\n<p>En\u00a0entrevista\u00a0con\u00a0<em>Radio Agricultura<\/em>, el timonel de la falange se modera y aclara que \u201ctenemos diferencias con ese partido. Pero el problema de Chile no son ellos, sino que es la desigualdad, el abuso\u201d.<\/p>\n<p>\u201cEn el debate de Anatel no hubo ni una sola\u00a0pregunta\u00a0sobre el PC. Eso no significa que no sea importante, que no tengamos diferencias. Las tenemos, son diferencias de fondo, pero eso lo va a resolver Michelle Bachelet\u201d, acot\u00f3 Walker.<\/p>\n<p>En esa l\u00ednea, adelanta que la Democracia Cristiana sostendr\u00e1 un encuentro con el diputado Guillermo Teillier para dialogar sobre las diferencias y las visiones conjuntas de Chile, \u201cas\u00ed que lo peor ser\u00eda un prejuicio. La DC nunca en la historia ha estado marcada por el signo de la exclusi\u00f3n. Al contrario, ha estado marcada por la inclusi\u00f3n\u201d.<\/p>\n<p>Por su parte, el secretario general del Partido Comunista, Lautaro Carmona, precis\u00f3 que \u201cla incorporaci\u00f3n al Gabinete es una competencia exclusiva de la Presidenta de la Rep\u00fablica, Michelle Bachelet, y nosotros seremos respetuosos de esa competencia sin ninguna duda\u201d.<\/p>\n<p>\u201cNo est\u00e1 en debate nuestro compromiso con el aporte para que el programa sea realidad y la transformaci\u00f3n de Chile en definitiva sea lo que curse y se eval\u00fae en la gesti\u00f3n de Gobierno y al final de lo que sea este Gobierno que para mi gusto va a marcar un hecho hist\u00f3rico. Lo que vamos a hacer en el Comit\u00e9 Central de los d\u00edas s\u00e1bado y domingo es manifestar nuestra voluntad de estar a disposici\u00f3n de, si la Presidenta as\u00ed lo estima, formar parte de este Gobierno en tareas de Gobierno\u201d, sostuvo en entrevista con<em>\u00a0Radio Cooperativa<\/em>.<\/p>\n<p>\u201cSomos un partido que tiene su metodolog\u00eda colectiva, que tiene consultas e intercambio regular con todas las estructuras que tiene el Partido Comunista. Consideramos que es serio, que es significativo, que el Partido Comunista no discute a cada rato ser parte de un Gobierno. El Partido Comunista en su historia ha sido parte de dos gobiernos solamente\u201d, concluy\u00f3.<\/p>\n<p>(RA\/EM\/P1\/SCh)<\/p>\n","protected":false},"excerpt":{"rendered":"<p>&#8220;Nosotros respetaremos lo que resuelva la Presidenta&#8221;, dijo el timonel DC.- Ignacio Walker sabe que existen diferencias de fondo con el Partido Comunista, por ello tiene cierto resquemor con la posibilidad de que la colectividad presidida por Guillermo Teillier forme parte del gobierno de la Presidenta\u00a0electa, Michelle Bachelet. Aunque, subraya de inmediato que \u201ceso lo [&hellip;]<\/p>\n","protected":false},"author":1,"featured_media":10020,"comment_status":"open","ping_status":"open","sticky":false,"template":"","format":"standard","meta":{"footnotes":""},"categories":[15],"tags":[],"class_list":["post-10019","post","type-post","status-publish","format-standard","has-post-thumbnail","hentry","category-general"],"jetpack_sharing_enabled":true,"jetpack_featured_media_url":"https:\/\/putaendouno.cl\/wp-content\/uploads\/2013\/12\/iw-teill.jpg","_links":{"self":[{"href":"https:\/\/putaendouno.cl\/index.php?rest_route=\/wp\/v2\/posts\/10019","targetHints":{"allow":["GET"]}}],"collection":[{"href":"https:\/\/putaendouno.cl\/index.php?rest_route=\/wp\/v2\/posts"}],"about":[{"href":"https:\/\/putaendouno.cl\/index.php?rest_route=\/wp\/v2\/types\/post"}],"author":[{"embeddable":true,"href":"https:\/\/putaendouno.cl\/index.php?rest_route=\/wp\/v2\/users\/1"}],"replies":[{"embeddable":true,"href":"https:\/\/putaendouno.cl\/index.php?rest_route=%2Fwp%2Fv2%2Fcomments&post=10019"}],"version-history":[{"count":1,"href":"https:\/\/putaendouno.cl\/index.php?rest_route=\/wp\/v2\/posts\/10019\/revisions"}],"predecessor-version":[{"id":10021,"href":"https:\/\/putaendouno.cl\/index.php?rest_route=\/wp\/v2\/posts\/10019\/revisions\/10021"}],"wp:featuredmedia":[{"embeddable":true,"href":"https:\/\/putaendouno.cl\/index.php?rest_route=\/wp\/v2\/media\/10020"}],"wp:attachment":[{"href":"https:\/\/putaendouno.cl\/index.php?rest_route=%2Fwp%2Fv2%2Fmedia&parent=10019"}],"wp:term":[{"taxonomy":"category","embeddable":true,"href":"https:\/\/putaendouno.cl\/index.php?rest_route=%2Fwp%2Fv2%2Fcategories&post=10019"},{"taxonomy":"post_tag","embeddable":true,"href":"https:\/\/putaendouno.cl\/index.php?rest_route=%2Fwp%2Fv2%2Ftags&post=10019"}],"curies":[{"name":"wp","href":"https:\/\/api.w.org\/{rel}","templated":true}]}}