{"id":10012,"date":"2013-12-17T16:44:03","date_gmt":"2013-12-17T19:44:03","guid":{"rendered":"http:\/\/putaendouno.cl\/?p=10012"},"modified":"2013-12-17T16:44:03","modified_gmt":"2013-12-17T19:44:03","slug":"papa-francisco-desayuna-con-vagabundos","status":"publish","type":"post","link":"https:\/\/putaendouno.cl\/?p=10012","title":{"rendered":"Papa Francisco desayuna con vagabundos"},"content":{"rendered":"<div class=\"lazysocialbuttons\" data-float=\"left\" data-buttons=\"google,twitter,facebook\" data-twshareurl=\"https:\/\/putaendouno.cl\/?p=10012\" data-twtext=\"\" data-shareurl=\"https:\/\/putaendouno.cl\/?p=10012\" data-fbhideflyout=\"false\" data-backgroundtype=\"light\"><\/div><h3><span style=\"color: #0000ff;\"><a href=\"http:\/\/putaendouno.cl\/wp-content\/uploads\/2013\/12\/apa.jpg\"><img loading=\"lazy\" decoding=\"async\" class=\"aligncenter size-full wp-image-10013\" alt=\"apa\" src=\"http:\/\/putaendouno.cl\/wp-content\/uploads\/2013\/12\/apa.jpg\" width=\"640\" height=\"319\" srcset=\"https:\/\/putaendouno.cl\/wp-content\/uploads\/2013\/12\/apa.jpg 640w, https:\/\/putaendouno.cl\/wp-content\/uploads\/2013\/12\/apa-300x149.jpg 300w\" sizes=\"auto, (max-width: 640px) 100vw, 640px\" \/><\/a>Celebr\u00f3 su cumplea\u00f1os 77\u00ba desayunando con cuatro vagabundos a los que invit\u00f3 a su casa.-<\/span><\/h3>\n<p>El papa Francisco invit\u00f3 este martes en el d\u00eda que celebra su 77 cumplea\u00f1os\u00a0a cuatro vagabundos a que asistiesen a la misa que celebra cada ma\u00f1ana en la residencia de Santa Marta y posteriormente desayunaron juntos, inform\u00f3 la oficina de prensa del Vaticano.<\/p>\n<p>Las cuatro personas que acudieron hoy a Santa Marta, donde reside Francisco, fueron elegidas por el limosnero del papa, el polaco Konrad Krajewski, entre aquellas sin hogar que viven a la intemperie en el barrio aleda\u00f1o al Vaticano.<\/p>\n<p>En la misa de esta ma\u00f1ana, el papa quiso al ser su cumplea\u00f1os que estuvieran presente el personal que trabaja en Santa Marta, apunt\u00f3 la oficina de prensa vaticana.<\/p>\n<p>Al final de la misa, el director de la Casa de Santa Marta, Battista Rica, invit\u00f3 a los presentes a cantar &#8220;Feliz cumplea\u00f1os&#8221; al papa.<\/p>\n<p>Despu\u00e9s, los asistentes a la misa y los cuatro vagabundos acudieron al comedor de Santa Marta a desayunar.<\/p>\n<p>La jornada del papa continua y no hay ning\u00fan acto especial previsto, ya que como record\u00f3 el portavoz de la oficina de prensa, Federico Lombardi, en el Vaticano se celebra el onom\u00e1stico y no el cumplea\u00f1os.<\/p>\n<p>(Cp\/P1\/EFE)<\/p>\n","protected":false},"excerpt":{"rendered":"<p>Celebr\u00f3 su cumplea\u00f1os 77\u00ba desayunando con cuatro vagabundos a los que invit\u00f3 a su casa.- El papa Francisco invit\u00f3 este martes en el d\u00eda que celebra su 77 cumplea\u00f1os\u00a0a cuatro vagabundos a que asistiesen a la misa que celebra cada ma\u00f1ana en la residencia de Santa Marta y posteriormente desayunaron juntos, inform\u00f3 la oficina de [&hellip;]<\/p>\n","protected":false},"author":1,"featured_media":10013,"comment_status":"open","ping_status":"open","sticky":false,"template":"","format":"standard","meta":{"footnotes":""},"categories":[15],"tags":[],"class_list":["post-10012","post","type-post","status-publish","format-standard","has-post-thumbnail","hentry","category-general"],"jetpack_sharing_enabled":true,"jetpack_featured_media_url":"https:\/\/putaendouno.cl\/wp-content\/uploads\/2013\/12\/apa.jpg","_links":{"self":[{"href":"https:\/\/putaendouno.cl\/index.php?rest_route=\/wp\/v2\/posts\/10012","targetHints":{"allow":["GET"]}}],"collection":[{"href":"https:\/\/putaendouno.cl\/index.php?rest_route=\/wp\/v2\/posts"}],"about":[{"href":"https:\/\/putaendouno.cl\/index.php?rest_route=\/wp\/v2\/types\/post"}],"author":[{"embeddable":true,"href":"https:\/\/putaendouno.cl\/index.php?rest_route=\/wp\/v2\/users\/1"}],"replies":[{"embeddable":true,"href":"https:\/\/putaendouno.cl\/index.php?rest_route=%2Fwp%2Fv2%2Fcomments&post=10012"}],"version-history":[{"count":1,"href":"https:\/\/putaendouno.cl\/index.php?rest_route=\/wp\/v2\/posts\/10012\/revisions"}],"predecessor-version":[{"id":10014,"href":"https:\/\/putaendouno.cl\/index.php?rest_route=\/wp\/v2\/posts\/10012\/revisions\/10014"}],"wp:featuredmedia":[{"embeddable":true,"href":"https:\/\/putaendouno.cl\/index.php?rest_route=\/wp\/v2\/media\/10013"}],"wp:attachment":[{"href":"https:\/\/putaendouno.cl\/index.php?rest_route=%2Fwp%2Fv2%2Fmedia&parent=10012"}],"wp:term":[{"taxonomy":"category","embeddable":true,"href":"https:\/\/putaendouno.cl\/index.php?rest_route=%2Fwp%2Fv2%2Fcategories&post=10012"},{"taxonomy":"post_tag","embeddable":true,"href":"https:\/\/putaendouno.cl\/index.php?rest_route=%2Fwp%2Fv2%2Ftags&post=10012"}],"curies":[{"name":"wp","href":"https:\/\/api.w.org\/{rel}","templated":true}]}}