{"id":4470,"date":"2013-06-22T22:51:19","date_gmt":"2013-06-23T02:51:19","guid":{"rendered":"http:\/\/putaendouno.cl\/?p=4470"},"modified":"2013-06-22T22:51:19","modified_gmt":"2013-06-23T02:51:19","slug":"patrimonial-canto-a-lo-divino-en-misa-de-putaendo","status":"publish","type":"post","link":"http:\/\/putaendouno.cl\/?p=4470","title":{"rendered":"Patrimonial Canto a lo Divino en misa de Putaendo"},"content":{"rendered":"<div class=\"lazysocialbuttons\" data-float=\"left\" data-buttons=\"google,twitter,facebook\" data-twshareurl=\"http:\/\/putaendouno.cl\/?p=4470\" data-twtext=\"\" data-shareurl=\"http:\/\/putaendouno.cl\/?p=4470\" data-fbhideflyout=\"false\" data-backgroundtype=\"light\"><\/div><h3><a href=\"http:\/\/putaendouno.cl\/wp-content\/uploads\/2013\/06\/div-port.jpg\"><img loading=\"lazy\" decoding=\"async\" class=\"aligncenter size-full wp-image-4472\" alt=\"div port\" src=\"http:\/\/putaendouno.cl\/wp-content\/uploads\/2013\/06\/div-port.jpg\" width=\"640\" height=\"320\" srcset=\"http:\/\/putaendouno.cl\/wp-content\/uploads\/2013\/06\/div-port.jpg 640w, http:\/\/putaendouno.cl\/wp-content\/uploads\/2013\/06\/div-port-300x150.jpg 300w\" sizes=\"auto, (max-width: 640px) 100vw, 640px\" \/><\/a>Cada cuarto s\u00e1bado del mes se hace misa cantada a lo divino, con visitantes de toda la V Regi\u00f3n que valoran este tesoro patrimonial.-<\/h3>\n<p>Encabezados por don Pedro Estay, todos los cuartos s\u00e1bados de cada mes, la misa de las 19:30 hrs en la Iglesia de Putaendo adquiere un ambiente especial. Y es que las oraciones son acompa\u00f1adas por el inconfundible sonsonete de las d\u00e9cimas de los cantores a lo divino y el sonoro arpegio de los guitarrones y guitarras, am\u00e9n del melodioso viol\u00edn del maestro Miguel D\u00edaz.<\/p>\n<p>Rompe el estribillo de un &#8220;esc\u00fachanos Se\u00f1or te rogamos&#8221; con el \u00edmpetu de seis guitaras tocando, o un &#8220;Padre Nuestro&#8221; cantado por don Pedro. La guitarra magistral de Julio Quijanes acompa\u00f1a las ofrendas y las voces tradicionales de don Armando y don Daniel, alabando a Dios en d\u00e9cimas cantadas.<\/p>\n<p><a href=\"http:\/\/putaendouno.cl\/wp-content\/uploads\/2013\/06\/div-3-pedro.jpg\"><img loading=\"lazy\" decoding=\"async\" class=\"alignleft  wp-image-4473\" alt=\"div 3 pedro\" src=\"http:\/\/putaendouno.cl\/wp-content\/uploads\/2013\/06\/div-3-pedro-256x300.jpg\" width=\"154\" height=\"180\" srcset=\"http:\/\/putaendouno.cl\/wp-content\/uploads\/2013\/06\/div-3-pedro-256x300.jpg 256w, http:\/\/putaendouno.cl\/wp-content\/uploads\/2013\/06\/div-3-pedro.jpg 336w\" sizes=\"auto, (max-width: 154px) 100vw, 154px\" \/><\/a>Eso es lo que se vivi\u00f3 en la misa de este s\u00e1bado en Putaendo. Miguel D\u00edaz, de Granallas; Julio Quijanes, de Calle Brasil; Daniel Berr\u00edos y Jos\u00e9 Mart\u00edn Vargas, de Piguch\u00e9n; Juan Gallardo y Armando Henr\u00edquez, de Vicu\u00f1a; y Rodolfo Estay con Pedro Estay, de Granallas; conforman el grupo que acompa\u00f1\u00f3 la misa este s\u00e1bado diferente, que concluy\u00f3 con &#8220;Rosa y Azahar&#8221; y &#8220;Bendita sea Tu pureza&#8221;, cantadas en honor a la Virgen.<\/p>\n<p>Los cantores gustosos quisieron retratarse para <span style=\"color: #0000ff;\">Putaendo Uno<\/span>, y desenfundaron sus guitarras. Don Pedro (foto izq.) corri\u00f3 a buscar una banca &#8220;porque hay que hacerlo como Dios manda -dijo- sentados como caballeros que somos&#8221;.<\/p>\n<p>El Padre Pedro Salinas, gestor de esta idea, se\u00f1al\u00f3 que &#8220;siempre he sostenido que un pueblo sin tradiciones deja de ser pueblo. <a href=\"http:\/\/putaendouno.cl\/wp-content\/uploads\/2013\/06\/padre-pedro-salinas1.jpg\"><img loading=\"lazy\" decoding=\"async\" class=\"alignright  wp-image-4471\" alt=\"padre pedro salinas1\" src=\"http:\/\/putaendouno.cl\/wp-content\/uploads\/2013\/06\/padre-pedro-salinas1-300x252.jpg\" width=\"180\" height=\"151\" srcset=\"http:\/\/putaendouno.cl\/wp-content\/uploads\/2013\/06\/padre-pedro-salinas1-300x252.jpg 300w, http:\/\/putaendouno.cl\/wp-content\/uploads\/2013\/06\/padre-pedro-salinas1.jpg 325w\" sizes=\"auto, (max-width: 180px) 100vw, 180px\" \/><\/a>Nuestros &#8220;Cantores a lo divino&#8221; son parte de las tradiciones putaendinas m\u00e1s arraigadas en su pasado cultural y folcl\u00f3rico. Su canto alaba y bendice a Dios y a la Virgen, cantando el evangelio en d\u00e9cimas y agradeciendo lo que nos da Nuestro Se\u00f1or&#8221;.<\/p>\n<p>Y luego agreg\u00f3 &#8220;esto que hacemos cada cuarto s\u00e1bado es nuestro aporte y el de los cantores al rescate de un tesoro patrimonial de Putaendo. La gente debe saber que en estas oportunidades la misa es especial, y ya nos vienen a visitar desde muchos rincones de Aconcagua; a la gente le gusta y valora esta tradici\u00f3n. As\u00ed que la invitaci\u00f3n ya est\u00e1 lanzada, para que toda nuestra comunidad venga a conocer y disfrutar esta hermosa forma de alabar a Dios&#8221;, finaliz\u00f3 el Presb\u00edtero.<\/p>\n<p>Los cantores, dirigidos por don Pedro Estay, se fueron apuraditos al t\u00e9rmino de la misa, pues tambi\u00e9n, cada s\u00e1bado, a las 9 de la noche, van a la Radio Provincial de Putaendo (1550 AM), a participar en el programa &#8220;Aqu\u00ed cantamos a lo humano y lo divino&#8221;, que se escucha en los m\u00e1s rec\u00f3nditos lugares de Aconcagua, desde hace m\u00e1s de 20 a\u00f1os. Linda forma de resguardar la riqueza patrimonial de esta hermosa tierra.<\/p>\n\n\t\t<style type=\"text\/css\">\n\t\t\t#gallery-1 {\n\t\t\t\tmargin: auto;\n\t\t\t}\n\t\t\t#gallery-1 .gallery-item {\n\t\t\t\tfloat: left;\n\t\t\t\tmargin-top: 10px;\n\t\t\t\ttext-align: center;\n\t\t\t\twidth: 33%;\n\t\t\t}\n\t\t\t#gallery-1 img {\n\t\t\t\tborder: 2px solid #cfcfcf;\n\t\t\t}\n\t\t\t#gallery-1 .gallery-caption {\n\t\t\t\tmargin-left: 0;\n\t\t\t}\n\t\t\t\/* see gallery_shortcode() in wp-includes\/media.php *\/\n\t\t<\/style>\n\t\t<div id='gallery-1' class='gallery galleryid-4470 gallery-columns-3 gallery-size-thumbnail'><dl class='gallery-item'>\n\t\t\t<dt class='gallery-icon landscape'>\n\t\t\t\t<a href='http:\/\/putaendouno.cl\/?attachment_id=4474'><img loading=\"lazy\" decoding=\"async\" width=\"150\" height=\"150\" src=\"http:\/\/putaendouno.cl\/wp-content\/uploads\/2013\/06\/div-pedro-150x150.jpg\" class=\"attachment-thumbnail size-thumbnail\" alt=\"\" \/><\/a>\n\t\t\t<\/dt><\/dl><dl class='gallery-item'>\n\t\t\t<dt class='gallery-icon landscape'>\n\t\t\t\t<a href='http:\/\/putaendouno.cl\/?attachment_id=4476'><img loading=\"lazy\" decoding=\"async\" width=\"150\" height=\"150\" src=\"http:\/\/putaendouno.cl\/wp-content\/uploads\/2013\/06\/div1-150x150.jpg\" class=\"attachment-thumbnail size-thumbnail\" alt=\"\" \/><\/a>\n\t\t\t<\/dt><\/dl><dl class='gallery-item'>\n\t\t\t<dt class='gallery-icon landscape'>\n\t\t\t\t<a href='http:\/\/putaendouno.cl\/?attachment_id=4477'><img loading=\"lazy\" decoding=\"async\" width=\"150\" height=\"150\" src=\"http:\/\/putaendouno.cl\/wp-content\/uploads\/2013\/06\/div2-150x150.jpg\" class=\"attachment-thumbnail size-thumbnail\" alt=\"\" \/><\/a>\n\t\t\t<\/dt><\/dl><br style=\"clear: both\" \/><dl class='gallery-item'>\n\t\t\t<dt class='gallery-icon landscape'>\n\t\t\t\t<a href='http:\/\/putaendouno.cl\/?attachment_id=4478'><img loading=\"lazy\" decoding=\"async\" width=\"150\" height=\"150\" src=\"http:\/\/putaendouno.cl\/wp-content\/uploads\/2013\/06\/div4-julio-150x150.jpg\" class=\"attachment-thumbnail size-thumbnail\" alt=\"\" \/><\/a>\n\t\t\t<\/dt><\/dl><dl class='gallery-item'>\n\t\t\t<dt class='gallery-icon landscape'>\n\t\t\t\t<a href='http:\/\/putaendouno.cl\/?attachment_id=4479'><img loading=\"lazy\" decoding=\"async\" width=\"150\" height=\"150\" src=\"http:\/\/putaendouno.cl\/wp-content\/uploads\/2013\/06\/div5-150x150.jpg\" class=\"attachment-thumbnail size-thumbnail\" alt=\"\" \/><\/a>\n\t\t\t<\/dt><\/dl><dl class='gallery-item'>\n\t\t\t<dt class='gallery-icon landscape'>\n\t\t\t\t<a href='http:\/\/putaendouno.cl\/?attachment_id=4480'><img loading=\"lazy\" decoding=\"async\" width=\"150\" height=\"150\" src=\"http:\/\/putaendouno.cl\/wp-content\/uploads\/2013\/06\/div6-150x150.jpg\" class=\"attachment-thumbnail size-thumbnail\" alt=\"\" \/><\/a>\n\t\t\t<\/dt><\/dl><br style=\"clear: both\" \/>\n\t\t<\/div>\n\n","protected":false},"excerpt":{"rendered":"<p>Cada cuarto s\u00e1bado del mes se hace misa cantada a lo divino, con visitantes de toda la V Regi\u00f3n que valoran este tesoro patrimonial.- Encabezados por don Pedro Estay, todos los cuartos s\u00e1bados de cada mes, la misa de las 19:30 hrs en la Iglesia de Putaendo adquiere un ambiente especial. Y es que las [&hellip;]<\/p>\n","protected":false},"author":1,"featured_media":4472,"comment_status":"open","ping_status":"open","sticky":false,"template":"","format":"standard","meta":{"footnotes":""},"categories":[15,4],"tags":[],"class_list":["post-4470","post","type-post","status-publish","format-standard","has-post-thumbnail","hentry","category-general","category-putaendo"],"jetpack_sharing_enabled":true,"jetpack_featured_media_url":"http:\/\/putaendouno.cl\/wp-content\/uploads\/2013\/06\/div-port.jpg","_links":{"self":[{"href":"http:\/\/putaendouno.cl\/index.php?rest_route=\/wp\/v2\/posts\/4470","targetHints":{"allow":["GET"]}}],"collection":[{"href":"http:\/\/putaendouno.cl\/index.php?rest_route=\/wp\/v2\/posts"}],"about":[{"href":"http:\/\/putaendouno.cl\/index.php?rest_route=\/wp\/v2\/types\/post"}],"author":[{"embeddable":true,"href":"http:\/\/putaendouno.cl\/index.php?rest_route=\/wp\/v2\/users\/1"}],"replies":[{"embeddable":true,"href":"http:\/\/putaendouno.cl\/index.php?rest_route=%2Fwp%2Fv2%2Fcomments&post=4470"}],"version-history":[{"count":2,"href":"http:\/\/putaendouno.cl\/index.php?rest_route=\/wp\/v2\/posts\/4470\/revisions"}],"predecessor-version":[{"id":4482,"href":"http:\/\/putaendouno.cl\/index.php?rest_route=\/wp\/v2\/posts\/4470\/revisions\/4482"}],"wp:featuredmedia":[{"embeddable":true,"href":"http:\/\/putaendouno.cl\/index.php?rest_route=\/wp\/v2\/media\/4472"}],"wp:attachment":[{"href":"http:\/\/putaendouno.cl\/index.php?rest_route=%2Fwp%2Fv2%2Fmedia&parent=4470"}],"wp:term":[{"taxonomy":"category","embeddable":true,"href":"http:\/\/putaendouno.cl\/index.php?rest_route=%2Fwp%2Fv2%2Fcategories&post=4470"},{"taxonomy":"post_tag","embeddable":true,"href":"http:\/\/putaendouno.cl\/index.php?rest_route=%2Fwp%2Fv2%2Ftags&post=4470"}],"curies":[{"name":"wp","href":"https:\/\/api.w.org\/{rel}","templated":true}]}}