{"id":29205,"date":"2024-02-06T16:47:54","date_gmt":"2024-02-06T19:47:54","guid":{"rendered":"http:\/\/putaendouno.cl\/?p=29205"},"modified":"2024-02-06T16:51:31","modified_gmt":"2024-02-06T19:51:31","slug":"confirma-muerte-de-ex-presidente-pinera-en-accidente-aereo","status":"publish","type":"post","link":"http:\/\/putaendouno.cl\/?p=29205","title":{"rendered":"Confirman muerte de ex Presidente Pi\u00f1era en accidente a\u00e9reo"},"content":{"rendered":"<div class=\"lazysocialbuttons\" data-float=\"left\" data-buttons=\"google,twitter,facebook\" data-twshareurl=\"http:\/\/putaendouno.cl\/?p=29205\" data-twtext=\"\" data-shareurl=\"http:\/\/putaendouno.cl\/?p=29205\" data-fbhideflyout=\"false\" data-backgroundtype=\"light\"><\/div><div class=\"post-content clearfix\">\n<div class=\"banners-contenido-nota-5978425\">\n<h2><span style=\"color: #0000ff;\"><strong><img loading=\"lazy\" decoding=\"async\" class=\" wp-image-29206 aligncenter\" src=\"http:\/\/putaendouno.cl\/wp-content\/uploads\/2024\/02\/Pinera-empresario-e1707248327855-300x144.jpg\" alt=\"\" width=\"640\" height=\"307\" srcset=\"http:\/\/putaendouno.cl\/wp-content\/uploads\/2024\/02\/Pinera-empresario-e1707248327855-300x144.jpg 300w, http:\/\/putaendouno.cl\/wp-content\/uploads\/2024\/02\/Pinera-empresario-e1707248327855.jpg 640w\" sizes=\"auto, (max-width: 640px) 100vw, 640px\" \/>Su helic\u00f3ptero capot\u00f3 sobre el lago Ranco mientras \u00e9l pilotaba.-<\/strong><\/span><\/h2>\n<p>Fuentes de radio B\u00edo B\u00edo confirmaron que el ex presidente Sebasti\u00e1n Pi\u00f1era (74) muri\u00f3 en el accidente del helic\u00f3ptero que cay\u00f3 este martes en medio del Lago Ranco, en la regi\u00f3n de Los R\u00edos.<\/p>\n<p>De acuerdo con los primeros antecedentes, el tr\u00e1gico hecho ocurri\u00f3 a las 14:57 horas, en el sector rural de Ilihue.<\/p>\n<p>La aeronave despeg\u00f3 en medio de una jornada de lluvia en la zona y, tras unos minutos de vuelo, perdi\u00f3 la sustentaci\u00f3n y cay\u00f3.<\/p>\n<p>Hasta el momento, se inform\u00f3 que junto al exmandatario iban 3 familiares: una hermana (Magdalena), su cu\u00f1ado y un nieto, quienes lograron salir del helic\u00f3ptero y llegar a la orilla. El piloto, que correspond\u00eda al expresidente, no habr\u00eda llegado.<\/p>\n<p>Por ahora, se se\u00f1al\u00f3 que el fuselaje de la aeronave se encuentra entre 40 a 45 metros de profundidad. Las razones por las que se precipit\u00f3 la aeronave ser\u00e1n materia de investigaci\u00f3n.<\/p>\n<p>Luego de los trabajos realizados por los buzos especializados, el cuerpo del expresidente Pi\u00f1era fue rescatado desde el fondo del Lago Ranco.<\/p>\n<\/div>\n<\/div>\n<div class=\"botones-google-news-wsp\">\n<div class=\"google-news\"><\/div>\n<\/div>\n","protected":false},"excerpt":{"rendered":"<p>Su helic\u00f3ptero capot\u00f3 sobre el lago Ranco mientras \u00e9l pilotaba.- Fuentes de radio B\u00edo B\u00edo confirmaron que el ex presidente Sebasti\u00e1n Pi\u00f1era (74) muri\u00f3 en el accidente del helic\u00f3ptero que cay\u00f3 este martes en medio del Lago Ranco, en la regi\u00f3n de Los R\u00edos. De acuerdo con los primeros antecedentes, el tr\u00e1gico hecho ocurri\u00f3 a [&hellip;]<\/p>\n","protected":false},"author":1,"featured_media":29206,"comment_status":"open","ping_status":"open","sticky":false,"template":"","format":"standard","meta":{"footnotes":""},"categories":[7,15],"tags":[],"class_list":["post-29205","post","type-post","status-publish","format-standard","has-post-thumbnail","hentry","category-nacionales-y-otras","category-general"],"jetpack_sharing_enabled":true,"jetpack_featured_media_url":"http:\/\/putaendouno.cl\/wp-content\/uploads\/2024\/02\/Pinera-empresario-e1707248327855.jpg","_links":{"self":[{"href":"http:\/\/putaendouno.cl\/index.php?rest_route=\/wp\/v2\/posts\/29205","targetHints":{"allow":["GET"]}}],"collection":[{"href":"http:\/\/putaendouno.cl\/index.php?rest_route=\/wp\/v2\/posts"}],"about":[{"href":"http:\/\/putaendouno.cl\/index.php?rest_route=\/wp\/v2\/types\/post"}],"author":[{"embeddable":true,"href":"http:\/\/putaendouno.cl\/index.php?rest_route=\/wp\/v2\/users\/1"}],"replies":[{"embeddable":true,"href":"http:\/\/putaendouno.cl\/index.php?rest_route=%2Fwp%2Fv2%2Fcomments&post=29205"}],"version-history":[{"count":3,"href":"http:\/\/putaendouno.cl\/index.php?rest_route=\/wp\/v2\/posts\/29205\/revisions"}],"predecessor-version":[{"id":29210,"href":"http:\/\/putaendouno.cl\/index.php?rest_route=\/wp\/v2\/posts\/29205\/revisions\/29210"}],"wp:featuredmedia":[{"embeddable":true,"href":"http:\/\/putaendouno.cl\/index.php?rest_route=\/wp\/v2\/media\/29206"}],"wp:attachment":[{"href":"http:\/\/putaendouno.cl\/index.php?rest_route=%2Fwp%2Fv2%2Fmedia&parent=29205"}],"wp:term":[{"taxonomy":"category","embeddable":true,"href":"http:\/\/putaendouno.cl\/index.php?rest_route=%2Fwp%2Fv2%2Fcategories&post=29205"},{"taxonomy":"post_tag","embeddable":true,"href":"http:\/\/putaendouno.cl\/index.php?rest_route=%2Fwp%2Fv2%2Ftags&post=29205"}],"curies":[{"name":"wp","href":"https:\/\/api.w.org\/{rel}","templated":true}]}}