{"id":29169,"date":"2024-01-20T23:22:34","date_gmt":"2024-01-21T02:22:34","guid":{"rendered":"https:\/\/putaendouno.cl\/?p=29169"},"modified":"2024-01-20T23:27:11","modified_gmt":"2024-01-21T02:27:11","slug":"la-cueca-dijo-presente-en-rinconada-de-silva","status":"publish","type":"post","link":"http:\/\/putaendouno.cl\/?p=29169","title":{"rendered":"La cueca dijo presente en Rinconada de Silva"},"content":{"rendered":"<div class=\"lazysocialbuttons\" data-float=\"left\" data-buttons=\"google,twitter,facebook\" data-twshareurl=\"http:\/\/putaendouno.cl\/?p=29169\" data-twtext=\"\" data-shareurl=\"http:\/\/putaendouno.cl\/?p=29169\" data-fbhideflyout=\"false\" data-backgroundtype=\"light\"><\/div><h2 dir=\"auto\"><strong><span style=\"color: #0000ff;\"><img loading=\"lazy\" decoding=\"async\" class=\"aligncenter size-full wp-image-29170\" src=\"http:\/\/putaendouno.cl\/wp-content\/uploads\/2024\/01\/Almoravies-e1705803669442.jpg\" alt=\"\" width=\"650\" height=\"266\" srcset=\"http:\/\/putaendouno.cl\/wp-content\/uploads\/2024\/01\/Almoravies-e1705803669442.jpg 650w, http:\/\/putaendouno.cl\/wp-content\/uploads\/2024\/01\/Almoravies-e1705803669442-300x123.jpg 300w, http:\/\/putaendouno.cl\/wp-content\/uploads\/2024\/01\/Almoravies-e1705803669442-640x262.jpg 640w\" sizes=\"auto, (max-width: 650px) 100vw, 650px\" \/><\/span><\/strong><\/h2>\n<h2><span style=\"color: #0000ff;\"><strong>Las cuecas centrinas y bravas hicieron bailar a todos.-<\/strong><\/span><\/h2>\n<p>Durante la primera jornada de las Jornadas Musicales de Rinconada de Silva, efectuada este viernes 19, el Municipio putaendino puso toda la carne a la parrilla para destacar el folclore chileno, con un lindo escenario y un sonido espectacular.<\/p>\n<p>Primero fue la gran presentaci\u00f3n del grupo de danza folcl\u00f3rica Renacer Cuequero, que muestra una estupenda evoluci\u00f3n bajo la mano de Jorge Cofr\u00e9. Coreograf\u00edas muy bien cuidadas y sincronizadas entre los bailarines, con atuendos que resaltaban la gallard\u00eda de los participantes.<\/p>\n<p>Luego fue el turno del grupo Alborada, de Temuco, una gran muestra de maestr\u00eda y calidad. Con un sonido tradicional de guitarras, a las que luego se incorpor\u00f3 el acorde\u00f3n, fueron desfilando tonadas tradicionales y las mejores cuecas del repertorio chileno, destacando el cuidado de los arreglos vocales, de los cuales el grupo siempre ha hecho gala.<\/p>\n<p>Por \u00faltimo llegaron las cuecas bravas del Conjunto Almoravies, que con un sonido y repertorio propio hizo bailar al p\u00fablico. Gran despliegue de Jorge Rodr\u00edguez y la grata incorporaci\u00f3n de Alonso &#8220;Nene&#8221; Barahona en un teclado que solo le falt\u00f3 hablar. Pegaron el grito en cualquier parte, dominando el arte de la cueca brava, haciendo incluso un gui\u00f1o al gran Nano N\u00fa\u00f1ez. Terminaron con un cl\u00e1sico que hicieran famoso Los Chileneros: La Flor de la Verbena. Felicitaciones cuequeros andinos.<\/p>\n","protected":false},"excerpt":{"rendered":"<p>Las cuecas centrinas y bravas hicieron bailar a todos.- Durante la primera jornada de las Jornadas Musicales de Rinconada de Silva, efectuada este viernes 19, el Municipio putaendino puso toda la carne a la parrilla para destacar el folclore chileno, con un lindo escenario y un sonido espectacular. Primero fue la gran presentaci\u00f3n del grupo [&hellip;]<\/p>\n","protected":false},"author":1,"featured_media":29170,"comment_status":"open","ping_status":"open","sticky":false,"template":"","format":"standard","meta":{"footnotes":""},"categories":[15,4],"tags":[],"class_list":["post-29169","post","type-post","status-publish","format-standard","has-post-thumbnail","hentry","category-general","category-putaendo"],"jetpack_sharing_enabled":true,"jetpack_featured_media_url":"http:\/\/putaendouno.cl\/wp-content\/uploads\/2024\/01\/Almoravies-e1705803669442.jpg","_links":{"self":[{"href":"http:\/\/putaendouno.cl\/index.php?rest_route=\/wp\/v2\/posts\/29169","targetHints":{"allow":["GET"]}}],"collection":[{"href":"http:\/\/putaendouno.cl\/index.php?rest_route=\/wp\/v2\/posts"}],"about":[{"href":"http:\/\/putaendouno.cl\/index.php?rest_route=\/wp\/v2\/types\/post"}],"author":[{"embeddable":true,"href":"http:\/\/putaendouno.cl\/index.php?rest_route=\/wp\/v2\/users\/1"}],"replies":[{"embeddable":true,"href":"http:\/\/putaendouno.cl\/index.php?rest_route=%2Fwp%2Fv2%2Fcomments&post=29169"}],"version-history":[{"count":5,"href":"http:\/\/putaendouno.cl\/index.php?rest_route=\/wp\/v2\/posts\/29169\/revisions"}],"predecessor-version":[{"id":29175,"href":"http:\/\/putaendouno.cl\/index.php?rest_route=\/wp\/v2\/posts\/29169\/revisions\/29175"}],"wp:featuredmedia":[{"embeddable":true,"href":"http:\/\/putaendouno.cl\/index.php?rest_route=\/wp\/v2\/media\/29170"}],"wp:attachment":[{"href":"http:\/\/putaendouno.cl\/index.php?rest_route=%2Fwp%2Fv2%2Fmedia&parent=29169"}],"wp:term":[{"taxonomy":"category","embeddable":true,"href":"http:\/\/putaendouno.cl\/index.php?rest_route=%2Fwp%2Fv2%2Fcategories&post=29169"},{"taxonomy":"post_tag","embeddable":true,"href":"http:\/\/putaendouno.cl\/index.php?rest_route=%2Fwp%2Fv2%2Ftags&post=29169"}],"curies":[{"name":"wp","href":"https:\/\/api.w.org\/{rel}","templated":true}]}}