{"id":29158,"date":"2024-01-19T12:38:35","date_gmt":"2024-01-19T15:38:35","guid":{"rendered":"https:\/\/putaendouno.cl\/?p=29158"},"modified":"2024-01-19T17:34:59","modified_gmt":"2024-01-19T20:34:59","slug":"municipio-de-putaendo-invita-a-jornadas-musicales","status":"publish","type":"post","link":"http:\/\/putaendouno.cl\/?p=29158","title":{"rendered":"Municipio de Putaendo invita a Jornadas Musicales"},"content":{"rendered":"<div class=\"lazysocialbuttons\" data-float=\"left\" data-buttons=\"google,twitter,facebook\" data-twshareurl=\"http:\/\/putaendouno.cl\/?p=29158\" data-twtext=\"\" data-shareurl=\"http:\/\/putaendouno.cl\/?p=29158\" data-fbhideflyout=\"false\" data-backgroundtype=\"light\"><\/div><div class=\"xdj266r x11i5rnm xat24cr x1mh8g0r x1vvkbs x126k92a\">\n<h2 dir=\"auto\"><strong><span style=\"color: #0000ff;\"><img loading=\"lazy\" decoding=\"async\" class=\"aligncenter size-full wp-image-29159\" src=\"http:\/\/putaendouno.cl\/wp-content\/uploads\/2024\/01\/419355420_753545576807856_5733709568000423757_n-e1705678576373.jpg\" alt=\"\" width=\"778\" height=\"276\" srcset=\"http:\/\/putaendouno.cl\/wp-content\/uploads\/2024\/01\/419355420_753545576807856_5733709568000423757_n-e1705678576373.jpg 778w, http:\/\/putaendouno.cl\/wp-content\/uploads\/2024\/01\/419355420_753545576807856_5733709568000423757_n-e1705678576373-300x106.jpg 300w, http:\/\/putaendouno.cl\/wp-content\/uploads\/2024\/01\/419355420_753545576807856_5733709568000423757_n-e1705678576373-640x227.jpg 640w, http:\/\/putaendouno.cl\/wp-content\/uploads\/2024\/01\/419355420_753545576807856_5733709568000423757_n-e1705678576373-768x272.jpg 768w\" sizes=\"auto, (max-width: 778px) 100vw, 778px\" \/><\/span><\/strong><\/h2>\n<h2><span style=\"color: #0000ff;\">Municipio de Putaendo invita a Jornadas Musicales de Rinconada de Silva.-<\/span><\/h2>\n<p>El alcalde Mauricio Quiroz y el Concejo Municipal invitan a toda la comunidad de Putaendo y alrededores a participar de una nueva edici\u00f3n de las Jornadas Musicales &#8220;Rinconada de Silva 2024&#8221;.<\/p>\n<p>Con una parrilla de artistas muy diversa y una oferta gastron\u00f3mica local se desarrollar\u00e1 esta nueva versi\u00f3n de esta hermosa fiesta putaendina, llena de m\u00fasica, tradiciones y exquisita comida para los paseantes.<\/p>\n<p>El viernes 19 y s\u00e1bado 20 de enero desde las 21.00 horas, en la Plaza Fernando Aldunce para disfrutar de dos noches llenas de folclor, danza, m\u00fasica del recuerdo, cumbia cl\u00e1sica y un grato ambiente familiar.<\/p>\n<p>\u00a1\u00a1Entrada liberada!!<\/p>\n<\/div>\n<div class=\"x11i5rnm xat24cr x1mh8g0r x1vvkbs xtlvy1s x126k92a\">\n<div dir=\"auto\"><img loading=\"lazy\" decoding=\"async\" class=\"aligncenter wp-image-29161\" src=\"http:\/\/putaendouno.cl\/wp-content\/uploads\/2024\/01\/419355420_753545576807856_5733709568000423757_n-1.jpg\" alt=\"\" width=\"559\" height=\"559\" srcset=\"http:\/\/putaendouno.cl\/wp-content\/uploads\/2024\/01\/419355420_753545576807856_5733709568000423757_n-1.jpg 1055w, http:\/\/putaendouno.cl\/wp-content\/uploads\/2024\/01\/419355420_753545576807856_5733709568000423757_n-1-300x300.jpg 300w, http:\/\/putaendouno.cl\/wp-content\/uploads\/2024\/01\/419355420_753545576807856_5733709568000423757_n-1-320x320.jpg 320w, http:\/\/putaendouno.cl\/wp-content\/uploads\/2024\/01\/419355420_753545576807856_5733709568000423757_n-1-150x150.jpg 150w, http:\/\/putaendouno.cl\/wp-content\/uploads\/2024\/01\/419355420_753545576807856_5733709568000423757_n-1-768x768.jpg 768w\" sizes=\"auto, (max-width: 559px) 100vw, 559px\" \/><\/div>\n<\/div>\n","protected":false},"excerpt":{"rendered":"<p>Municipio de Putaendo invita a Jornadas Musicales de Rinconada de Silva.- El alcalde Mauricio Quiroz y el Concejo Municipal invitan a toda la comunidad de Putaendo y alrededores a participar de una nueva edici\u00f3n de las Jornadas Musicales &#8220;Rinconada de Silva 2024&#8221;. Con una parrilla de artistas muy diversa y una oferta gastron\u00f3mica local se [&hellip;]<\/p>\n","protected":false},"author":1,"featured_media":29159,"comment_status":"open","ping_status":"open","sticky":false,"template":"","format":"standard","meta":{"footnotes":""},"categories":[15,4],"tags":[],"class_list":["post-29158","post","type-post","status-publish","format-standard","has-post-thumbnail","hentry","category-general","category-putaendo"],"jetpack_sharing_enabled":true,"jetpack_featured_media_url":"http:\/\/putaendouno.cl\/wp-content\/uploads\/2024\/01\/419355420_753545576807856_5733709568000423757_n-e1705678576373.jpg","_links":{"self":[{"href":"http:\/\/putaendouno.cl\/index.php?rest_route=\/wp\/v2\/posts\/29158","targetHints":{"allow":["GET"]}}],"collection":[{"href":"http:\/\/putaendouno.cl\/index.php?rest_route=\/wp\/v2\/posts"}],"about":[{"href":"http:\/\/putaendouno.cl\/index.php?rest_route=\/wp\/v2\/types\/post"}],"author":[{"embeddable":true,"href":"http:\/\/putaendouno.cl\/index.php?rest_route=\/wp\/v2\/users\/1"}],"replies":[{"embeddable":true,"href":"http:\/\/putaendouno.cl\/index.php?rest_route=%2Fwp%2Fv2%2Fcomments&post=29158"}],"version-history":[{"count":3,"href":"http:\/\/putaendouno.cl\/index.php?rest_route=\/wp\/v2\/posts\/29158\/revisions"}],"predecessor-version":[{"id":29164,"href":"http:\/\/putaendouno.cl\/index.php?rest_route=\/wp\/v2\/posts\/29158\/revisions\/29164"}],"wp:featuredmedia":[{"embeddable":true,"href":"http:\/\/putaendouno.cl\/index.php?rest_route=\/wp\/v2\/media\/29159"}],"wp:attachment":[{"href":"http:\/\/putaendouno.cl\/index.php?rest_route=%2Fwp%2Fv2%2Fmedia&parent=29158"}],"wp:term":[{"taxonomy":"category","embeddable":true,"href":"http:\/\/putaendouno.cl\/index.php?rest_route=%2Fwp%2Fv2%2Fcategories&post=29158"},{"taxonomy":"post_tag","embeddable":true,"href":"http:\/\/putaendouno.cl\/index.php?rest_route=%2Fwp%2Fv2%2Ftags&post=29158"}],"curies":[{"name":"wp","href":"https:\/\/api.w.org\/{rel}","templated":true}]}}