{"id":29093,"date":"2023-09-11T18:06:00","date_gmt":"2023-09-11T21:06:00","guid":{"rendered":"http:\/\/putaendouno.cl\/?p=29093"},"modified":"2023-09-11T18:22:30","modified_gmt":"2023-09-11T21:22:30","slug":"querida-estilista-abre-escuela-en-aconcagua","status":"publish","type":"post","link":"http:\/\/putaendouno.cl\/?p=29093","title":{"rendered":"Querida estilista abre escuela en Aconcagua"},"content":{"rendered":"<div class=\"lazysocialbuttons\" data-float=\"left\" data-buttons=\"google,twitter,facebook\" data-twshareurl=\"http:\/\/putaendouno.cl\/?p=29093\" data-twtext=\"\" data-shareurl=\"http:\/\/putaendouno.cl\/?p=29093\" data-fbhideflyout=\"false\" data-backgroundtype=\"light\"><\/div><div class=\"xdj266r x11i5rnm xat24cr x1mh8g0r x1vvkbs x126k92a\">\n<h2 dir=\"auto\"><span style=\"color: #0000ff;\"><img loading=\"lazy\" decoding=\"async\" class=\"aligncenter wp-image-29095\" src=\"http:\/\/putaendouno.cl\/wp-content\/uploads\/2023\/09\/WhatsApp-Image-2023-09-08-at-20.28.00-240x320.jpeg\" alt=\"\" width=\"521\" height=\"694\" srcset=\"http:\/\/putaendouno.cl\/wp-content\/uploads\/2023\/09\/WhatsApp-Image-2023-09-08-at-20.28.00-240x320.jpeg 240w, http:\/\/putaendouno.cl\/wp-content\/uploads\/2023\/09\/WhatsApp-Image-2023-09-08-at-20.28.00-225x300.jpeg 225w, http:\/\/putaendouno.cl\/wp-content\/uploads\/2023\/09\/WhatsApp-Image-2023-09-08-at-20.28.00-768x1023.jpeg 768w, http:\/\/putaendouno.cl\/wp-content\/uploads\/2023\/09\/WhatsApp-Image-2023-09-08-at-20.28.00-1153x1536.jpeg 1153w, http:\/\/putaendouno.cl\/wp-content\/uploads\/2023\/09\/WhatsApp-Image-2023-09-08-at-20.28.00.jpeg 1200w\" sizes=\"auto, (max-width: 521px) 100vw, 521px\" \/><\/span><\/h2>\n<h2><span style=\"color: #0000ff;\"><strong>La mejor estilista, colorista y asesora de imagen, Valeska Herrera, decide traspasar su maestr\u00eda en el rubro.-<\/strong><\/span><\/h2>\n<p><img loading=\"lazy\" decoding=\"async\" class=\"alignleft wp-image-29094\" src=\"http:\/\/putaendouno.cl\/wp-content\/uploads\/2023\/09\/WhatsApp-Image-2023-09-08-at-20.03.44-198x320.jpeg\" alt=\"\" width=\"79\" height=\"128\" srcset=\"http:\/\/putaendouno.cl\/wp-content\/uploads\/2023\/09\/WhatsApp-Image-2023-09-08-at-20.03.44-198x320.jpeg 198w, http:\/\/putaendouno.cl\/wp-content\/uploads\/2023\/09\/WhatsApp-Image-2023-09-08-at-20.03.44-185x300.jpeg 185w, http:\/\/putaendouno.cl\/wp-content\/uploads\/2023\/09\/WhatsApp-Image-2023-09-08-at-20.03.44-768x1244.jpeg 768w, http:\/\/putaendouno.cl\/wp-content\/uploads\/2023\/09\/WhatsApp-Image-2023-09-08-at-20.03.44-948x1536.jpeg 948w, http:\/\/putaendouno.cl\/wp-content\/uploads\/2023\/09\/WhatsApp-Image-2023-09-08-at-20.03.44.jpeg 988w\" sizes=\"auto, (max-width: 79px) 100vw, 79px\" \/>Despu\u00e9s de mucho esfuerzo, dedicaci\u00f3n y mucha entrega a la peluquer\u00eda en Chile, con estudios en Argentina, Espa\u00f1a y Francia, esta verdadera maestra del estilismo llega a conquistar el valle de Aconcagua con mucha valent\u00eda.<\/p>\n<p>Comienza en la plaza de su amado Putaendo, con su \u201cpeluquer\u00eda m\u00f3vil\u201d, y luego extiende sus servicios hacia las sedes sociales de la comuna, acercando la peluquer\u00eda hasta los clientes, modalidad que a\u00fan utiliza hasta hoy, para llegar a los sectores rurales m\u00e1s alejados, como Piguch\u00e9n.<\/p>\n<p>En ocasiones, durante los fines de semana lleva su servicio m\u00f3vil hasta el Parque Municipal de Putaendo, donde recibe a grandes y chicos. \u201cEl parque de Putaendo ha sido un lugar m\u00e1gico para m\u00ed\u201d, relata Valeska. Muy agradecida de la recepci\u00f3n del p\u00fablico en Putaendo y todo el valle, menciona que \u201cfue muy importante para desarrollar mi peluquer\u00eda m\u00f3vil, mis clientes han sido un apoyo incondicional, la gente del valle es maravillosa\u201d, dice.<\/p>\n<p><img loading=\"lazy\" decoding=\"async\" class=\"alignleft wp-image-29096\" src=\"http:\/\/putaendouno.cl\/wp-content\/uploads\/2023\/09\/WhatsApp-Image-2023-09-08-at-20.29.04-240x320.jpeg\" alt=\"\" width=\"75\" height=\"100\" srcset=\"http:\/\/putaendouno.cl\/wp-content\/uploads\/2023\/09\/WhatsApp-Image-2023-09-08-at-20.29.04-240x320.jpeg 240w, http:\/\/putaendouno.cl\/wp-content\/uploads\/2023\/09\/WhatsApp-Image-2023-09-08-at-20.29.04-225x300.jpeg 225w, http:\/\/putaendouno.cl\/wp-content\/uploads\/2023\/09\/WhatsApp-Image-2023-09-08-at-20.29.04-768x1023.jpeg 768w, http:\/\/putaendouno.cl\/wp-content\/uploads\/2023\/09\/WhatsApp-Image-2023-09-08-at-20.29.04-1153x1536.jpeg 1153w, http:\/\/putaendouno.cl\/wp-content\/uploads\/2023\/09\/WhatsApp-Image-2023-09-08-at-20.29.04.jpeg 1200w\" sizes=\"auto, (max-width: 75px) 100vw, 75px\" \/>Ya con 26 a\u00f1os de trayectoria, la peluquer\u00eda merece todo su reconocimiento, pues naci\u00f3 en una familia de estilistas y se cas\u00f3 con la profesi\u00f3n hace muchos a\u00f1os, oficio que le apasiona cada d\u00eda m\u00e1s. \u201cLa peluquer\u00eda me ha visto sufrir y ser inmensamente feliz. Por eso siempre trato de rendir el mejor servicio a mis clientes y en cada uno trato de dejar un homenaje a la peluquer\u00eda\u201d.<\/p>\n<p>Hoy ya tiene su propio local en San Felipe, en Avenida Yungay #1311, hasta donde van llegando los clientes. Para agendar hora de atenci\u00f3n basta llamar o escribir un mensaje al +56946225253.<\/p>\n<p><img loading=\"lazy\" decoding=\"async\" class=\"alignleft wp-image-29103\" src=\"http:\/\/putaendouno.cl\/wp-content\/uploads\/2023\/09\/WhatsApp-Image-2023-09-08-at-20.48.34-240x320.jpeg\" alt=\"\" width=\"73\" height=\"97\" srcset=\"http:\/\/putaendouno.cl\/wp-content\/uploads\/2023\/09\/WhatsApp-Image-2023-09-08-at-20.48.34-240x320.jpeg 240w, http:\/\/putaendouno.cl\/wp-content\/uploads\/2023\/09\/WhatsApp-Image-2023-09-08-at-20.48.34-225x300.jpeg 225w, http:\/\/putaendouno.cl\/wp-content\/uploads\/2023\/09\/WhatsApp-Image-2023-09-08-at-20.48.34-768x1023.jpeg 768w, http:\/\/putaendouno.cl\/wp-content\/uploads\/2023\/09\/WhatsApp-Image-2023-09-08-at-20.48.34-1153x1536.jpeg 1153w, http:\/\/putaendouno.cl\/wp-content\/uploads\/2023\/09\/WhatsApp-Image-2023-09-08-at-20.48.34.jpeg 1200w\" sizes=\"auto, (max-width: 73px) 100vw, 73px\" \/>Siempre intentando dar un mejor servicio, Valeska comenzar\u00e1 a traspasar su maestr\u00eda en el estilismo a<img loading=\"lazy\" decoding=\"async\" class=\"alignright wp-image-29098\" src=\"http:\/\/putaendouno.cl\/wp-content\/uploads\/2023\/09\/WhatsApp-Image-2023-09-08-at-20.32.21-180x320.jpeg\" alt=\"\" width=\"102\" height=\"181\" srcset=\"http:\/\/putaendouno.cl\/wp-content\/uploads\/2023\/09\/WhatsApp-Image-2023-09-08-at-20.32.21-180x320.jpeg 180w, http:\/\/putaendouno.cl\/wp-content\/uploads\/2023\/09\/WhatsApp-Image-2023-09-08-at-20.32.21-169x300.jpeg 169w, http:\/\/putaendouno.cl\/wp-content\/uploads\/2023\/09\/WhatsApp-Image-2023-09-08-at-20.32.21-768x1366.jpeg 768w, http:\/\/putaendouno.cl\/wp-content\/uploads\/2023\/09\/WhatsApp-Image-2023-09-08-at-20.32.21-864x1536.jpeg 864w, http:\/\/putaendouno.cl\/wp-content\/uploads\/2023\/09\/WhatsApp-Image-2023-09-08-at-20.32.21.jpeg 899w\" sizes=\"auto, (max-width: 102px) 100vw, 102px\" \/> todos quienes quieran emprender en este rubro, extendiendo su conocimiento como \u201cInstructor de Peluquer\u00eda\u201d. \u201cMucho le debo a mis padres (foto derecha), dos tremendos maestros del estilismo, quienes me han traspasado la pasi\u00f3n por este oficio, desde que estuve en Valdivia, o en Putaendo y San Felipe. Por eso quiero entregar lo que yo he aprendido para beneficiar a mas personas dispuestas a aprender, a poner tanta pasi\u00f3n como yo\u201d, destaca la profesional.<\/p>\n<p>Valeska hace un llamado a quienes quieran comenzar en este rubro a inscribirse y estudiar con ella, ya que pronto iniciar\u00e1 con mucho \u00edmpetu y entusiasmo su Escuela de Peluquer\u00eda, revelando a sus estudiantes todos los mejores secretos del mejor estilismo profesional.<\/p>\n<p>Ella reitera su agradecimiento con la gente del valle de Aconcagua, con su familia, con sus hijas (fotos izq.). Por eso nos regala una galer\u00eda de im\u00e1genes, para compartir los buenos momentos.<\/p>\n<\/div>\n<div class=\"x11i5rnm xat24cr x1mh8g0r x1vvkbs xtlvy1s x126k92a\">\n<div dir=\"auto\">\n\n\t\t<style type=\"text\/css\">\n\t\t\t#gallery-1 {\n\t\t\t\tmargin: auto;\n\t\t\t}\n\t\t\t#gallery-1 .gallery-item {\n\t\t\t\tfloat: left;\n\t\t\t\tmargin-top: 10px;\n\t\t\t\ttext-align: center;\n\t\t\t\twidth: 33%;\n\t\t\t}\n\t\t\t#gallery-1 img {\n\t\t\t\tborder: 2px solid #cfcfcf;\n\t\t\t}\n\t\t\t#gallery-1 .gallery-caption {\n\t\t\t\tmargin-left: 0;\n\t\t\t}\n\t\t\t\/* see gallery_shortcode() in wp-includes\/media.php *\/\n\t\t<\/style>\n\t\t<div id='gallery-1' class='gallery galleryid-29093 gallery-columns-3 gallery-size-thumbnail'><dl class='gallery-item'>\n\t\t\t<dt class='gallery-icon portrait'>\n\t\t\t\t<a href='http:\/\/putaendouno.cl\/?attachment_id=29105'><img loading=\"lazy\" decoding=\"async\" width=\"150\" height=\"150\" src=\"http:\/\/putaendouno.cl\/wp-content\/uploads\/2023\/09\/WhatsApp-Image-2023-09-08-at-21.38.22-150x150.jpeg\" class=\"attachment-thumbnail size-thumbnail\" alt=\"\" \/><\/a>\n\t\t\t<\/dt><\/dl><dl class='gallery-item'>\n\t\t\t<dt class='gallery-icon portrait'>\n\t\t\t\t<a href='http:\/\/putaendouno.cl\/?attachment_id=29102'><img loading=\"lazy\" decoding=\"async\" width=\"150\" height=\"150\" src=\"http:\/\/putaendouno.cl\/wp-content\/uploads\/2023\/09\/WhatsApp-Image-2023-09-08-at-20.46.53-150x150.jpeg\" class=\"attachment-thumbnail size-thumbnail\" alt=\"\" \/><\/a>\n\t\t\t<\/dt><\/dl><dl class='gallery-item'>\n\t\t\t<dt class='gallery-icon portrait'>\n\t\t\t\t<a href='http:\/\/putaendouno.cl\/?attachment_id=29101'><img loading=\"lazy\" decoding=\"async\" width=\"150\" height=\"150\" src=\"http:\/\/putaendouno.cl\/wp-content\/uploads\/2023\/09\/WhatsApp-Image-2023-09-08-at-20.33.55-150x150.jpeg\" class=\"attachment-thumbnail size-thumbnail\" alt=\"\" \/><\/a>\n\t\t\t<\/dt><\/dl><br style=\"clear: both\" \/><dl class='gallery-item'>\n\t\t\t<dt class='gallery-icon portrait'>\n\t\t\t\t<a href='http:\/\/putaendouno.cl\/?attachment_id=29099'><img loading=\"lazy\" decoding=\"async\" width=\"150\" height=\"150\" src=\"http:\/\/putaendouno.cl\/wp-content\/uploads\/2023\/09\/WhatsApp-Image-2023-09-08-at-20.33.30-150x150.jpeg\" class=\"attachment-thumbnail size-thumbnail\" alt=\"\" \/><\/a>\n\t\t\t<\/dt><\/dl><dl class='gallery-item'>\n\t\t\t<dt class='gallery-icon portrait'>\n\t\t\t\t<a href='http:\/\/putaendouno.cl\/?attachment_id=29097'><img loading=\"lazy\" decoding=\"async\" width=\"150\" height=\"150\" src=\"http:\/\/putaendouno.cl\/wp-content\/uploads\/2023\/09\/WhatsApp-Image-2023-09-08-at-20.30.57-150x150.jpeg\" class=\"attachment-thumbnail size-thumbnail\" alt=\"\" \/><\/a>\n\t\t\t<\/dt><\/dl>\n\t\t\t<br style='clear: both' \/>\n\t\t<\/div>\n\n<\/div>\n<\/div>\n","protected":false},"excerpt":{"rendered":"<p>La mejor estilista, colorista y asesora de imagen, Valeska Herrera, decide traspasar su maestr\u00eda en el rubro.- Despu\u00e9s de mucho esfuerzo, dedicaci\u00f3n y mucha entrega a la peluquer\u00eda en Chile, con estudios en Argentina, Espa\u00f1a y Francia, esta verdadera maestra del estilismo llega a conquistar el valle de Aconcagua con mucha valent\u00eda. Comienza en la [&hellip;]<\/p>\n","protected":false},"author":1,"featured_media":29095,"comment_status":"open","ping_status":"open","sticky":false,"template":"","format":"standard","meta":{"footnotes":""},"categories":[5],"tags":[],"class_list":["post-29093","post","type-post","status-publish","format-standard","has-post-thumbnail","hentry","category-aconcagua"],"jetpack_sharing_enabled":true,"jetpack_featured_media_url":"http:\/\/putaendouno.cl\/wp-content\/uploads\/2023\/09\/WhatsApp-Image-2023-09-08-at-20.28.00.jpeg","_links":{"self":[{"href":"http:\/\/putaendouno.cl\/index.php?rest_route=\/wp\/v2\/posts\/29093","targetHints":{"allow":["GET"]}}],"collection":[{"href":"http:\/\/putaendouno.cl\/index.php?rest_route=\/wp\/v2\/posts"}],"about":[{"href":"http:\/\/putaendouno.cl\/index.php?rest_route=\/wp\/v2\/types\/post"}],"author":[{"embeddable":true,"href":"http:\/\/putaendouno.cl\/index.php?rest_route=\/wp\/v2\/users\/1"}],"replies":[{"embeddable":true,"href":"http:\/\/putaendouno.cl\/index.php?rest_route=%2Fwp%2Fv2%2Fcomments&post=29093"}],"version-history":[{"count":5,"href":"http:\/\/putaendouno.cl\/index.php?rest_route=\/wp\/v2\/posts\/29093\/revisions"}],"predecessor-version":[{"id":29110,"href":"http:\/\/putaendouno.cl\/index.php?rest_route=\/wp\/v2\/posts\/29093\/revisions\/29110"}],"wp:featuredmedia":[{"embeddable":true,"href":"http:\/\/putaendouno.cl\/index.php?rest_route=\/wp\/v2\/media\/29095"}],"wp:attachment":[{"href":"http:\/\/putaendouno.cl\/index.php?rest_route=%2Fwp%2Fv2%2Fmedia&parent=29093"}],"wp:term":[{"taxonomy":"category","embeddable":true,"href":"http:\/\/putaendouno.cl\/index.php?rest_route=%2Fwp%2Fv2%2Fcategories&post=29093"},{"taxonomy":"post_tag","embeddable":true,"href":"http:\/\/putaendouno.cl\/index.php?rest_route=%2Fwp%2Fv2%2Ftags&post=29093"}],"curies":[{"name":"wp","href":"https:\/\/api.w.org\/{rel}","templated":true}]}}