{"id":29088,"date":"2023-08-30T09:56:18","date_gmt":"2023-08-30T13:56:18","guid":{"rendered":"http:\/\/putaendouno.cl\/?p=29088"},"modified":"2023-08-30T09:56:18","modified_gmt":"2023-08-30T13:56:18","slug":"finalizan-proyecto-del-quisquito-rosado-de-las-coimas","status":"publish","type":"post","link":"http:\/\/putaendouno.cl\/?p=29088","title":{"rendered":"Finalizan proyecto del Quisquito Rosado de Las Coimas"},"content":{"rendered":"<div class=\"lazysocialbuttons\" data-float=\"left\" data-buttons=\"google,twitter,facebook\" data-twshareurl=\"http:\/\/putaendouno.cl\/?p=29088\" data-twtext=\"\" data-shareurl=\"http:\/\/putaendouno.cl\/?p=29088\" data-fbhideflyout=\"false\" data-backgroundtype=\"light\"><\/div><h2><span style=\"color: #0000ff;\"><img loading=\"lazy\" decoding=\"async\" class=\"aligncenter size-full wp-image-29089\" src=\"http:\/\/putaendouno.cl\/wp-content\/uploads\/2023\/08\/quisquito.jpg\" alt=\"\" width=\"1500\" height=\"899\" srcset=\"http:\/\/putaendouno.cl\/wp-content\/uploads\/2023\/08\/quisquito.jpg 1500w, http:\/\/putaendouno.cl\/wp-content\/uploads\/2023\/08\/quisquito-300x180.jpg 300w, http:\/\/putaendouno.cl\/wp-content\/uploads\/2023\/08\/quisquito-534x320.jpg 534w, http:\/\/putaendouno.cl\/wp-content\/uploads\/2023\/08\/quisquito-768x460.jpg 768w\" sizes=\"auto, (max-width: 1500px) 100vw, 1500px\" \/>Especie es catalogada como end\u00e9mica en peligro de extinci\u00f3n.-<\/span><\/h2>\n<p>Con la presencia del SEREMI del Medio Ambiente, Hern\u00e1n Ram\u00edrez, el Consejero Regional Eduardo Le\u00f3n, la diputada Carolina Marz\u00e1n y el alcalde Mauricio Quiroz, y vecinos del sector se llev\u00f3 a cabo la ceremonia de cierre del proyecto, liderado por Fundaci\u00f3n Trama Rural, que cont\u00f3 con financiamiento del Fondo de Protecci\u00f3n Ambiental del Ministerio del Medio Ambiente.<\/p>\n<p>La iniciativa apunt\u00f3 a contar con mayores conocimientos acerca del Quisquito Rosado de Las Coimas (Eriosyce Coimasensis), especie end\u00e9mica y vulnerable a la extinci\u00f3n, para ponerla en valor como patrimonio natural local, y as\u00ed contribuir a protegerla y conservarla.<\/p>\n<p><img loading=\"lazy\" decoding=\"async\" class=\"alignleft size-medium wp-image-29090\" src=\"http:\/\/putaendouno.cl\/wp-content\/uploads\/2023\/08\/QUISCO-LAS-COIMAS-300x199.jpg\" alt=\"\" width=\"300\" height=\"199\" srcset=\"http:\/\/putaendouno.cl\/wp-content\/uploads\/2023\/08\/QUISCO-LAS-COIMAS-300x199.jpg 300w, http:\/\/putaendouno.cl\/wp-content\/uploads\/2023\/08\/QUISCO-LAS-COIMAS-482x320.jpg 482w, http:\/\/putaendouno.cl\/wp-content\/uploads\/2023\/08\/QUISCO-LAS-COIMAS-768x510.jpg 768w, http:\/\/putaendouno.cl\/wp-content\/uploads\/2023\/08\/QUISCO-LAS-COIMAS-1536x1021.jpg 1536w, http:\/\/putaendouno.cl\/wp-content\/uploads\/2023\/08\/QUISCO-LAS-COIMAS.jpg 2048w\" sizes=\"auto, (max-width: 300px) 100vw, 300px\" \/>El Quisquito rosado de Las Coimas es un cactus esf\u00e9rico de flores tubulares fuccias que habita en Chile, entre la localidad de Las Coimas, Putaendo y la Cuesta Las Chilcas, Llay Llay. Una especie fr\u00e1gil debido a la destrucci\u00f3n de su h\u00e1bitat y por la extracci\u00f3n para su venta en el comercio informal.<\/p>\n<p>De esta forma el proyecto trabaj\u00f3 en sensibilizar y educar a un grupo de vecinos, motivados para abordar el desaf\u00edo de la conservaci\u00f3n y uso sustentable del patrimonio natural. Para aquello se contempl\u00f3 un proceso de educaci\u00f3n ambiental con habitantes del sector, para contar con conocimientos acerca de esta especie, sus amenazas y posibles acciones de protecci\u00f3n, y tambi\u00e9n capacitaci\u00f3n para propagarlo.<\/p>\n<p>\u201cFelicitamos a Trama Rural por esta tremenda iniciativa, la cual nos pone en alerta frente a la fragilidad de nuestros ecosistemas. El cambio clim\u00e1tico y la acci\u00f3n humana, son importantes factores que impactan nuestro patrimonio natural, por lo que generar conciencia entre nosotros, fortaleciendo la educaci\u00f3n ambiental, es la \u00fanica forma de resguardar nuestros espacios naturales y las especies que hab\u00edan en \u00e9l.\u201d, indic\u00f3 el SEREMI Hern\u00e1n Ram\u00edrez.<\/p>\n<p>En la oportunidad el Consejo Regional, Eduardo Le\u00f3n se\u00f1al\u00f3 que \u201ceste fondo de protecci\u00f3n ambiental, ejecutado por Trama Rural nos permite visibilizar al \u201cQuisquito Rosado de Las Coimas\u00bb una especie del Aconcagua, que la hemos vista c\u00f3mo se vende en las calles, lo que hace peligrar su preservaci\u00f3n. Por lo que esto es un excelente trabajo con las ni\u00f1as y ni\u00f1os, con la comunidad, para poder proteger la biodiversidad, pero desde la comunidad, por eso agradecemos la gesti\u00f3n del SEREMI del Medio Ambiente y su equipo por poder financiar y apoyar este importante proyecto.\u201d<\/p>\n<p>Dentro de sus principales actividades el proyecto contempl\u00f3 la inserci\u00f3n y difusi\u00f3n del proyecto en la comunidad, elaboraci\u00f3n de material de apoyo,<\/p>\n<p>construcci\u00f3n de vivero para reproducci\u00f3n de cactus, visitas educativas al vivero de reproducci\u00f3n cact\u00e1ceas, educaci\u00f3n ambiental, convocatoria a artesanos locales, dise\u00f1o y distribuci\u00f3n de afiche de difusi\u00f3n.<\/p>\n<p>\u201cEl objetivo del proyecto es poner en valor el quisquito rosado de las coimas. Se trata de una especie end\u00e9mica de esta localidad y que se encuentra vulnerable debido a la p\u00e9rdida de su ecosistema y a la extracci\u00f3n con fines comerciales. Consideramos imprescindible que la comunidad local se comprometa con su cuidad. Gracias al proyecto hemos podido realizar acciones tendientes para que m\u00e1s personas se sensibilicen con el valor de nuestro ecosistema y reconozcan su vulnerabilidad a la acci\u00f3n humana\u201d, se\u00f1al\u00f3 Mart\u00edn Quintanilla, representante de Fundaci\u00f3n Trama rural.<\/p>\n","protected":false},"excerpt":{"rendered":"<p>Especie es catalogada como end\u00e9mica en peligro de extinci\u00f3n.- Con la presencia del SEREMI del Medio Ambiente, Hern\u00e1n Ram\u00edrez, el Consejero Regional Eduardo Le\u00f3n, la diputada Carolina Marz\u00e1n y el alcalde Mauricio Quiroz, y vecinos del sector se llev\u00f3 a cabo la ceremonia de cierre del proyecto, liderado por Fundaci\u00f3n Trama Rural, que cont\u00f3 con [&hellip;]<\/p>\n","protected":false},"author":1,"featured_media":29089,"comment_status":"open","ping_status":"open","sticky":false,"template":"","format":"standard","meta":{"footnotes":""},"categories":[15,4],"tags":[],"class_list":["post-29088","post","type-post","status-publish","format-standard","has-post-thumbnail","hentry","category-general","category-putaendo"],"jetpack_sharing_enabled":true,"jetpack_featured_media_url":"http:\/\/putaendouno.cl\/wp-content\/uploads\/2023\/08\/quisquito.jpg","_links":{"self":[{"href":"http:\/\/putaendouno.cl\/index.php?rest_route=\/wp\/v2\/posts\/29088","targetHints":{"allow":["GET"]}}],"collection":[{"href":"http:\/\/putaendouno.cl\/index.php?rest_route=\/wp\/v2\/posts"}],"about":[{"href":"http:\/\/putaendouno.cl\/index.php?rest_route=\/wp\/v2\/types\/post"}],"author":[{"embeddable":true,"href":"http:\/\/putaendouno.cl\/index.php?rest_route=\/wp\/v2\/users\/1"}],"replies":[{"embeddable":true,"href":"http:\/\/putaendouno.cl\/index.php?rest_route=%2Fwp%2Fv2%2Fcomments&post=29088"}],"version-history":[{"count":1,"href":"http:\/\/putaendouno.cl\/index.php?rest_route=\/wp\/v2\/posts\/29088\/revisions"}],"predecessor-version":[{"id":29091,"href":"http:\/\/putaendouno.cl\/index.php?rest_route=\/wp\/v2\/posts\/29088\/revisions\/29091"}],"wp:featuredmedia":[{"embeddable":true,"href":"http:\/\/putaendouno.cl\/index.php?rest_route=\/wp\/v2\/media\/29089"}],"wp:attachment":[{"href":"http:\/\/putaendouno.cl\/index.php?rest_route=%2Fwp%2Fv2%2Fmedia&parent=29088"}],"wp:term":[{"taxonomy":"category","embeddable":true,"href":"http:\/\/putaendouno.cl\/index.php?rest_route=%2Fwp%2Fv2%2Fcategories&post=29088"},{"taxonomy":"post_tag","embeddable":true,"href":"http:\/\/putaendouno.cl\/index.php?rest_route=%2Fwp%2Fv2%2Ftags&post=29088"}],"curies":[{"name":"wp","href":"https:\/\/api.w.org\/{rel}","templated":true}]}}