{"id":29077,"date":"2023-07-10T20:15:35","date_gmt":"2023-07-11T00:15:35","guid":{"rendered":"http:\/\/putaendouno.cl\/?p=29077"},"modified":"2023-07-10T20:15:36","modified_gmt":"2023-07-11T00:15:36","slug":"liceo-mixto-firma-convenio-con-minera-vizcachitas","status":"publish","type":"post","link":"http:\/\/putaendouno.cl\/?p=29077","title":{"rendered":"Liceo Mixto firma convenio con Minera Vizcachitas"},"content":{"rendered":"<div class=\"lazysocialbuttons\" data-float=\"left\" data-buttons=\"google,twitter,facebook\" data-twshareurl=\"http:\/\/putaendouno.cl\/?p=29077\" data-twtext=\"\" data-shareurl=\"http:\/\/putaendouno.cl\/?p=29077\" data-fbhideflyout=\"false\" data-backgroundtype=\"light\"><\/div><h2><img loading=\"lazy\" decoding=\"async\" class=\"aligncenter  wp-image-29078\" src=\"http:\/\/putaendouno.cl\/wp-content\/uploads\/2023\/07\/vizca31-300x163.jpg\" alt=\"\" width=\"582\" height=\"316\" srcset=\"http:\/\/putaendouno.cl\/wp-content\/uploads\/2023\/07\/vizca31-300x163.jpg 300w, http:\/\/putaendouno.cl\/wp-content\/uploads\/2023\/07\/vizca31-589x320.jpg 589w, http:\/\/putaendouno.cl\/wp-content\/uploads\/2023\/07\/vizca31-768x417.jpg 768w, http:\/\/putaendouno.cl\/wp-content\/uploads\/2023\/07\/vizca31.jpg 872w\" sizes=\"auto, (max-width: 582px) 100vw, 582px\" \/><\/h2>\n<h2><span style=\"color: #0000ff;\"><strong>Profesores de Metalurgia podr\u00e1n trabajar con profesionales de la minera.-<\/strong><\/span><\/h2>\n<p>El Liceo Mixto firm\u00f3 un importante convenio de cooperaci\u00f3n con la Compa\u00f1\u00eda Minera Vizcachitas Holding, el cual beneficiar\u00e1 a los estudiantes de Metalurgia Extractiva y Extracci\u00f3n Minera en cuanto a pr\u00e1cticas profesionales y una eventual continuidad laboral.<\/p>\n<p>Patricio Cornejo, presidente del directorio de la Corporaci\u00f3n Monte Aconcagua fue enf\u00e1tico en calificar como de un hito para el liceo la materializaci\u00f3n de esta alianza estrat\u00e9gica. \u00abA la cupr\u00edfera le interesa mucho que la educaci\u00f3n formal que reciben los ni\u00f1os sea adecuada a los nuevos tiempos de la miner\u00eda\u00bb, se\u00f1al\u00f3, haciendo hincapi\u00e9 en que la idea de Vizcachitas es que una parte importante de su recurso laboral est\u00e9 conformado por alumnos egresados del Liceo Mixto \u00aby no s\u00f3lo de miner\u00eda, sino que tambi\u00e9n del \u00e1rea de laboratorio qu\u00edmico\u00bb, concluy\u00f3 el directivo.<\/p>\n<p>Ninoska Ram\u00edrez, rectora de la Corporaci\u00f3n Educacional Monte Aconcagua, subray\u00f3 que la instalaci\u00f3n de la compa\u00f1\u00eda minera traer\u00e1 un beneficio para toda la comunidad. \u00abEste convenio es muy amplio y dar\u00e1 a los profesores la posibilidad de trabajar con los profesionales de la minera en el sentido de compartir buenas pr\u00e1cticas, revisar bases curriculares, adem\u00e1s de potenciar y customizar el curr\u00edculum de los estudiantes\u00bb asegur\u00f3 la rectora, al tiempo de resaltar que se est\u00e1 trabajando de manera muy anticipada con la minera, para a su vez con Fundaci\u00f3n Chile revisar los perfiles de cargo de los docentes \u00ablo que nos permitir\u00e1 apuntar a lo que el mercado necesita generando mayores posibilidades de continuidad laboral a los alumnos\u00bb, sentenci\u00f3.<\/p>\n<p>Por su parte, <span style=\"color: #0000ff;\">Alejandro Cassi, gerente de asuntos p\u00fablicos de la C\u00eda. Minera<\/span> Vizcachitas sostuvo que este es el primer convenio marco que la empresa firma con una instituci\u00f3n educacional de la provincia de San Felipe. \u00ab<span style=\"color: #0000ff;\">Esto nos permitir\u00e1 revisar los perfiles de las carreras mineras del Liceo Mixto para hacerlos compatibles con las necesidades de una futura campa\u00f1a de sondaje y posterior operaci\u00f3n en Putaendo\u00bb, manifest\u00f3, complementando que. \u00abeste primer paso nos permite construir las condiciones para que los estudiantes del liceo tengan una oportunidad, abri\u00e9ndose un camino a trav\u00e9s de las pr\u00e1cticas para su futuro laboral\u00bb,<\/span> afirm\u00f3 el profesional.<\/p>\n<p><span style=\"color: #0000ff;\">Ignacio Melero, director de asuntos corporativos de la minera<\/span> se mostr\u00f3 gratamente impresionado con el Liceo Mixto. <span style=\"color: #0000ff;\">\u00abQuiero felicitar al equipo directivo del colegio, al equipo docente y trabajadores, estamos sorprendidos con la infraestructura, la calidad y el nivel que existe ac\u00e1. Este es el puntapi\u00e9 inicial para seguir construyendo una relaci\u00f3n muy pr\u00f3spera y s\u00f3lida\u00bb<\/span>, asegur\u00f3 el ejecutivo, refiri\u00e9ndose asimismo al impacto econ\u00f3mico que tendr\u00e1 el proyecto minero de C\u00eda. Vizcachitas en la provincia. \u00abA nivel regional se puede generar un impacto de cerca del tres por ciento sobre el crecimiento actual, por eso hoy se abren una serie de oportunidades para empezar a desarrollar las competencias para contar con la mayor cantidad de trabajadores de la provincia y la regi\u00f3n\u00bb.<\/p>\n<p>(Fuente: AOL)<\/p>\n","protected":false},"excerpt":{"rendered":"<p>Profesores de Metalurgia podr\u00e1n trabajar con profesionales de la minera.- El Liceo Mixto firm\u00f3 un importante convenio de cooperaci\u00f3n con la Compa\u00f1\u00eda Minera Vizcachitas Holding, el cual beneficiar\u00e1 a los estudiantes de Metalurgia Extractiva y Extracci\u00f3n Minera en cuanto a pr\u00e1cticas profesionales y una eventual continuidad laboral. Patricio Cornejo, presidente del directorio de la Corporaci\u00f3n [&hellip;]<\/p>\n","protected":false},"author":1,"featured_media":29079,"comment_status":"open","ping_status":"open","sticky":false,"template":"","format":"standard","meta":{"footnotes":""},"categories":[15,5],"tags":[],"class_list":["post-29077","post","type-post","status-publish","format-standard","has-post-thumbnail","hentry","category-general","category-aconcagua"],"jetpack_sharing_enabled":true,"jetpack_featured_media_url":"http:\/\/putaendouno.cl\/wp-content\/uploads\/2023\/07\/vizca31-1.jpg","_links":{"self":[{"href":"http:\/\/putaendouno.cl\/index.php?rest_route=\/wp\/v2\/posts\/29077","targetHints":{"allow":["GET"]}}],"collection":[{"href":"http:\/\/putaendouno.cl\/index.php?rest_route=\/wp\/v2\/posts"}],"about":[{"href":"http:\/\/putaendouno.cl\/index.php?rest_route=\/wp\/v2\/types\/post"}],"author":[{"embeddable":true,"href":"http:\/\/putaendouno.cl\/index.php?rest_route=\/wp\/v2\/users\/1"}],"replies":[{"embeddable":true,"href":"http:\/\/putaendouno.cl\/index.php?rest_route=%2Fwp%2Fv2%2Fcomments&post=29077"}],"version-history":[{"count":1,"href":"http:\/\/putaendouno.cl\/index.php?rest_route=\/wp\/v2\/posts\/29077\/revisions"}],"predecessor-version":[{"id":29080,"href":"http:\/\/putaendouno.cl\/index.php?rest_route=\/wp\/v2\/posts\/29077\/revisions\/29080"}],"wp:featuredmedia":[{"embeddable":true,"href":"http:\/\/putaendouno.cl\/index.php?rest_route=\/wp\/v2\/media\/29079"}],"wp:attachment":[{"href":"http:\/\/putaendouno.cl\/index.php?rest_route=%2Fwp%2Fv2%2Fmedia&parent=29077"}],"wp:term":[{"taxonomy":"category","embeddable":true,"href":"http:\/\/putaendouno.cl\/index.php?rest_route=%2Fwp%2Fv2%2Fcategories&post=29077"},{"taxonomy":"post_tag","embeddable":true,"href":"http:\/\/putaendouno.cl\/index.php?rest_route=%2Fwp%2Fv2%2Ftags&post=29077"}],"curies":[{"name":"wp","href":"https:\/\/api.w.org\/{rel}","templated":true}]}}