{"id":28962,"date":"2022-12-22T17:17:19","date_gmt":"2022-12-22T20:17:19","guid":{"rendered":"http:\/\/putaendouno.cl\/?p=28962"},"modified":"2022-12-22T17:22:18","modified_gmt":"2022-12-22T20:22:18","slug":"mineria-pide-renuncia-a-seremi-de-valparaiso-por-su-apoyo-a-proyecto-minero","status":"publish","type":"post","link":"http:\/\/putaendouno.cl\/?p=28962","title":{"rendered":"Miner\u00eda pide renuncia a seremi de Valpara\u00edso por su apoyo a proyecto minero"},"content":{"rendered":"<div class=\"lazysocialbuttons\" data-float=\"left\" data-buttons=\"google,twitter,facebook\" data-twshareurl=\"http:\/\/putaendouno.cl\/?p=28962\" data-twtext=\"\" data-shareurl=\"http:\/\/putaendouno.cl\/?p=28962\" data-fbhideflyout=\"false\" data-backgroundtype=\"light\"><\/div><div class=\"x11i5rnm xat24cr x1mh8g0r x1vvkbs xdj266r x126k92a\">\n<h2 dir=\"auto\"><span style=\"color: #0000ff;\"><img loading=\"lazy\" decoding=\"async\" class=\"aligncenter wp-image-28963\" src=\"http:\/\/putaendouno.cl\/wp-content\/uploads\/2022\/12\/zumaeta-569x320.jpg\" alt=\"\" width=\"624\" height=\"351\" srcset=\"http:\/\/putaendouno.cl\/wp-content\/uploads\/2022\/12\/zumaeta-569x320.jpg 569w, http:\/\/putaendouno.cl\/wp-content\/uploads\/2022\/12\/zumaeta-300x169.jpg 300w, http:\/\/putaendouno.cl\/wp-content\/uploads\/2022\/12\/zumaeta.jpg 710w\" sizes=\"auto, (max-width: 624px) 100vw, 624px\" \/><\/span><\/h2>\n<h2 style=\"text-align: center;\"><span style=\"color: #0000ff;\"><strong>Julio Zumaeta dejar\u00e1 el cargo a partir del 1 de enero de 2023.-<\/strong><\/span><\/h2>\n<p>Diego Ib\u00e1\u00f1ez y Mar\u00eda Francisca Bello, ambos diputados de Convergencia Social por el distrito 6\u00ba, regi\u00f3n de Valpara\u00edso, hab\u00edan pedido la renuncia del seremi de Miner\u00eda, Julio Zumaeta (IC), debido al apoyo que demostr\u00f3 a la empresa canadiense Andes Copper, por su proyecto minero Vizcachitas, en Putaendo.<\/p>\n<p>Debido a esto, &#8220;el Ministerio de Miner\u00eda ha solicitado la renuncia del seremi de la regi\u00f3n de Valpara\u00edso, Julio Zumaeta Bustamante, a partir del 1 de enero de 2023&#8221;, esto &#8220;con el objetivo de cautelar la imparcialidad que deben tener los integrantes de la Comisi\u00f3n de Evaluaci\u00f3n Ambiental, Coeva&#8221;.<\/p>\n<p>El seremi hab\u00eda alabado la estrategia de la empresa en torno a la comunidad del sector. &#8220;Lo m\u00e1s relevante es que la empresa minera tenga vinculaci\u00f3n de la misma empresa con la comunidad, lo que es algo que ha ido alcanzando una relevancia mayor, pues la empresa se ha dado cuenta que para poder desarrollar su actividad debe tener una licencia social&#8221;, dijo durante el la ceremonia de premiaci\u00f3n del Fondo Concursable de la empresa minera.<\/p>\n<p>Por lo mismo ya hab\u00eda solicitado su renuncia el alcalde de Putaendo. La diputada Bello coment\u00f3 que &#8220;es necesario que el seremi se rectifique o renuncie. No hay medias tintas, no puede hacer la vista gorda a los antecedentes y a las resoluciones, por ejemplo, de la Corte de Apelaciones y la Superintendencia del Medio Ambiente que confirman, por ejemplo, robo de agua y se han pronunciado en diversas oportunidades respecto al tema&#8221;.<\/p>\n<p>Por su parte, Ib\u00e1\u00f1ez mencion\u00f3 que es un compromiso de este Gobierno proteger la biodiversidad&#8221;.<\/p>\n<p>Fuente: <a href=\"https:\/\/l.facebook.com\/l.php?u=http%3A%2F%2FEmol.com%2F%3Ffbclid%3DIwAR1fwCWaim7msY-i7Af0QPaBKRevHqlBEn9GC2rEa6uHoX184-kzEdO0RRM&amp;h=AT19XttKg_JPnzL5sLhE2-IJgR7bei6OY7d5nILsmIBLg2TQtb_nXiCx0jGRb3hRukzoD0yI4E2lOLZdmcXdFuGgIksjd_IR0sHdwUSHi6kS4czbI9lkDDctTWF_xHrZBg&amp;__tn__=-UK-R&amp;c%5b0%5d=AT3F71EoPxFPj5ZH1udTXKI60eeGMD1IXS7EWOpEwEKsxv4ofj4lpfKc3fK8zgkbRjvhDlpfcBcHkYC6oXonL9z84gj1N-mulzrom4ZtQ7nCUdq_SZFhvVQjv1ZMoTS7Ia8SpXzRZtbqDH_Xot8GmNE9_oG08A\">Emol.com<\/a><\/p>\n<h2 dir=\"auto\"><span style=\"color: #0000ff;\">\u00a0<\/span><\/h2>\n<\/div>\n<div class=\"x11i5rnm xat24cr x1mh8g0r x1vvkbs xtlvy1s x126k92a\">\n<div dir=\"auto\"><\/div>\n<\/div>\n","protected":false},"excerpt":{"rendered":"<p>Julio Zumaeta dejar\u00e1 el cargo a partir del 1 de enero de 2023.- Diego Ib\u00e1\u00f1ez y Mar\u00eda Francisca Bello, ambos diputados de Convergencia Social por el distrito 6\u00ba, regi\u00f3n de Valpara\u00edso, hab\u00edan pedido la renuncia del seremi de Miner\u00eda, Julio Zumaeta (IC), debido al apoyo que demostr\u00f3 a la empresa canadiense Andes Copper, por su [&hellip;]<\/p>\n","protected":false},"author":1,"featured_media":28964,"comment_status":"open","ping_status":"open","sticky":false,"template":"","format":"standard","meta":{"footnotes":""},"categories":[15,4],"tags":[],"class_list":["post-28962","post","type-post","status-publish","format-standard","has-post-thumbnail","hentry","category-general","category-putaendo"],"jetpack_sharing_enabled":true,"jetpack_featured_media_url":"http:\/\/putaendouno.cl\/wp-content\/uploads\/2022\/12\/zumaeta-1.jpg","_links":{"self":[{"href":"http:\/\/putaendouno.cl\/index.php?rest_route=\/wp\/v2\/posts\/28962","targetHints":{"allow":["GET"]}}],"collection":[{"href":"http:\/\/putaendouno.cl\/index.php?rest_route=\/wp\/v2\/posts"}],"about":[{"href":"http:\/\/putaendouno.cl\/index.php?rest_route=\/wp\/v2\/types\/post"}],"author":[{"embeddable":true,"href":"http:\/\/putaendouno.cl\/index.php?rest_route=\/wp\/v2\/users\/1"}],"replies":[{"embeddable":true,"href":"http:\/\/putaendouno.cl\/index.php?rest_route=%2Fwp%2Fv2%2Fcomments&post=28962"}],"version-history":[{"count":4,"href":"http:\/\/putaendouno.cl\/index.php?rest_route=\/wp\/v2\/posts\/28962\/revisions"}],"predecessor-version":[{"id":28968,"href":"http:\/\/putaendouno.cl\/index.php?rest_route=\/wp\/v2\/posts\/28962\/revisions\/28968"}],"wp:featuredmedia":[{"embeddable":true,"href":"http:\/\/putaendouno.cl\/index.php?rest_route=\/wp\/v2\/media\/28964"}],"wp:attachment":[{"href":"http:\/\/putaendouno.cl\/index.php?rest_route=%2Fwp%2Fv2%2Fmedia&parent=28962"}],"wp:term":[{"taxonomy":"category","embeddable":true,"href":"http:\/\/putaendouno.cl\/index.php?rest_route=%2Fwp%2Fv2%2Fcategories&post=28962"},{"taxonomy":"post_tag","embeddable":true,"href":"http:\/\/putaendouno.cl\/index.php?rest_route=%2Fwp%2Fv2%2Ftags&post=28962"}],"curies":[{"name":"wp","href":"https:\/\/api.w.org\/{rel}","templated":true}]}}