{"id":28846,"date":"2022-04-14T19:57:27","date_gmt":"2022-04-14T23:57:27","guid":{"rendered":"https:\/\/putaendouno.cl\/?p=28846"},"modified":"2022-04-14T20:35:27","modified_gmt":"2022-04-15T00:35:27","slug":"peluqueria-al-aire-libre-en-putaendo","status":"publish","type":"post","link":"http:\/\/putaendouno.cl\/?p=28846","title":{"rendered":"Peluquer\u00eda al aire libre en Putaendo"},"content":{"rendered":"<div class=\"lazysocialbuttons\" data-float=\"left\" data-buttons=\"google,twitter,facebook\" data-twshareurl=\"http:\/\/putaendouno.cl\/?p=28846\" data-twtext=\"\" data-shareurl=\"http:\/\/putaendouno.cl\/?p=28846\" data-fbhideflyout=\"false\" data-backgroundtype=\"light\"><\/div><h2><span style=\"color: #0000ff;\"><img loading=\"lazy\" decoding=\"async\" class=\"aligncenter size-full wp-image-28847\" src=\"http:\/\/putaendouno.cl\/wp-content\/uploads\/2022\/04\/pelu-port-e1649979988946.jpg\" alt=\"\" width=\"640\" height=\"324\" srcset=\"http:\/\/putaendouno.cl\/wp-content\/uploads\/2022\/04\/pelu-port-e1649979988946.jpg 640w, http:\/\/putaendouno.cl\/wp-content\/uploads\/2022\/04\/pelu-port-e1649979988946-300x152.jpg 300w, http:\/\/putaendouno.cl\/wp-content\/uploads\/2022\/04\/pelu-port-e1649979988946-632x320.jpg 632w\" sizes=\"auto, (max-width: 640px) 100vw, 640px\" \/>Peluquer\u00eda itinerante atiende todos los d\u00edas en la plaza.<\/span><\/h2>\n<p>Un novedoso servicio a la comunidad se puede apreciar cada d\u00eda en la plaza de Putaendo. Se trata de una &#8220;peluquer\u00eda m\u00f3vil&#8221; que se instala en el centro para atender al aire libre a quienes lo deseen.<\/p>\n<p><span style=\"color: #0000ff;\">Valeska Caballero<\/span> se llama esta valiente estilista, que incluso nos cuenta &#8211; con un leve acento extranjero -que <span style=\"color: #0000ff;\">&#8220;tuve la oportunidad de capacitarme en estilismo en Francia y Argentina&#8221;,<\/span> para lo cual nos muestra<img loading=\"lazy\" decoding=\"async\" class=\"alignright wp-image-28848\" src=\"http:\/\/putaendouno.cl\/wp-content\/uploads\/2022\/04\/pelu4-cop-e1649980466598.jpg\" alt=\"\" width=\"182\" height=\"145\" \/> incluso fotos en esos pa\u00edses.<\/p>\n<p>Ella es casada y tiene dos hijas. La estilista nacida en Rengo, narra que <span style=\"color: #0000ff;\">&#8220;Estudi\u00e9 modelaje y teatro. A los 20 a\u00f1os me decid\u00ed por estudiar peluquer\u00eda y comenz\u00e9 mis primeros pasos en Santiago y luego en Buenos Aires. Estoy constantemente capacit\u00e1ndome. Estudi\u00e9 en Par\u00eds, en la Escuela Montesantos. Trabaj\u00e9 varios a\u00f1os en Valdivia y ahora tengo un emprendimiento en San Felipe y recorro las localidades de la zona con mi peluquer\u00eda itinerante en las ma\u00f1anas, para as\u00ed conocer m\u00e1s clientes&#8221;<\/span>, se\u00f1ala.<\/p>\n<p>Para lucharle un puesto a la vida se decidi\u00f3 a prestar el servicio de corte de pelo en forma itinerante y a plena calle, para lo cual ya se encuentra tramitando los respectivos permisos ante el municipio correspondiente. Valeska es un ejemplo de emprendimiento y compromiso, demostrando d\u00eda a d\u00eda que hay que enfrentarse y tomar las oportunidades que entrega la vida, por dif\u00edcil que sea.<\/p>\n<p><img loading=\"lazy\" decoding=\"async\" class=\"alignleft wp-image-28849\" src=\"http:\/\/putaendouno.cl\/wp-content\/uploads\/2022\/04\/pelu3-e1649980586642-261x300.jpg\" alt=\"\" width=\"126\" height=\"145\" srcset=\"http:\/\/putaendouno.cl\/wp-content\/uploads\/2022\/04\/pelu3-e1649980586642-261x300.jpg 261w, http:\/\/putaendouno.cl\/wp-content\/uploads\/2022\/04\/pelu3-e1649980586642-278x320.jpg 278w, http:\/\/putaendouno.cl\/wp-content\/uploads\/2022\/04\/pelu3-e1649980586642.jpg 639w\" sizes=\"auto, (max-width: 126px) 100vw, 126px\" \/>Los clientes se mostraban bastante complacidos con el servicio de la ingeniosa estilista. Ella se instala en <span style=\"color: #0000ff;\">la plaza de Putaendo todos los d\u00edas, entre las 10 AM y las 15 hrs.<\/span><\/p>\n<p>Valeska es maestra en color y en corte de cabello. Incluso, si ud desea un servicio diferente o reservar una hora, su fono wsp es el <span style=\"color: #0000ff;\">+56 9 4622 5253.<\/span><\/p>\n","protected":false},"excerpt":{"rendered":"<p>Peluquer\u00eda itinerante atiende todos los d\u00edas en la plaza. Un novedoso servicio a la comunidad se puede apreciar cada d\u00eda en la plaza de Putaendo. Se trata de una &#8220;peluquer\u00eda m\u00f3vil&#8221; que se instala en el centro para atender al aire libre a quienes lo deseen. Valeska Caballero se llama esta valiente estilista, que incluso [&hellip;]<\/p>\n","protected":false},"author":1,"featured_media":28847,"comment_status":"open","ping_status":"open","sticky":false,"template":"","format":"standard","meta":{"footnotes":""},"categories":[15,4],"tags":[],"class_list":["post-28846","post","type-post","status-publish","format-standard","has-post-thumbnail","hentry","category-general","category-putaendo"],"jetpack_sharing_enabled":true,"jetpack_featured_media_url":"http:\/\/putaendouno.cl\/wp-content\/uploads\/2022\/04\/pelu-port-e1649979988946.jpg","_links":{"self":[{"href":"http:\/\/putaendouno.cl\/index.php?rest_route=\/wp\/v2\/posts\/28846","targetHints":{"allow":["GET"]}}],"collection":[{"href":"http:\/\/putaendouno.cl\/index.php?rest_route=\/wp\/v2\/posts"}],"about":[{"href":"http:\/\/putaendouno.cl\/index.php?rest_route=\/wp\/v2\/types\/post"}],"author":[{"embeddable":true,"href":"http:\/\/putaendouno.cl\/index.php?rest_route=\/wp\/v2\/users\/1"}],"replies":[{"embeddable":true,"href":"http:\/\/putaendouno.cl\/index.php?rest_route=%2Fwp%2Fv2%2Fcomments&post=28846"}],"version-history":[{"count":5,"href":"http:\/\/putaendouno.cl\/index.php?rest_route=\/wp\/v2\/posts\/28846\/revisions"}],"predecessor-version":[{"id":28854,"href":"http:\/\/putaendouno.cl\/index.php?rest_route=\/wp\/v2\/posts\/28846\/revisions\/28854"}],"wp:featuredmedia":[{"embeddable":true,"href":"http:\/\/putaendouno.cl\/index.php?rest_route=\/wp\/v2\/media\/28847"}],"wp:attachment":[{"href":"http:\/\/putaendouno.cl\/index.php?rest_route=%2Fwp%2Fv2%2Fmedia&parent=28846"}],"wp:term":[{"taxonomy":"category","embeddable":true,"href":"http:\/\/putaendouno.cl\/index.php?rest_route=%2Fwp%2Fv2%2Fcategories&post=28846"},{"taxonomy":"post_tag","embeddable":true,"href":"http:\/\/putaendouno.cl\/index.php?rest_route=%2Fwp%2Fv2%2Ftags&post=28846"}],"curies":[{"name":"wp","href":"https:\/\/api.w.org\/{rel}","templated":true}]}}