{"id":28794,"date":"2022-01-21T18:03:58","date_gmt":"2022-01-21T21:03:58","guid":{"rendered":"https:\/\/putaendouno.cl\/?p=28794"},"modified":"2022-01-21T18:03:58","modified_gmt":"2022-01-21T21:03:58","slug":"putaendo-aplaza-sus-carnavales-de-verano","status":"publish","type":"post","link":"http:\/\/putaendouno.cl\/?p=28794","title":{"rendered":"Putaendo aplaza sus &#8220;Carnavales de Verano&#8221;"},"content":{"rendered":"<div class=\"lazysocialbuttons\" data-float=\"left\" data-buttons=\"google,twitter,facebook\" data-twshareurl=\"http:\/\/putaendouno.cl\/?p=28794\" data-twtext=\"\" data-shareurl=\"http:\/\/putaendouno.cl\/?p=28794\" data-fbhideflyout=\"false\" data-backgroundtype=\"light\"><\/div><h2><span style=\"color: #0000ff;\"><strong><img loading=\"lazy\" decoding=\"async\" class=\"aligncenter size-full wp-image-28796\" src=\"http:\/\/putaendouno.cl\/wp-content\/uploads\/2022\/01\/ae240f_6c5641d8f34c4483afcbe4a8bf86dd11_mv2-e1642798848292.jpg\" alt=\"\" width=\"640\" height=\"321\" srcset=\"http:\/\/putaendouno.cl\/wp-content\/uploads\/2022\/01\/ae240f_6c5641d8f34c4483afcbe4a8bf86dd11_mv2-e1642798848292.jpg 640w, http:\/\/putaendouno.cl\/wp-content\/uploads\/2022\/01\/ae240f_6c5641d8f34c4483afcbe4a8bf86dd11_mv2-e1642798848292-300x150.jpg 300w, http:\/\/putaendouno.cl\/wp-content\/uploads\/2022\/01\/ae240f_6c5641d8f34c4483afcbe4a8bf86dd11_mv2-e1642798848292-638x320.jpg 638w\" sizes=\"auto, (max-width: 640px) 100vw, 640px\" \/>Municipio reagenda actividades masivas por avance del coronavirus.-<\/strong><\/span><\/h2>\n<p>A trav\u00e9s de una conferencia de prensa, el alcalde de Putaendo inform\u00f3 que los \u201cCarnavales Territoriales\u201d, anunciados para diferentes localidades con la presencia de artistas de renombre durante febrero, ser\u00e1n reprogramados para marzo.<\/p>\n<p>La medida radica en el r\u00e1pido y sostenido aumento de contagios por coronavirus variante Omicr\u00f3n durante las \u00faltimas semanas a escala nacional, regional y provincial.<\/p>\n<p><img loading=\"lazy\" decoding=\"async\" class=\"alignleft size-medium wp-image-28795\" src=\"http:\/\/putaendouno.cl\/wp-content\/uploads\/2022\/01\/Alcalde-Mauricio-Quiroz-junto-al-director-del-Cesfam-Juan-Madariaga-y-el-jefe-del-depto-de-Cultura-Turismo-y-Patrimonio-Christopher-Mercado--300x213.jpg\" alt=\"\" width=\"300\" height=\"213\" \/>En ese contexto, hasta la ma\u00f1ana del viernes 21 de enero, Putaendo manten\u00eda 11 casos activos de covid y, desde el s\u00e1bado 22, es la \u00fanica comuna de Aconcagua en \u201cFase 4\u201d del \u201cPlan Paso a Paso\u201d. No obstante, los pron\u00f3sticos indican que las cifras podr\u00edan seguir subiendo y, por ende, existe una alta probabilidad de retroceder a \u201cFase 3\u201d, etapa que acent\u00faa las restricciones para los eventos masivos.<\/p>\n<p>\u201cAunque no tenemos impedimentos en los aforos, estamos en un momento cr\u00edtico en el avance del coronavirus en nuestro pa\u00eds y hemos considerado indispensable reprogramar las actividades masivas contempladas para febrero y realizarlas, si la pandemia nos permite, en marzo en el marco del aniversario de Putaendo o en abril\u201d, expres\u00f3 el alcalde Quiroz.<\/p>\n<p>Cabe recordar que los \u201cCarnavales Territoriales\u201d se iban a realizar los fines de semana desde el 5 al 26 de febrero en Quebrada de Herrera, Las Coimas, Lo Vicu\u00f1a, Casablanca, Piguch\u00e9n, Rinconada de Silva y el Parque Puente Cimbra. Estos eventos contar\u00edan con las presentaciones estelares de Inti Illimani, Luis Lambis, Andr\u00e9s de Le\u00f3n, Juanito Ayala, Kuatreros del Sur, La Banda Tropical de Vallenar, entre otros.<\/p>\n<h3><span style=\"color: #0000ff;\"><strong>EVENTOS QUE CONTIN\u00daAN<\/strong><\/span><\/h3>\n<p>Por otro lado, el municipio seguir\u00e1 realizando durante Febrero las actividades programadas que no contemplan masividad. Estas iniciativas corresponden a la Cabalgata Conmemorativa del Cruce del Ej\u00e9rcito de Los Andes, talleres deportivos, \u201cComercio Boulevard\u201d, \u201cPlazArte\u201d, etc<\/p>\n<p>&#8220;Sabemos que en estos eventos hay un control mucho m\u00e1s eficiente de los aforos y no son muchas las personas que concurren. Entonces, tenemos una parrilla program\u00e1tica de actividades art\u00edsticas y culturales en una menor escala, contribuyendo de esta forma a enfrentar uno de los momentos m\u00e1s cr\u00edticos que estamos viviendo respecto a la pandemia\u201d, explic\u00f3 Quiroz.<\/p>\n<p>De esta manera, el llamado de la primera autoridad putaendina, en conjunto con el Director del Cesfam, Juan Madariaga, y el Jefe del Depto. de Cultura, Turismo y Patrimonio, Christopher Mercado, es a mantener las medidas de autocuidado como el lavado frecuente de manos, el distanciamiento f\u00edsico, la ventilaci\u00f3n de los espacios, el uso de mascarilla y acceder a la vacunaci\u00f3n para evitar los contagios de un virus que todav\u00eda puede ser mortal para quienes no tomen las precauciones necesarias.<\/p>\n<p>(IMP\/P1)<\/p>\n","protected":false},"excerpt":{"rendered":"<p>Municipio reagenda actividades masivas por avance del coronavirus.- A trav\u00e9s de una conferencia de prensa, el alcalde de Putaendo inform\u00f3 que los \u201cCarnavales Territoriales\u201d, anunciados para diferentes localidades con la presencia de artistas de renombre durante febrero, ser\u00e1n reprogramados para marzo. La medida radica en el r\u00e1pido y sostenido aumento de contagios por coronavirus variante [&hellip;]<\/p>\n","protected":false},"author":1,"featured_media":28796,"comment_status":"open","ping_status":"open","sticky":false,"template":"","format":"standard","meta":{"footnotes":""},"categories":[15,4],"tags":[],"class_list":["post-28794","post","type-post","status-publish","format-standard","has-post-thumbnail","hentry","category-general","category-putaendo"],"jetpack_sharing_enabled":true,"jetpack_featured_media_url":"http:\/\/putaendouno.cl\/wp-content\/uploads\/2022\/01\/ae240f_6c5641d8f34c4483afcbe4a8bf86dd11_mv2-e1642798848292.jpg","_links":{"self":[{"href":"http:\/\/putaendouno.cl\/index.php?rest_route=\/wp\/v2\/posts\/28794","targetHints":{"allow":["GET"]}}],"collection":[{"href":"http:\/\/putaendouno.cl\/index.php?rest_route=\/wp\/v2\/posts"}],"about":[{"href":"http:\/\/putaendouno.cl\/index.php?rest_route=\/wp\/v2\/types\/post"}],"author":[{"embeddable":true,"href":"http:\/\/putaendouno.cl\/index.php?rest_route=\/wp\/v2\/users\/1"}],"replies":[{"embeddable":true,"href":"http:\/\/putaendouno.cl\/index.php?rest_route=%2Fwp%2Fv2%2Fcomments&post=28794"}],"version-history":[{"count":2,"href":"http:\/\/putaendouno.cl\/index.php?rest_route=\/wp\/v2\/posts\/28794\/revisions"}],"predecessor-version":[{"id":28798,"href":"http:\/\/putaendouno.cl\/index.php?rest_route=\/wp\/v2\/posts\/28794\/revisions\/28798"}],"wp:featuredmedia":[{"embeddable":true,"href":"http:\/\/putaendouno.cl\/index.php?rest_route=\/wp\/v2\/media\/28796"}],"wp:attachment":[{"href":"http:\/\/putaendouno.cl\/index.php?rest_route=%2Fwp%2Fv2%2Fmedia&parent=28794"}],"wp:term":[{"taxonomy":"category","embeddable":true,"href":"http:\/\/putaendouno.cl\/index.php?rest_route=%2Fwp%2Fv2%2Fcategories&post=28794"},{"taxonomy":"post_tag","embeddable":true,"href":"http:\/\/putaendouno.cl\/index.php?rest_route=%2Fwp%2Fv2%2Ftags&post=28794"}],"curies":[{"name":"wp","href":"https:\/\/api.w.org\/{rel}","templated":true}]}}