{"id":28707,"date":"2021-11-25T18:30:56","date_gmt":"2021-11-25T21:30:56","guid":{"rendered":"https:\/\/putaendouno.cl\/?p=28707"},"modified":"2021-11-25T18:35:43","modified_gmt":"2021-11-25T21:35:43","slug":"core-stevenson-en-recuperacion","status":"publish","type":"post","link":"http:\/\/putaendouno.cl\/?p=28707","title":{"rendered":"Core Stevenson en recuperaci\u00f3n"},"content":{"rendered":"<div class=\"lazysocialbuttons\" data-float=\"left\" data-buttons=\"google,twitter,facebook\" data-twshareurl=\"http:\/\/putaendouno.cl\/?p=28707\" data-twtext=\"\" data-shareurl=\"http:\/\/putaendouno.cl\/?p=28707\" data-fbhideflyout=\"false\" data-backgroundtype=\"light\"><\/div><div class=\"kvgmc6g5 cxmmr5t8 oygrvhab hcukyx3x c1et5uql ii04i59q\">\n<h2 dir=\"auto\"><span style=\"color: #0000ff;\"><img loading=\"lazy\" decoding=\"async\" class=\"aligncenter size-full wp-image-28708\" src=\"http:\/\/putaendouno.cl\/wp-content\/uploads\/2021\/11\/Rolando-stev-e1637875823996.jpg\" alt=\"\" width=\"640\" height=\"308\" srcset=\"http:\/\/putaendouno.cl\/wp-content\/uploads\/2021\/11\/Rolando-stev-e1637875823996.jpg 640w, http:\/\/putaendouno.cl\/wp-content\/uploads\/2021\/11\/Rolando-stev-e1637875823996-300x144.jpg 300w\" sizes=\"auto, (max-width: 640px) 100vw, 640px\" \/>Descompensaci\u00f3n diab\u00e9tica lo mantiene hospitalizado en San Felipe.-<\/span><\/h2>\n<\/div>\n<p dir=\"auto\">Sufriendo una descompensaci\u00f3n por la diabetes que lo aqueja ya largamente, el Consejero Regional Rolando Stevenson fue internado en el Hospital San Camilo de San Felipe hace algunas semanas. All\u00ed recibi\u00f3 la atenci\u00f3n requerida, incluyendo algunas curaciones.<\/p>\n<p>Lo anterior ocurri\u00f3 justo en la recta final de las recientes elecciones, donde Stevenson fue candidato a la reelecci\u00f3n como CORE. Afortunadamente, la gente reconoci\u00f3 su tremendo y permanente trabajo y lo premi\u00f3 con la primera mayor\u00eda, obteniendo 7.855 sufragios con un 14,78%. As\u00ed entonces estar\u00e1 para un pr\u00f3ximo periodo.<\/p>\n<p>Su familia, enterada del cari\u00f1o y preocupaci\u00f3n de la gente por la salud del Consejero, emiti\u00f3 el siguiente comunicado:<\/p>\n<div dir=\"auto\"><\/div>\n<div dir=\"auto\"><span style=\"color: #0000ff;\">&#8220;\u2028En nombre de la familia, queremos agradecer de todo coraz\u00f3n las muestras de apoyo, el cari\u00f1o, as\u00ed como los numerosos mensajes y oraciones que la comunidad de la provincia de San Felipe ha manifestado por la salud de nuestro padre Rolando Stevenson Velasco&#8221;.<\/span><\/div>\n<div dir=\"auto\"><\/div>\n<div dir=\"auto\"><\/div>\n<div dir=\"auto\"><span style=\"color: #0000ff;\">&#8220;Las \u00faltimas semanas han sido extremadamente dif\u00edciles para nosotros como familia al ver la salud de nuestro padre deteriorase, como consecuencia de una descompensaci\u00f3n diab\u00e9tica, justo cuando la campa\u00f1a CORE para las elecciones del 21 de noviembre llegaba a su momento culmine&#8221;.<\/span><\/div>\n<div dir=\"auto\"><\/div>\n<div dir=\"auto\"><\/div>\n<div dir=\"auto\"><span style=\"color: #0000ff;\">&#8220;Su compromiso con la gente y su vocaci\u00f3n de servicio para defender los intereses de la provincia siguen y seguir\u00e1n en vigencia cuando se recupere y vuelva a retomar sus funciones para el nuevo mandato que se le ha confiado una vez m\u00e1s&#8221;.<\/span><\/div>\n<div dir=\"auto\"><\/div>\n<div dir=\"auto\"><\/div>\n<div dir=\"auto\"><span style=\"color: #0000ff;\">&#8220;Tengan la certeza de que Rolando contin\u00faa escuchando a toda la gente que representa con orgullo&#8221;.<\/span><\/div>\n<div dir=\"auto\"><\/div>\n<div dir=\"auto\"><\/div>\n<div dir=\"auto\"><span style=\"color: #0000ff;\">Atentamente,<\/span><\/div>\n<div dir=\"auto\"><\/div>\n<div dir=\"auto\"><\/div>\n<div dir=\"auto\"><span style=\"color: #0000ff;\">Familia Stevenson Montenegro<\/span><\/div>\n<div class=\"o9v6fnle cxmmr5t8 oygrvhab hcukyx3x c1et5uql ii04i59q\">\n<p dir=\"auto\">\n<p dir=\"auto\"><span style=\"color: #0000ff;\">PD: Estamos a la espera del Comunicado Oficial del Hospital San Camilo de San Felipe para entregarlo a<\/span> <span style=\"color: #0000ff;\">toda la comunidad del Valle del Aconcagua.<\/span><\/p>\n<\/div>\n","protected":false},"excerpt":{"rendered":"<p>Descompensaci\u00f3n diab\u00e9tica lo mantiene hospitalizado en San Felipe.- Sufriendo una descompensaci\u00f3n por la diabetes que lo aqueja ya largamente, el Consejero Regional Rolando Stevenson fue internado en el Hospital San Camilo de San Felipe hace algunas semanas. All\u00ed recibi\u00f3 la atenci\u00f3n requerida, incluyendo algunas curaciones. Lo anterior ocurri\u00f3 justo en la recta final de las [&hellip;]<\/p>\n","protected":false},"author":1,"featured_media":28708,"comment_status":"open","ping_status":"open","sticky":false,"template":"","format":"standard","meta":{"footnotes":""},"categories":[15,5],"tags":[],"class_list":["post-28707","post","type-post","status-publish","format-standard","has-post-thumbnail","hentry","category-general","category-aconcagua"],"jetpack_sharing_enabled":true,"jetpack_featured_media_url":"http:\/\/putaendouno.cl\/wp-content\/uploads\/2021\/11\/Rolando-stev-e1637875823996.jpg","_links":{"self":[{"href":"http:\/\/putaendouno.cl\/index.php?rest_route=\/wp\/v2\/posts\/28707","targetHints":{"allow":["GET"]}}],"collection":[{"href":"http:\/\/putaendouno.cl\/index.php?rest_route=\/wp\/v2\/posts"}],"about":[{"href":"http:\/\/putaendouno.cl\/index.php?rest_route=\/wp\/v2\/types\/post"}],"author":[{"embeddable":true,"href":"http:\/\/putaendouno.cl\/index.php?rest_route=\/wp\/v2\/users\/1"}],"replies":[{"embeddable":true,"href":"http:\/\/putaendouno.cl\/index.php?rest_route=%2Fwp%2Fv2%2Fcomments&post=28707"}],"version-history":[{"count":6,"href":"http:\/\/putaendouno.cl\/index.php?rest_route=\/wp\/v2\/posts\/28707\/revisions"}],"predecessor-version":[{"id":28714,"href":"http:\/\/putaendouno.cl\/index.php?rest_route=\/wp\/v2\/posts\/28707\/revisions\/28714"}],"wp:featuredmedia":[{"embeddable":true,"href":"http:\/\/putaendouno.cl\/index.php?rest_route=\/wp\/v2\/media\/28708"}],"wp:attachment":[{"href":"http:\/\/putaendouno.cl\/index.php?rest_route=%2Fwp%2Fv2%2Fmedia&parent=28707"}],"wp:term":[{"taxonomy":"category","embeddable":true,"href":"http:\/\/putaendouno.cl\/index.php?rest_route=%2Fwp%2Fv2%2Fcategories&post=28707"},{"taxonomy":"post_tag","embeddable":true,"href":"http:\/\/putaendouno.cl\/index.php?rest_route=%2Fwp%2Fv2%2Ftags&post=28707"}],"curies":[{"name":"wp","href":"https:\/\/api.w.org\/{rel}","templated":true}]}}