{"id":28678,"date":"2021-11-18T01:00:56","date_gmt":"2021-11-18T04:00:56","guid":{"rendered":"https:\/\/putaendouno.cl\/?p=28678"},"modified":"2021-11-18T01:00:56","modified_gmt":"2021-11-18T04:00:56","slug":"fallece-luis-dimas-el-rey-del-twist","status":"publish","type":"post","link":"http:\/\/putaendouno.cl\/?p=28678","title":{"rendered":"Fallece Luis Dimas, el Rey del Twist"},"content":{"rendered":"<div class=\"lazysocialbuttons\" data-float=\"left\" data-buttons=\"google,twitter,facebook\" data-twshareurl=\"http:\/\/putaendouno.cl\/?p=28678\" data-twtext=\"\" data-shareurl=\"http:\/\/putaendouno.cl\/?p=28678\" data-fbhideflyout=\"false\" data-backgroundtype=\"light\"><\/div><div class=\"kvgmc6g5 cxmmr5t8 oygrvhab hcukyx3x c1et5uql ii04i59q\">\n<h2 dir=\"auto\"><span style=\"color: #0000ff;\"><img loading=\"lazy\" decoding=\"async\" class=\"aligncenter size-full wp-image-28679\" src=\"http:\/\/putaendouno.cl\/wp-content\/uploads\/2021\/11\/luis.jpg\" alt=\"\" width=\"608\" height=\"342\" srcset=\"http:\/\/putaendouno.cl\/wp-content\/uploads\/2021\/11\/luis.jpg 608w, http:\/\/putaendouno.cl\/wp-content\/uploads\/2021\/11\/luis-300x169.jpg 300w, http:\/\/putaendouno.cl\/wp-content\/uploads\/2021\/11\/luis-569x320.jpg 569w\" sizes=\"auto, (max-width: 608px) 100vw, 608px\" \/>Estaba internado de urgencia en Hospital Barros Luco.-<\/span><\/h2>\n<\/div>\n<p>Durante la noche de este mi\u00e9rcoles<strong>\u00a0se confirm\u00f3 la muerte de Luis Dimas<\/strong>, figura emblem\u00e1tica de la Nueva Ola,\u00a0<strong>a los 78 a\u00f1os<\/strong>.<\/p>\n<p>El deceso fue confirmado a\u00a0<strong>ADN<\/strong>\u00a0por\u00a0<strong>Jos\u00e9 Alfredo \u201cPollo\u201d Fuentes<\/strong>, uno de sus compa\u00f1eros de esta generaci\u00f3n musical.<\/p>\n<div id=\"adn_gpt-INTEXT\" data-google-query-id=\"CP7Ww_qAofQCFXEzuQYds-0L5Q\">\n<div id=\"google_ads_iframe_7811748\/adnradio_web\/noticias\/tiempo-libre\/intext_0__container__\">En principio, <strong>su hijo Salvador Misle<\/strong>\u00a0hab\u00eda comunicado que su padre se encontraba delicado de salud. Finalmente, pasadas las 23:00 horas, comunic\u00f3 la muerte del m\u00edtico artista.<\/div>\n<\/div>\n<p>Seg\u00fan informaci\u00f3n preliminar,\u00a0<strong>Luis Dimas habr\u00eda sufrido una descompensaci\u00f3n<\/strong>, por lo que fue trasladado hasta el Hospital Barros Luco. La causa de la muerte habr\u00eda sido una falla multisist\u00e9mica.<\/p>\n<p>R\u00e1pidamente hubo reacciones por parte del mundo art\u00edstico. La cantante\u00a0<strong>Cecilia, \u201cLa Incomparable\u201d<\/strong>, quien es asidua a las redes sociales, expres\u00f3: \u201cMe acabo de enterar de la muerte de Luis Dimas, realmente lo siento.\u00a0<strong>Env\u00edo un abrazo a su familia, mis sinceras condolencias. No lo puedo creer\u2026<\/strong>\u201d<\/p>\n<div class=\"center-content-image\"><\/div>\n<p><iframe loading=\"lazy\" title=\"Luis Dimas, Me Recordar\u00e1s - Sue\u00f1a, Festival de Vi\u00f1a 1996\" width=\"500\" height=\"375\" src=\"https:\/\/www.youtube.com\/embed\/3sgybIausdg?feature=oembed\" frameborder=\"0\" allow=\"accelerometer; autoplay; clipboard-write; encrypted-media; gyroscope; picture-in-picture; web-share\" referrerpolicy=\"strict-origin-when-cross-origin\" allowfullscreen><\/iframe><\/p>\n<p>&nbsp;<\/p>\n","protected":false},"excerpt":{"rendered":"<p>Estaba internado de urgencia en Hospital Barros Luco.- Durante la noche de este mi\u00e9rcoles\u00a0se confirm\u00f3 la muerte de Luis Dimas, figura emblem\u00e1tica de la Nueva Ola,\u00a0a los 78 a\u00f1os. El deceso fue confirmado a\u00a0ADN\u00a0por\u00a0Jos\u00e9 Alfredo \u201cPollo\u201d Fuentes, uno de sus compa\u00f1eros de esta generaci\u00f3n musical. En principio, su hijo Salvador Misle\u00a0hab\u00eda comunicado que su padre [&hellip;]<\/p>\n","protected":false},"author":1,"featured_media":28679,"comment_status":"open","ping_status":"open","sticky":false,"template":"","format":"standard","meta":{"footnotes":""},"categories":[7,15],"tags":[],"class_list":["post-28678","post","type-post","status-publish","format-standard","has-post-thumbnail","hentry","category-nacionales-y-otras","category-general"],"jetpack_sharing_enabled":true,"jetpack_featured_media_url":"http:\/\/putaendouno.cl\/wp-content\/uploads\/2021\/11\/luis.jpg","_links":{"self":[{"href":"http:\/\/putaendouno.cl\/index.php?rest_route=\/wp\/v2\/posts\/28678","targetHints":{"allow":["GET"]}}],"collection":[{"href":"http:\/\/putaendouno.cl\/index.php?rest_route=\/wp\/v2\/posts"}],"about":[{"href":"http:\/\/putaendouno.cl\/index.php?rest_route=\/wp\/v2\/types\/post"}],"author":[{"embeddable":true,"href":"http:\/\/putaendouno.cl\/index.php?rest_route=\/wp\/v2\/users\/1"}],"replies":[{"embeddable":true,"href":"http:\/\/putaendouno.cl\/index.php?rest_route=%2Fwp%2Fv2%2Fcomments&post=28678"}],"version-history":[{"count":1,"href":"http:\/\/putaendouno.cl\/index.php?rest_route=\/wp\/v2\/posts\/28678\/revisions"}],"predecessor-version":[{"id":28680,"href":"http:\/\/putaendouno.cl\/index.php?rest_route=\/wp\/v2\/posts\/28678\/revisions\/28680"}],"wp:featuredmedia":[{"embeddable":true,"href":"http:\/\/putaendouno.cl\/index.php?rest_route=\/wp\/v2\/media\/28679"}],"wp:attachment":[{"href":"http:\/\/putaendouno.cl\/index.php?rest_route=%2Fwp%2Fv2%2Fmedia&parent=28678"}],"wp:term":[{"taxonomy":"category","embeddable":true,"href":"http:\/\/putaendouno.cl\/index.php?rest_route=%2Fwp%2Fv2%2Fcategories&post=28678"},{"taxonomy":"post_tag","embeddable":true,"href":"http:\/\/putaendouno.cl\/index.php?rest_route=%2Fwp%2Fv2%2Ftags&post=28678"}],"curies":[{"name":"wp","href":"https:\/\/api.w.org\/{rel}","templated":true}]}}