{"id":28577,"date":"2021-09-25T21:48:44","date_gmt":"2021-09-26T00:48:44","guid":{"rendered":"https:\/\/putaendouno.cl\/?p=28577"},"modified":"2021-09-25T21:52:53","modified_gmt":"2021-09-26T00:52:53","slug":"doy-por-cantado-todo-lo-vivido","status":"publish","type":"post","link":"http:\/\/putaendouno.cl\/?p=28577","title":{"rendered":"&#8220;Doy por cantado todo lo vivido&#8221;"},"content":{"rendered":"<div class=\"lazysocialbuttons\" data-float=\"left\" data-buttons=\"google,twitter,facebook\" data-twshareurl=\"http:\/\/putaendouno.cl\/?p=28577\" data-twtext=\"\" data-shareurl=\"http:\/\/putaendouno.cl\/?p=28577\" data-fbhideflyout=\"false\" data-backgroundtype=\"light\"><\/div><h2><span style=\"color: #0000ff;\"><img loading=\"lazy\" decoding=\"async\" class=\"aligncenter size-full wp-image-28578\" src=\"http:\/\/putaendouno.cl\/wp-content\/uploads\/2021\/09\/mannsconcierto1-e1632617285346.png\" alt=\"\" width=\"640\" height=\"271\" \/>A los 84 a\u00f1os fallece el cantautor Patricio Manns.-<\/span><\/h2>\n<p>La familia de\u00a0<strong>Patricio Manns<\/strong>\u00a0inform\u00f3 que el artista, que\u00a0<a href=\"https:\/\/www.cooperativa.cl\/noticias\/entretencion\/musica\/muere-patricio-manns-a-los-84-anos\/2021-09-25\/105543.html\" target=\"_blank\" rel=\"noopener\">falleci\u00f3 este s\u00e1bado<\/a>, ser\u00e1 velado a partir de este domingo en el Teatro Nacional Chileno, ubicado en Morand\u00e9 25, en pleno centro de la capital.<\/p>\n<p>&#8220;El teatro estar\u00e1 abierto desde las 10 de la ma\u00f1ana para que todos sus amigos y seguidores puedan despedirse y homenajear a este gran artista que nos acaba de dejar.\u00a0<strong>Agradecemos de coraz\u00f3n todas las muestras de afecto, cari\u00f1o y apoyo&#8221;<\/strong>, indic\u00f3 su hija Liselotte Manns a trav\u00e9s de un comunicado en las redes sociales.<\/p>\n<p>La Universidad de Chile, a quien pertenece el hist\u00f3rico inmueble, detall\u00f3 que el velatorio se realizar\u00e1 la sala Antonio Varas entre las 10:00 y 18:00 horas.<\/p>\n<p><strong>Desde la casa de estudios remarcaron adem\u00e1s que se realizar\u00e1 siguiendo protocolos sanitarios, como ingreso por grupos al recinto y uso de mascarillas.<\/strong><\/p>\n<p>&#8220;La participaci\u00f3n de la comunidad se desarrollar\u00e1 siguiendo los protocolos sanitarios, con un<strong>\u00a0ingreso por grupos de 10 personas para mantener el aforo<\/strong>. Todo esto, considerando toma de temperatura, uso de mascarilla, entre otras medidas&#8221;, inform\u00f3 la Universidad de Chile.<\/p>\n<p>(Cp\/P1)<\/p>\n","protected":false},"excerpt":{"rendered":"<p>A los 84 a\u00f1os fallece el cantautor Patricio Manns.- La familia de\u00a0Patricio Manns\u00a0inform\u00f3 que el artista, que\u00a0falleci\u00f3 este s\u00e1bado, ser\u00e1 velado a partir de este domingo en el Teatro Nacional Chileno, ubicado en Morand\u00e9 25, en pleno centro de la capital. &#8220;El teatro estar\u00e1 abierto desde las 10 de la ma\u00f1ana para que todos sus [&hellip;]<\/p>\n","protected":false},"author":1,"featured_media":28578,"comment_status":"open","ping_status":"open","sticky":false,"template":"","format":"standard","meta":{"footnotes":""},"categories":[7,15],"tags":[],"class_list":["post-28577","post","type-post","status-publish","format-standard","has-post-thumbnail","hentry","category-nacionales-y-otras","category-general"],"jetpack_sharing_enabled":true,"jetpack_featured_media_url":"http:\/\/putaendouno.cl\/wp-content\/uploads\/2021\/09\/mannsconcierto1-e1632617285346.png","_links":{"self":[{"href":"http:\/\/putaendouno.cl\/index.php?rest_route=\/wp\/v2\/posts\/28577","targetHints":{"allow":["GET"]}}],"collection":[{"href":"http:\/\/putaendouno.cl\/index.php?rest_route=\/wp\/v2\/posts"}],"about":[{"href":"http:\/\/putaendouno.cl\/index.php?rest_route=\/wp\/v2\/types\/post"}],"author":[{"embeddable":true,"href":"http:\/\/putaendouno.cl\/index.php?rest_route=\/wp\/v2\/users\/1"}],"replies":[{"embeddable":true,"href":"http:\/\/putaendouno.cl\/index.php?rest_route=%2Fwp%2Fv2%2Fcomments&post=28577"}],"version-history":[{"count":2,"href":"http:\/\/putaendouno.cl\/index.php?rest_route=\/wp\/v2\/posts\/28577\/revisions"}],"predecessor-version":[{"id":28580,"href":"http:\/\/putaendouno.cl\/index.php?rest_route=\/wp\/v2\/posts\/28577\/revisions\/28580"}],"wp:featuredmedia":[{"embeddable":true,"href":"http:\/\/putaendouno.cl\/index.php?rest_route=\/wp\/v2\/media\/28578"}],"wp:attachment":[{"href":"http:\/\/putaendouno.cl\/index.php?rest_route=%2Fwp%2Fv2%2Fmedia&parent=28577"}],"wp:term":[{"taxonomy":"category","embeddable":true,"href":"http:\/\/putaendouno.cl\/index.php?rest_route=%2Fwp%2Fv2%2Fcategories&post=28577"},{"taxonomy":"post_tag","embeddable":true,"href":"http:\/\/putaendouno.cl\/index.php?rest_route=%2Fwp%2Fv2%2Ftags&post=28577"}],"curies":[{"name":"wp","href":"https:\/\/api.w.org\/{rel}","templated":true}]}}