{"id":28532,"date":"2021-08-10T16:50:38","date_gmt":"2021-08-10T20:50:38","guid":{"rendered":"http:\/\/putaendouno.cl\/?p=28532"},"modified":"2021-08-10T16:53:50","modified_gmt":"2021-08-10T20:53:50","slug":"extienden-bono-ife-hasta-noviembre","status":"publish","type":"post","link":"http:\/\/putaendouno.cl\/?p=28532","title":{"rendered":"Extienden bono IFE hasta noviembre"},"content":{"rendered":"<div class=\"lazysocialbuttons\" data-float=\"left\" data-buttons=\"google,twitter,facebook\" data-twshareurl=\"http:\/\/putaendouno.cl\/?p=28532\" data-twtext=\"\" data-shareurl=\"http:\/\/putaendouno.cl\/?p=28532\" data-fbhideflyout=\"false\" data-backgroundtype=\"light\"><\/div><h2><span style=\"color: #0000ff;\"><img loading=\"lazy\" decoding=\"async\" class=\"aligncenter wp-image-28533\" src=\"http:\/\/putaendouno.cl\/wp-content\/uploads\/2021\/08\/ife-mas-e1628628562198.jpg\" alt=\"\" width=\"603\" height=\"303\" \/>Pi\u00f1era anunci\u00f3 la medida acompa\u00f1ado de sus ministros.-<\/span><\/h2>\n<p>La Presidencia anunci\u00f3 el <strong>reforzamiento de la Red de Protecci\u00f3n Social<\/strong> para hacer frente a la crisis provocada por la pandemia.<\/p>\n<p>La noticia la comunic\u00f3 el presidente Pi\u00f1era acompa\u00f1ado por los ministros de Desarrollo Social, Karla Rubilar; de Hacienda, Rodrigo Cerda; de Segpres, Juan Jos\u00e9 Ossa; y del Trabajo, Patricio Melero.<\/p>\n<p>La autoridad indic\u00f3 que <span style=\"color: #0000ff;\"><strong>se decidi\u00f3 extender durante octubre y noviembre el Ingreso Familiar de Emergencia (IFE) Universal<\/strong><\/span>, de forma \u201cde proteger y llevar alivio a las familias chilenas\u201d.<\/p>\n<p>\u201cDado que el IFE Universal se paga al mes siguiente,\u00a0<strong>en noviembre y diciembre las familias beneficiadas recibir\u00e1n el 100% del IFE Universal\u201d<\/strong>, dijo Pi\u00f1era.<\/p>\n<p>Cabe destacar que el pasado viernes 6 agosto comenz\u00f3 un nuevo proceso de inscripci\u00f3n para recibir esta ayuda estatal, proceso que se extender\u00e1 hasta el <strong>16 del presente mes<\/strong>.<\/p>\n<p>Los pagos se comenzar\u00e1n a transferir a partir del 30 de agosto.<\/p>\n<div class=\"lee-tambien-bbcl\">\n<h3 class=\"lee-tambien-caja\"><span style=\"color: #0000ff;\">\u201cIFE Laboral\u201d<\/span><\/h3>\n<\/div>\n<p>La segunda medida que anunci\u00f3 el jefe de Estado fue la creaci\u00f3n de un\u00a0<strong>Subsidio al Trabajo<\/strong>, el que denomin\u00f3 como \u201cIFE Laboral\u201d.<\/p>\n<p>Lo anterior consiste en un\u00a0<strong>subsidio mensual que se pagar\u00e1 directamente a todos los trabajadores que encuentren un empleo formal durante este a\u00f1o 2021.<\/strong><\/p>\n<p>El subsidio\u00a0<strong>se pagar\u00e1 directamente al trabajador<\/strong>\u00a0y se sumar\u00e1 a las remuneraciones que ellos obtengan.<\/p>\n<p>\u201cCon este IFE Laboral se espera\u00a0<strong>incentivar la creaci\u00f3n de 500 mil nuevos empleos formales<\/strong>, y especialmente, empleos para mujeres\u201d, se explic\u00f3 a trav\u00e9s de un documento.<\/p>\n<blockquote><p>-Para las mujeres -las m\u00e1s afectadas por las p\u00e9rdidas de empleo- el monto de este Subsidio al Trabajo pagar\u00e1 un 60% de su remuneraci\u00f3n, con un tope mensual de $250 mil.<\/p>\n<p>-En el caso de los hombres, este subsidio ser\u00e1 del 50% de la remuneraci\u00f3n, con un tope de $200 mil mensuales.<\/p><\/blockquote>\n<p>Por \u00faltimo, Pi\u00f1era sostuvo que se <strong>fortalecer\u00e1 el apoyo a los microempresarios<\/strong>, a trav\u00e9s del robustecimiento de los Programas del Fosis, \u201cayudando as\u00ed al reemprendimiento a 200 mil microempresarios\u201d.<\/p>\n","protected":false},"excerpt":{"rendered":"<p>Pi\u00f1era anunci\u00f3 la medida acompa\u00f1ado de sus ministros.- La Presidencia anunci\u00f3 el reforzamiento de la Red de Protecci\u00f3n Social para hacer frente a la crisis provocada por la pandemia. La noticia la comunic\u00f3 el presidente Pi\u00f1era acompa\u00f1ado por los ministros de Desarrollo Social, Karla Rubilar; de Hacienda, Rodrigo Cerda; de Segpres, Juan Jos\u00e9 Ossa; y [&hellip;]<\/p>\n","protected":false},"author":1,"featured_media":28533,"comment_status":"open","ping_status":"open","sticky":false,"template":"","format":"standard","meta":{"footnotes":""},"categories":[7,15],"tags":[],"class_list":["post-28532","post","type-post","status-publish","format-standard","has-post-thumbnail","hentry","category-nacionales-y-otras","category-general"],"jetpack_sharing_enabled":true,"jetpack_featured_media_url":"http:\/\/putaendouno.cl\/wp-content\/uploads\/2021\/08\/ife-mas-e1628628562198.jpg","_links":{"self":[{"href":"http:\/\/putaendouno.cl\/index.php?rest_route=\/wp\/v2\/posts\/28532","targetHints":{"allow":["GET"]}}],"collection":[{"href":"http:\/\/putaendouno.cl\/index.php?rest_route=\/wp\/v2\/posts"}],"about":[{"href":"http:\/\/putaendouno.cl\/index.php?rest_route=\/wp\/v2\/types\/post"}],"author":[{"embeddable":true,"href":"http:\/\/putaendouno.cl\/index.php?rest_route=\/wp\/v2\/users\/1"}],"replies":[{"embeddable":true,"href":"http:\/\/putaendouno.cl\/index.php?rest_route=%2Fwp%2Fv2%2Fcomments&post=28532"}],"version-history":[{"count":1,"href":"http:\/\/putaendouno.cl\/index.php?rest_route=\/wp\/v2\/posts\/28532\/revisions"}],"predecessor-version":[{"id":28534,"href":"http:\/\/putaendouno.cl\/index.php?rest_route=\/wp\/v2\/posts\/28532\/revisions\/28534"}],"wp:featuredmedia":[{"embeddable":true,"href":"http:\/\/putaendouno.cl\/index.php?rest_route=\/wp\/v2\/media\/28533"}],"wp:attachment":[{"href":"http:\/\/putaendouno.cl\/index.php?rest_route=%2Fwp%2Fv2%2Fmedia&parent=28532"}],"wp:term":[{"taxonomy":"category","embeddable":true,"href":"http:\/\/putaendouno.cl\/index.php?rest_route=%2Fwp%2Fv2%2Fcategories&post=28532"},{"taxonomy":"post_tag","embeddable":true,"href":"http:\/\/putaendouno.cl\/index.php?rest_route=%2Fwp%2Fv2%2Ftags&post=28532"}],"curies":[{"name":"wp","href":"https:\/\/api.w.org\/{rel}","templated":true}]}}