{"id":28475,"date":"2021-06-30T14:14:13","date_gmt":"2021-06-30T18:14:13","guid":{"rendered":"http:\/\/putaendouno.cl\/?p=28475"},"modified":"2021-06-30T14:14:33","modified_gmt":"2021-06-30T18:14:33","slug":"fallece-principal-impulsor-de-la-reforma-agraria","status":"publish","type":"post","link":"http:\/\/putaendouno.cl\/?p=28475","title":{"rendered":"Fallece principal impulsor de la Reforma Agraria"},"content":{"rendered":"<div class=\"lazysocialbuttons\" data-float=\"left\" data-buttons=\"google,twitter,facebook\" data-twshareurl=\"http:\/\/putaendouno.cl\/?p=28475\" data-twtext=\"\" data-shareurl=\"http:\/\/putaendouno.cl\/?p=28475\" data-fbhideflyout=\"false\" data-backgroundtype=\"light\"><\/div><h2><span style=\"color: #0000ff;\"> <img loading=\"lazy\" decoding=\"async\" class=\"aligncenter wp-image-28477\" src=\"http:\/\/putaendouno.cl\/wp-content\/uploads\/2021\/06\/campesinos-chilenos-e1280511496463-620x330-1-e1625076746904.jpg\" alt=\"\" width=\"719\" height=\"347\" srcset=\"http:\/\/putaendouno.cl\/wp-content\/uploads\/2021\/06\/campesinos-chilenos-e1280511496463-620x330-1-e1625076746904.jpg 400w, http:\/\/putaendouno.cl\/wp-content\/uploads\/2021\/06\/campesinos-chilenos-e1280511496463-620x330-1-e1625076746904-300x145.jpg 300w\" sizes=\"auto, (max-width: 719px) 100vw, 719px\" \/>Rafael Moreno Rojas fallece a los 84 a\u00f1os, en su casa.<\/span><\/h2>\n<p><strong>El ex senador y ex embajador Rafael Moreno Rojas muri\u00f3 a los 84 a\u00f1os<\/strong>, en su casa en Santiago, <img loading=\"lazy\" decoding=\"async\" class=\"alignleft wp-image-28476\" src=\"http:\/\/putaendouno.cl\/wp-content\/uploads\/2021\/06\/Rafael_Moreno_Rojas.png\" alt=\"\" width=\"199\" height=\"255\" srcset=\"http:\/\/putaendouno.cl\/wp-content\/uploads\/2021\/06\/Rafael_Moreno_Rojas.png 415w, http:\/\/putaendouno.cl\/wp-content\/uploads\/2021\/06\/Rafael_Moreno_Rojas-234x300.png 234w, http:\/\/putaendouno.cl\/wp-content\/uploads\/2021\/06\/Rafael_Moreno_Rojas-250x320.png 250w\" sizes=\"auto, (max-width: 199px) 100vw, 199px\" \/>luego de una larga enfermedad que lo aquejaba.<\/p>\n<p><strong>La Democracia Cristiana record\u00f3 que su &#8220;activo y brillante militante y dirigente&#8221; fue el personaje clave de la reforma agraria<\/strong>, al asumir en 1964 como\u00a0<strong>vicepresidente ejecutivo de la Corporaci\u00f3n de la Reforma Agraria (CORA<\/strong>), durante el gobierno de Eduardo Frei Montalva, donde &#8220;escribi\u00f3 una de las historias m\u00e1s destacadas de justicia y equidad que ha conocido nuestro pa\u00eds. Una pol\u00edtica p\u00fablica que parec\u00eda imposible y que sin embargo, con voluntad y valent\u00eda se hizo realidad&#8221;.<\/p>\n<p>&#8220;En todas las instancias -y desde temprana edad-\u00a0<strong>forj\u00f3 nuestra identidad partidaria, hacia una fuerza pol\u00edtica que abrir\u00eda la justicia social para los m\u00e1s despose\u00eddos<\/strong>, los postergados, los campesinos&#8221;, evoc\u00f3 su partido.<\/p>\n<div id=\"video-inread\" class=\"video-inread\">\n<div id=\"content-reproductor-inread\" class=\"content-reproductor-inread contMiniPlayer\">\n<div id=\"ima-inread\" class=\"ima-inread\">\n<div>El ingeniero agr\u00f3nomo fue adem\u00e1s <strong>senador por la Quinta Agrupaci\u00f3n Provincial O&#8217;Higgins y Colchagua, entre 1972 y 1973<\/strong>; y luego por\u00a0<strong>9\u00aa Circunscripci\u00f3n de O&#8217;Higgins, entre 1998 y 2006<\/strong>. Entre 2006 y 2010 asumi\u00f3 como embajador de Chile en el Reino Unido.<\/div>\n<\/div>\n<\/div>\n<\/div>\n<p>&#8220;Legisl\u00f3 siempre a favor de los campesinos y por un pa\u00eds m\u00e1s inclusivo y justo. Tambi\u00e9n -tras la recuperaci\u00f3n de la democracia- represent\u00f3 a Chile en instancias internacionales tales como la Agencia Internacional de Cooperaci\u00f3n, y ejerci\u00f3 la docencia y promovi\u00f3 en el mundo una pol\u00edtica p\u00fablica tan destacada como la Reforma Agraria. Siempre estuvo a la altura de los desaf\u00edos en cada instancia donde particip\u00f3&#8221;, enfatiz\u00f3 la DC.<\/p>\n<p>&#8220;La Democracia Cristiana seguir\u00e1 trabajando por una patria m\u00e1s justa, equitativa, noble y en donde cada uno de nosotros tenga cabida. Tal como Rafael siempre so\u00f1\u00f3&#8221;, concluy\u00f3 el partido.<\/p>\n<p>Moreno Rojas\u00a0<strong><span data-mce-mark=\"1\">naci\u00f3 el 14 de agosto de 1936<\/span><\/strong>, en Santiago, y estaba casado con Gloria Orb Castellano, con quien tuvo dos hijos: Rafael y Pablo.<\/p>\n<p>Realiz\u00f3 sus estudios primarios y secundarios en diversos colegios, como Padres Franceses, Instituto de Humanidades Luis Campino e Instituto Nacional; para luego titularse como ingeniero agr\u00f3nomo de la UC en 1958, con la tesis &#8220;La intensidad del uso del suelo de acuerdo al tama\u00f1o de los predios agr\u00edcolas en Chile&#8221;.<\/p>\n<p>En 1960 logr\u00f3 un\u00a0<strong>m\u00e1ster en la Universidad de Illinois<\/strong>, Estados Unidos, con la tesis\u00a0<strong>&#8220;Un plan de Reforma Agraria: como podr\u00eda ser aplicado en Chile&#8221;<\/strong>.<\/p>\n","protected":false},"excerpt":{"rendered":"<p>Rafael Moreno Rojas fallece a los 84 a\u00f1os, en su casa. El ex senador y ex embajador Rafael Moreno Rojas muri\u00f3 a los 84 a\u00f1os, en su casa en Santiago, luego de una larga enfermedad que lo aquejaba. La Democracia Cristiana record\u00f3 que su &#8220;activo y brillante militante y dirigente&#8221; fue el personaje clave de [&hellip;]<\/p>\n","protected":false},"author":1,"featured_media":28477,"comment_status":"open","ping_status":"open","sticky":false,"template":"","format":"standard","meta":{"footnotes":""},"categories":[7,15],"tags":[],"class_list":["post-28475","post","type-post","status-publish","format-standard","has-post-thumbnail","hentry","category-nacionales-y-otras","category-general"],"jetpack_sharing_enabled":true,"jetpack_featured_media_url":"http:\/\/putaendouno.cl\/wp-content\/uploads\/2021\/06\/campesinos-chilenos-e1280511496463-620x330-1-e1625076746904.jpg","_links":{"self":[{"href":"http:\/\/putaendouno.cl\/index.php?rest_route=\/wp\/v2\/posts\/28475","targetHints":{"allow":["GET"]}}],"collection":[{"href":"http:\/\/putaendouno.cl\/index.php?rest_route=\/wp\/v2\/posts"}],"about":[{"href":"http:\/\/putaendouno.cl\/index.php?rest_route=\/wp\/v2\/types\/post"}],"author":[{"embeddable":true,"href":"http:\/\/putaendouno.cl\/index.php?rest_route=\/wp\/v2\/users\/1"}],"replies":[{"embeddable":true,"href":"http:\/\/putaendouno.cl\/index.php?rest_route=%2Fwp%2Fv2%2Fcomments&post=28475"}],"version-history":[{"count":1,"href":"http:\/\/putaendouno.cl\/index.php?rest_route=\/wp\/v2\/posts\/28475\/revisions"}],"predecessor-version":[{"id":28478,"href":"http:\/\/putaendouno.cl\/index.php?rest_route=\/wp\/v2\/posts\/28475\/revisions\/28478"}],"wp:featuredmedia":[{"embeddable":true,"href":"http:\/\/putaendouno.cl\/index.php?rest_route=\/wp\/v2\/media\/28477"}],"wp:attachment":[{"href":"http:\/\/putaendouno.cl\/index.php?rest_route=%2Fwp%2Fv2%2Fmedia&parent=28475"}],"wp:term":[{"taxonomy":"category","embeddable":true,"href":"http:\/\/putaendouno.cl\/index.php?rest_route=%2Fwp%2Fv2%2Fcategories&post=28475"},{"taxonomy":"post_tag","embeddable":true,"href":"http:\/\/putaendouno.cl\/index.php?rest_route=%2Fwp%2Fv2%2Ftags&post=28475"}],"curies":[{"name":"wp","href":"https:\/\/api.w.org\/{rel}","templated":true}]}}