{"id":28435,"date":"2021-05-26T23:03:53","date_gmt":"2021-05-27T03:03:53","guid":{"rendered":"http:\/\/putaendouno.cl\/?p=28435"},"modified":"2021-05-26T23:07:51","modified_gmt":"2021-05-27T03:07:51","slug":"cesfam-los-libertadores-vacunara-tambien-proximo-sabado","status":"publish","type":"post","link":"http:\/\/putaendouno.cl\/?p=28435","title":{"rendered":"Cesfam Los Libertadores vacunar\u00e1 tambi\u00e9n pr\u00f3ximo s\u00e1bado"},"content":{"rendered":"<div class=\"lazysocialbuttons\" data-float=\"left\" data-buttons=\"google,twitter,facebook\" data-twshareurl=\"http:\/\/putaendouno.cl\/?p=28435\" data-twtext=\"\" data-shareurl=\"http:\/\/putaendouno.cl\/?p=28435\" data-fbhideflyout=\"false\" data-backgroundtype=\"light\"><\/div><div class=\"kvgmc6g5 cxmmr5t8 oygrvhab hcukyx3x c1et5uql ii04i59q\">\n<h2 dir=\"auto\"><span style=\"color: #0000ff;\"><img loading=\"lazy\" decoding=\"async\" class=\"aligncenter size-full wp-image-28436\" src=\"http:\/\/putaendouno.cl\/wp-content\/uploads\/2021\/05\/cesfam.jpg\" alt=\"\" width=\"843\" height=\"523\" srcset=\"http:\/\/putaendouno.cl\/wp-content\/uploads\/2021\/05\/cesfam.jpg 843w, http:\/\/putaendouno.cl\/wp-content\/uploads\/2021\/05\/cesfam-300x186.jpg 300w, http:\/\/putaendouno.cl\/wp-content\/uploads\/2021\/05\/cesfam-516x320.jpg 516w, http:\/\/putaendouno.cl\/wp-content\/uploads\/2021\/05\/cesfam-768x476.jpg 768w\" sizes=\"auto, (max-width: 843px) 100vw, 843px\" \/>Medida apunta a incrementar los \u00edndices de vacunaci\u00f3n frente a &#8220;pase de movilidad&#8221;.-<\/span><\/h2>\n<div dir=\"auto\">\n<p>Desde el Municipio de Putaendo se inform\u00f3 que este s\u00e1bado 29 de mayo habr\u00e1 vacunaci\u00f3n contra covid e influenza en el Cesfam Valle de Los Libertadores.<\/p>\n<p>El horario de vacunaci\u00f3n ser\u00e1 solo de<span style=\"color: #0000ff;\"> 8:00 a 12:30 horas.<\/span><\/p>\n<p>La medida est\u00e1 en l\u00ednea con lo dispuesto por el Ministerio de Salud, considerando que este mi\u00e9rcoles se public\u00f3 en el Diario Oficial la normativa que establece el sistema para obtenci\u00f3n del <span style=\"color: #0000ff;\">&#8220;pase de movilidad&#8221;<\/span> para quienes cuenten con las dos vacunas contra el covid. El pase permite libre movilidad a los vacunados en cualquier fase, con lo que se liberan las restricciones para acudir a los respectivos trabajos.<\/p>\n<h3><span style=\"color: #0000ff;\"><strong>\u00bfQui\u00e9nes se pueden vacunar?<\/strong><\/span><\/h3>\n<p><span style=\"color: #0000ff;\">Covid19:<\/span><\/p>\n<ul>\n<li>Primera dosis a personas sin patolog\u00edas cr\u00f3nicas desde los 26 a\u00f1os en adelante.<\/li>\n<li>Primera dosis a personas con enfermedades cr\u00f3nicas entre 18 y 24 a\u00f1os.<\/li>\n<li>Embarazadas a contar de las 16 semanas de edad gestacional.<\/li>\n<li>Segundas dosis respecto al calendario de la primera vacunaci\u00f3n.<\/li>\n<\/ul>\n<p><span style=\"color: #0000ff;\">Influenza:<\/span><\/p>\n<ul>\n<li>Trabajadoras(es) de educaci\u00f3n escolar y pre escolar hasta quinto a\u00f1o b\u00e1sico.<\/li>\n<li>Ni\u00f1as y ni\u00f1os de 6 a 10 a\u00f1os.<\/li>\n<li>Funcionarios P\u00fablicos.<\/li>\n<li>Trabajadores av\u00edcolas y de criaderos de cerdos.<\/li>\n<li>Mujeres con notificaci\u00f3n reciente de embarazo.<\/li>\n<\/ul>\n<p>&nbsp;<\/p>\n<\/div>\n<\/div>\n","protected":false},"excerpt":{"rendered":"<p>Medida apunta a incrementar los \u00edndices de vacunaci\u00f3n frente a &#8220;pase de movilidad&#8221;.- Desde el Municipio de Putaendo se inform\u00f3 que este s\u00e1bado 29 de mayo habr\u00e1 vacunaci\u00f3n contra covid e influenza en el Cesfam Valle de Los Libertadores. El horario de vacunaci\u00f3n ser\u00e1 solo de 8:00 a 12:30 horas. La medida est\u00e1 en l\u00ednea [&hellip;]<\/p>\n","protected":false},"author":1,"featured_media":28436,"comment_status":"open","ping_status":"open","sticky":false,"template":"","format":"standard","meta":{"footnotes":""},"categories":[15,4],"tags":[],"class_list":["post-28435","post","type-post","status-publish","format-standard","has-post-thumbnail","hentry","category-general","category-putaendo"],"jetpack_sharing_enabled":true,"jetpack_featured_media_url":"http:\/\/putaendouno.cl\/wp-content\/uploads\/2021\/05\/cesfam.jpg","_links":{"self":[{"href":"http:\/\/putaendouno.cl\/index.php?rest_route=\/wp\/v2\/posts\/28435","targetHints":{"allow":["GET"]}}],"collection":[{"href":"http:\/\/putaendouno.cl\/index.php?rest_route=\/wp\/v2\/posts"}],"about":[{"href":"http:\/\/putaendouno.cl\/index.php?rest_route=\/wp\/v2\/types\/post"}],"author":[{"embeddable":true,"href":"http:\/\/putaendouno.cl\/index.php?rest_route=\/wp\/v2\/users\/1"}],"replies":[{"embeddable":true,"href":"http:\/\/putaendouno.cl\/index.php?rest_route=%2Fwp%2Fv2%2Fcomments&post=28435"}],"version-history":[{"count":3,"href":"http:\/\/putaendouno.cl\/index.php?rest_route=\/wp\/v2\/posts\/28435\/revisions"}],"predecessor-version":[{"id":28439,"href":"http:\/\/putaendouno.cl\/index.php?rest_route=\/wp\/v2\/posts\/28435\/revisions\/28439"}],"wp:featuredmedia":[{"embeddable":true,"href":"http:\/\/putaendouno.cl\/index.php?rest_route=\/wp\/v2\/media\/28436"}],"wp:attachment":[{"href":"http:\/\/putaendouno.cl\/index.php?rest_route=%2Fwp%2Fv2%2Fmedia&parent=28435"}],"wp:term":[{"taxonomy":"category","embeddable":true,"href":"http:\/\/putaendouno.cl\/index.php?rest_route=%2Fwp%2Fv2%2Fcategories&post=28435"},{"taxonomy":"post_tag","embeddable":true,"href":"http:\/\/putaendouno.cl\/index.php?rest_route=%2Fwp%2Fv2%2Ftags&post=28435"}],"curies":[{"name":"wp","href":"https:\/\/api.w.org\/{rel}","templated":true}]}}