{"id":28341,"date":"2021-03-11T22:11:43","date_gmt":"2021-03-12T01:11:43","guid":{"rendered":"http:\/\/putaendouno.cl\/?p=28341"},"modified":"2021-03-11T22:11:43","modified_gmt":"2021-03-12T01:11:43","slug":"toque-de-queda-a-las-22-hrs-desde-el-sabado","status":"publish","type":"post","link":"http:\/\/putaendouno.cl\/?p=28341","title":{"rendered":"Toque de queda a las 22 hrs desde el s\u00e1bado"},"content":{"rendered":"<div class=\"lazysocialbuttons\" data-float=\"left\" data-buttons=\"google,twitter,facebook\" data-twshareurl=\"http:\/\/putaendouno.cl\/?p=28341\" data-twtext=\"\" data-shareurl=\"http:\/\/putaendouno.cl\/?p=28341\" data-fbhideflyout=\"false\" data-backgroundtype=\"light\"><\/div><h2><span style=\"color: #0000ff;\"><img loading=\"lazy\" decoding=\"async\" class=\"aligncenter size-full wp-image-28343\" src=\"http:\/\/putaendouno.cl\/wp-content\/uploads\/2021\/03\/TOQUE-1.jpg\" alt=\"\" width=\"640\" height=\"320\" srcset=\"http:\/\/putaendouno.cl\/wp-content\/uploads\/2021\/03\/TOQUE-1.jpg 640w, http:\/\/putaendouno.cl\/wp-content\/uploads\/2021\/03\/TOQUE-1-300x150.jpg 300w\" sizes=\"auto, (max-width: 640px) 100vw, 640px\" \/>Comercio minorista y restaurantes deben cerrar a las 20 horas.-\u00a0<\/span><\/h2>\n<p>La\u00a0<strong>subsecretaria de Prevenci\u00f3n del Delito, Katherine Martorell<\/strong>, anunci\u00f3 este jueves que el gobierno decidi\u00f3 adelantar el inicio del toque de queda en una hora.<\/p>\n<p>De este modo,<strong>\u00a0a partir de este s\u00e1bado 13 de marzo, la restricci\u00f3n comenzar\u00e1 a regir a partir de las 22 horas.\u00a0<\/strong><\/p>\n<p>El anuncio forma parte del\u00a0<strong>endurecimiento de las medidas sanitarias para enfrentar la pandemia<\/strong>\u00a0del COVID-19.<\/p>\n<p>La subsecretaria tambi\u00e9n comunic\u00f3 que desde esa misma jornada\u00a0<strong>el cierre de comercio minorista, restaurantes y atenci\u00f3n a p\u00fablico ser\u00e1 a las 20 horas.\u00a0<\/strong><\/p>\n<p>Este jueves el Minsal confirm\u00f3 5.566 nuevos casos y 156 muertes reportadas en las \u00faltimas 24 horas, cifras que muestran un alza sostenida de los contagios, raz\u00f3n por la que\u00a0<a href=\"https:\/\/www.cnnchile.com\/coronavirus\/region-metropolitana-fase-2-sabado_20210311\/\">retrocedi\u00f3 a toda la Regi\u00f3n Metropolitana a fase 2 desde este s\u00e1bado<\/a>.<\/p>\n","protected":false},"excerpt":{"rendered":"<p>Comercio minorista y restaurantes deben cerrar a las 20 horas.-\u00a0 La\u00a0subsecretaria de Prevenci\u00f3n del Delito, Katherine Martorell, anunci\u00f3 este jueves que el gobierno decidi\u00f3 adelantar el inicio del toque de queda en una hora. De este modo,\u00a0a partir de este s\u00e1bado 13 de marzo, la restricci\u00f3n comenzar\u00e1 a regir a partir de las 22 horas.\u00a0 [&hellip;]<\/p>\n","protected":false},"author":1,"featured_media":28343,"comment_status":"open","ping_status":"open","sticky":false,"template":"","format":"standard","meta":{"footnotes":""},"categories":[15],"tags":[],"class_list":["post-28341","post","type-post","status-publish","format-standard","has-post-thumbnail","hentry","category-general"],"jetpack_sharing_enabled":true,"jetpack_featured_media_url":"http:\/\/putaendouno.cl\/wp-content\/uploads\/2021\/03\/TOQUE-1.jpg","_links":{"self":[{"href":"http:\/\/putaendouno.cl\/index.php?rest_route=\/wp\/v2\/posts\/28341","targetHints":{"allow":["GET"]}}],"collection":[{"href":"http:\/\/putaendouno.cl\/index.php?rest_route=\/wp\/v2\/posts"}],"about":[{"href":"http:\/\/putaendouno.cl\/index.php?rest_route=\/wp\/v2\/types\/post"}],"author":[{"embeddable":true,"href":"http:\/\/putaendouno.cl\/index.php?rest_route=\/wp\/v2\/users\/1"}],"replies":[{"embeddable":true,"href":"http:\/\/putaendouno.cl\/index.php?rest_route=%2Fwp%2Fv2%2Fcomments&post=28341"}],"version-history":[{"count":1,"href":"http:\/\/putaendouno.cl\/index.php?rest_route=\/wp\/v2\/posts\/28341\/revisions"}],"predecessor-version":[{"id":28344,"href":"http:\/\/putaendouno.cl\/index.php?rest_route=\/wp\/v2\/posts\/28341\/revisions\/28344"}],"wp:featuredmedia":[{"embeddable":true,"href":"http:\/\/putaendouno.cl\/index.php?rest_route=\/wp\/v2\/media\/28343"}],"wp:attachment":[{"href":"http:\/\/putaendouno.cl\/index.php?rest_route=%2Fwp%2Fv2%2Fmedia&parent=28341"}],"wp:term":[{"taxonomy":"category","embeddable":true,"href":"http:\/\/putaendouno.cl\/index.php?rest_route=%2Fwp%2Fv2%2Fcategories&post=28341"},{"taxonomy":"post_tag","embeddable":true,"href":"http:\/\/putaendouno.cl\/index.php?rest_route=%2Fwp%2Fv2%2Ftags&post=28341"}],"curies":[{"name":"wp","href":"https:\/\/api.w.org\/{rel}","templated":true}]}}