{"id":28317,"date":"2021-03-07T23:49:55","date_gmt":"2021-03-08T02:49:55","guid":{"rendered":"http:\/\/putaendouno.cl\/?p=28317"},"modified":"2021-03-07T23:57:34","modified_gmt":"2021-03-08T02:57:34","slug":"mi-tiempo-vale-mas-que-el-tuyo","status":"publish","type":"post","link":"http:\/\/putaendouno.cl\/?p=28317","title":{"rendered":"&#8220;Mi tiempo vale m\u00e1s que el tuyo&#8230;&#8221;"},"content":{"rendered":"<div class=\"lazysocialbuttons\" data-float=\"left\" data-buttons=\"google,twitter,facebook\" data-twshareurl=\"http:\/\/putaendouno.cl\/?p=28317\" data-twtext=\"\" data-shareurl=\"http:\/\/putaendouno.cl\/?p=28317\" data-fbhideflyout=\"false\" data-backgroundtype=\"light\"><\/div><div class=\"kvgmc6g5 cxmmr5t8 oygrvhab hcukyx3x c1et5uql ii04i59q\">\n<h2 dir=\"auto\"><span style=\"color: #0000ff;\"><img loading=\"lazy\" decoding=\"async\" class=\"aligncenter size-full wp-image-28318\" src=\"http:\/\/putaendouno.cl\/wp-content\/uploads\/2021\/03\/playa.jpg\" alt=\"\" width=\"640\" height=\"319\" srcset=\"http:\/\/putaendouno.cl\/wp-content\/uploads\/2021\/03\/playa.jpg 640w, http:\/\/putaendouno.cl\/wp-content\/uploads\/2021\/03\/playa-300x150.jpg 300w\" sizes=\"auto, (max-width: 640px) 100vw, 640px\" \/><\/span><\/h2>\n<h2><span style=\"color: #0000ff;\"><strong>Es lo que ha escuchado desde siempre en su hogar.-<\/strong><\/span><\/h2>\n<h3><span style=\"color: #0000ff;\"><strong>Por Iv\u00e1n Chac\u00f3n (*)<\/strong><\/span><\/h3>\n<p>\u201cMi tiempo vale plata, mucho m\u00e1s que el tuyo\u2026primera generaci\u00f3n que va al colegio y me est\u00e1s hueveando\u2026yo pago tu sueldo, \u00e1ndate de ac\u00e1, no te quiero ver\u2026\u201d. La mujer intenta justificarse despu\u00e9s por lo que dijo y termina reconociendo que \u201cno es la forma\u201d. No vislumbra que es el fondo de sus palabras lo verdaderamente agresivo.<\/p>\n<p>La forma es grotesca, sin duda, pero el fondo es profundamente clasista. Todas las frases de la mujer son de menosprecio, de supremac\u00eda, en el tono del patr\u00f3n de la hacienda. La fiscalizadora no solo le est\u00e1 haciendo perder su valioso tiempo que, por supuesto, vale m\u00e1s que el de ella, sino que no tiene la alcurnia ni la cuna para dirigirse a ella, porque pertenece a una clase social que reci\u00e9n conoce un colegio. Termina reduci\u00e9ndola a la categor\u00eda despreciable de una asalariada a la que su clase le paga el sueldo. En el paroxismo de su desvar\u00edo la expulsa: \u201cno te quiero ver ac\u00e1\u201d (no perteneces aqu\u00ed, eres inferior).<\/p>\n<p>La mujer no necesita pensar lo que est\u00e1 diciendo, le sale de corrido, en forma natural. Es lo que ha escuchado desde siempre en su hogar, en su c\u00edrculo cercano, en su mundo.<\/p>\n<p>____________________________________________________________________________________<\/p>\n<h3><span style=\"color: #0000ff;\"><strong>(*) Iv\u00e1n Chac\u00f3n es Ingeniero Forestal de la Universidad de Chile.-<\/strong><\/span><\/h3>\n<p>&nbsp;<\/p>\n<h2 dir=\"auto\"><span style=\"color: #0000ff;\">\u00a0<\/span><\/h2>\n<\/div>\n","protected":false},"excerpt":{"rendered":"<p>Es lo que ha escuchado desde siempre en su hogar.- Por Iv\u00e1n Chac\u00f3n (*) \u201cMi tiempo vale plata, mucho m\u00e1s que el tuyo\u2026primera generaci\u00f3n que va al colegio y me est\u00e1s hueveando\u2026yo pago tu sueldo, \u00e1ndate de ac\u00e1, no te quiero ver\u2026\u201d. La mujer intenta justificarse despu\u00e9s por lo que dijo y termina reconociendo que [&hellip;]<\/p>\n","protected":false},"author":1,"featured_media":28318,"comment_status":"open","ping_status":"open","sticky":false,"template":"","format":"standard","meta":{"footnotes":""},"categories":[15,12],"tags":[],"class_list":["post-28317","post","type-post","status-publish","format-standard","has-post-thumbnail","hentry","category-general","category-opinando"],"jetpack_sharing_enabled":true,"jetpack_featured_media_url":"http:\/\/putaendouno.cl\/wp-content\/uploads\/2021\/03\/playa.jpg","_links":{"self":[{"href":"http:\/\/putaendouno.cl\/index.php?rest_route=\/wp\/v2\/posts\/28317","targetHints":{"allow":["GET"]}}],"collection":[{"href":"http:\/\/putaendouno.cl\/index.php?rest_route=\/wp\/v2\/posts"}],"about":[{"href":"http:\/\/putaendouno.cl\/index.php?rest_route=\/wp\/v2\/types\/post"}],"author":[{"embeddable":true,"href":"http:\/\/putaendouno.cl\/index.php?rest_route=\/wp\/v2\/users\/1"}],"replies":[{"embeddable":true,"href":"http:\/\/putaendouno.cl\/index.php?rest_route=%2Fwp%2Fv2%2Fcomments&post=28317"}],"version-history":[{"count":3,"href":"http:\/\/putaendouno.cl\/index.php?rest_route=\/wp\/v2\/posts\/28317\/revisions"}],"predecessor-version":[{"id":28321,"href":"http:\/\/putaendouno.cl\/index.php?rest_route=\/wp\/v2\/posts\/28317\/revisions\/28321"}],"wp:featuredmedia":[{"embeddable":true,"href":"http:\/\/putaendouno.cl\/index.php?rest_route=\/wp\/v2\/media\/28318"}],"wp:attachment":[{"href":"http:\/\/putaendouno.cl\/index.php?rest_route=%2Fwp%2Fv2%2Fmedia&parent=28317"}],"wp:term":[{"taxonomy":"category","embeddable":true,"href":"http:\/\/putaendouno.cl\/index.php?rest_route=%2Fwp%2Fv2%2Fcategories&post=28317"},{"taxonomy":"post_tag","embeddable":true,"href":"http:\/\/putaendouno.cl\/index.php?rest_route=%2Fwp%2Fv2%2Ftags&post=28317"}],"curies":[{"name":"wp","href":"https:\/\/api.w.org\/{rel}","templated":true}]}}