{"id":28145,"date":"2020-12-28T20:16:51","date_gmt":"2020-12-28T23:16:51","guid":{"rendered":"http:\/\/putaendouno.cl\/?p=28145"},"modified":"2020-12-28T21:03:22","modified_gmt":"2020-12-29T00:03:22","slug":"freire-repostula-a-alcaldia-de-san-felipe","status":"publish","type":"post","link":"http:\/\/putaendouno.cl\/?p=28145","title":{"rendered":"Freire repostula a Alcald\u00eda de San Felipe"},"content":{"rendered":"<div class=\"lazysocialbuttons\" data-float=\"left\" data-buttons=\"google,twitter,facebook\" data-twshareurl=\"http:\/\/putaendouno.cl\/?p=28145\" data-twtext=\"\" data-shareurl=\"http:\/\/putaendouno.cl\/?p=28145\" data-fbhideflyout=\"false\" data-backgroundtype=\"light\"><\/div><div class=\"kvgmc6g5 cxmmr5t8 oygrvhab hcukyx3x c1et5uql ii04i59q\">\n<h2 dir=\"auto\"><span style=\"color: #0000ff;\"><img loading=\"lazy\" decoding=\"async\" class=\"aligncenter size-full wp-image-28147\" src=\"http:\/\/putaendouno.cl\/wp-content\/uploads\/2020\/12\/Freirerepost.jpg\" alt=\"\" width=\"640\" height=\"321\" srcset=\"http:\/\/putaendouno.cl\/wp-content\/uploads\/2020\/12\/Freirerepost.jpg 640w, http:\/\/putaendouno.cl\/wp-content\/uploads\/2020\/12\/Freirerepost-300x150.jpg 300w, http:\/\/putaendouno.cl\/wp-content\/uploads\/2020\/12\/Freirerepost-638x320.jpg 638w\" sizes=\"auto, (max-width: 640px) 100vw, 640px\" \/><\/span><\/h2>\n<h2><span style=\"color: #0000ff;\"><strong>Compite como independiente y comienza recolecci\u00f3n de firmas.-<\/strong><\/span><\/h2>\n<p>El ex alcalde Patricio Freire ha anunciado por redes sociales que se repostular\u00e1 a la Alcald\u00eda de San Felipe como candidato independiente en las elecciones de abril pr\u00f3ximo.<\/p>\n<p>As\u00ed las cosas, debe recolectar firmas para inscribir su candidatura, haciendo un llamado a las personas que no militan en partidos pol\u00edticos a que patrocinen su candidatura en la Notar\u00eda P\u00e9rez Tudela.<\/p>\n<p>Tras esta intenci\u00f3n de repostularse, habr\u00e1 que ver como queda la candidatura de la Dra. Carmen Castillo, quien se\u00f1al\u00f3 que si el suspendido alcalde Patricio Freire, gana el juicio que se mantiene en el TRICEL y decide repostular al cargo, declinar\u00e1 su opci\u00f3n al sill\u00f3n edilicio sanfelipe\u00f1o.<\/p>\n<p>Este es el texto completo de la declaraci\u00f3n de Patricio Freire:<\/p>\n<p><span style=\"color: #0000ff;\">Amigas y amigos: Luego de visitar decenas de sectores, conversar con cientos de vecinos y recorrer las obras que hemos desarrollado, he decidido renovar mi compromiso una vez m\u00e1s con nuestro querido San Felipe postul\u00e1ndome a la alcald\u00eda para el siguiente periodo.<\/span><\/p>\n<p><span style=\"color: #0000ff;\">Ustedes ya me conocen. Saben que no tengo colores pol\u00edticos, porque la \u00fanica camiseta que defiendo es la de nuestro querido San Felipe.<\/span><\/p>\n<p><span style=\"color: #0000ff;\">En esa l\u00ednea, es que mi candidatura ser\u00e1 independiente, como siempre lo ha sido, porque queremos construir una comuna que re\u00fana e integre a todas y todos los que tengan ganas de seguir realizando las transformaciones que hacen de San Felipe una comuna de futuro.<\/span><\/p>\n<p><span style=\"color: #0000ff;\">Para ello, requiero de su apoyo. Durante los pr\u00f3ximos d\u00edas nos encontraremos en distintos sectores recolectando firmas de vecinas y vecinos que no militen en partidos pol\u00edticos, que deseen plegarse a nuestro proyecto colectivo. Tambi\u00e9n puede hacerlo en la notaria P\u00e9rez de Tudela, con atenci\u00f3n en horarios de oficina.<\/span><\/p>\n<p><span style=\"color: #0000ff;\">Ustedes son testigos de todo el trabajo que hemos desarrollado durante estos a\u00f1os. Hemos llegado a cada sector, conociendo los anhelos y materializando los sue\u00f1os de cada uno de ellos.<\/span><\/p>\n<p><span style=\"color: #0000ff;\">A\u00fan queda mucho trabajo por hacer, y tengo la convicci\u00f3n que juntos continuaremos haciendo grande a nuestra hermosa comuna.<\/span><\/p>\n<\/div>\n<div class=\"o9v6fnle cxmmr5t8 oygrvhab hcukyx3x c1et5uql ii04i59q\">\n<div dir=\"auto\"><img loading=\"lazy\" decoding=\"async\" class=\"aligncenter  wp-image-28146\" src=\"http:\/\/putaendouno.cl\/wp-content\/uploads\/2020\/12\/133712711_4234574546558726_1101851628181063569_o.jpg\" alt=\"\" width=\"452\" height=\"254\" srcset=\"http:\/\/putaendouno.cl\/wp-content\/uploads\/2020\/12\/133712711_4234574546558726_1101851628181063569_o.jpg 960w, http:\/\/putaendouno.cl\/wp-content\/uploads\/2020\/12\/133712711_4234574546558726_1101851628181063569_o-300x169.jpg 300w, http:\/\/putaendouno.cl\/wp-content\/uploads\/2020\/12\/133712711_4234574546558726_1101851628181063569_o-569x320.jpg 569w, http:\/\/putaendouno.cl\/wp-content\/uploads\/2020\/12\/133712711_4234574546558726_1101851628181063569_o-768x432.jpg 768w\" sizes=\"auto, (max-width: 452px) 100vw, 452px\" \/><\/div>\n<\/div>\n","protected":false},"excerpt":{"rendered":"<p>Compite como independiente y comienza recolecci\u00f3n de firmas.- El ex alcalde Patricio Freire ha anunciado por redes sociales que se repostular\u00e1 a la Alcald\u00eda de San Felipe como candidato independiente en las elecciones de abril pr\u00f3ximo. As\u00ed las cosas, debe recolectar firmas para inscribir su candidatura, haciendo un llamado a las personas que no militan [&hellip;]<\/p>\n","protected":false},"author":1,"featured_media":28147,"comment_status":"open","ping_status":"open","sticky":false,"template":"","format":"standard","meta":{"footnotes":""},"categories":[15,5],"tags":[],"class_list":["post-28145","post","type-post","status-publish","format-standard","has-post-thumbnail","hentry","category-general","category-aconcagua"],"jetpack_sharing_enabled":true,"jetpack_featured_media_url":"http:\/\/putaendouno.cl\/wp-content\/uploads\/2020\/12\/Freirerepost.jpg","_links":{"self":[{"href":"http:\/\/putaendouno.cl\/index.php?rest_route=\/wp\/v2\/posts\/28145","targetHints":{"allow":["GET"]}}],"collection":[{"href":"http:\/\/putaendouno.cl\/index.php?rest_route=\/wp\/v2\/posts"}],"about":[{"href":"http:\/\/putaendouno.cl\/index.php?rest_route=\/wp\/v2\/types\/post"}],"author":[{"embeddable":true,"href":"http:\/\/putaendouno.cl\/index.php?rest_route=\/wp\/v2\/users\/1"}],"replies":[{"embeddable":true,"href":"http:\/\/putaendouno.cl\/index.php?rest_route=%2Fwp%2Fv2%2Fcomments&post=28145"}],"version-history":[{"count":4,"href":"http:\/\/putaendouno.cl\/index.php?rest_route=\/wp\/v2\/posts\/28145\/revisions"}],"predecessor-version":[{"id":28151,"href":"http:\/\/putaendouno.cl\/index.php?rest_route=\/wp\/v2\/posts\/28145\/revisions\/28151"}],"wp:featuredmedia":[{"embeddable":true,"href":"http:\/\/putaendouno.cl\/index.php?rest_route=\/wp\/v2\/media\/28147"}],"wp:attachment":[{"href":"http:\/\/putaendouno.cl\/index.php?rest_route=%2Fwp%2Fv2%2Fmedia&parent=28145"}],"wp:term":[{"taxonomy":"category","embeddable":true,"href":"http:\/\/putaendouno.cl\/index.php?rest_route=%2Fwp%2Fv2%2Fcategories&post=28145"},{"taxonomy":"post_tag","embeddable":true,"href":"http:\/\/putaendouno.cl\/index.php?rest_route=%2Fwp%2Fv2%2Ftags&post=28145"}],"curies":[{"name":"wp","href":"https:\/\/api.w.org\/{rel}","templated":true}]}}