{"id":28135,"date":"2020-12-28T01:21:18","date_gmt":"2020-12-28T04:21:18","guid":{"rendered":"http:\/\/putaendouno.cl\/?p=28135"},"modified":"2020-12-28T01:21:18","modified_gmt":"2020-12-28T04:21:18","slug":"ciclitas-despiden-a-goyito-en-putaendo","status":"publish","type":"post","link":"http:\/\/putaendouno.cl\/?p=28135","title":{"rendered":"Ciclitas despiden a &#8220;Goyito&#8221; en Putaendo"},"content":{"rendered":"<div class=\"lazysocialbuttons\" data-float=\"left\" data-buttons=\"google,twitter,facebook\" data-twshareurl=\"http:\/\/putaendouno.cl\/?p=28135\" data-twtext=\"\" data-shareurl=\"http:\/\/putaendouno.cl\/?p=28135\" data-fbhideflyout=\"false\" data-backgroundtype=\"light\"><\/div><h2><span style=\"color: #0000ff;\"><img loading=\"lazy\" decoding=\"async\" class=\"aligncenter size-full wp-image-28137\" src=\"http:\/\/putaendouno.cl\/wp-content\/uploads\/2020\/12\/goyito-cortejo.jpg\" alt=\"\" width=\"640\" height=\"320\" srcset=\"http:\/\/putaendouno.cl\/wp-content\/uploads\/2020\/12\/goyito-cortejo.jpg 640w, http:\/\/putaendouno.cl\/wp-content\/uploads\/2020\/12\/goyito-cortejo-300x150.jpg 300w\" sizes=\"auto, (max-width: 640px) 100vw, 640px\" \/>Rinden homenaje a su paso por el Liceo Manuel Mar\u00edn Fritis, en Putaendo.-<\/span><\/h2>\n<p>Un grupo de ciclistas, reunidos en el <strong><span style=\"color: #0000ff;\">Team Puma Riders MTB<\/span>, <\/strong>rindieron un sentido <img loading=\"lazy\" decoding=\"async\" class=\"alignleft  wp-image-28136\" src=\"http:\/\/putaendouno.cl\/wp-content\/uploads\/2020\/12\/Goyito.jpg\" alt=\"\" width=\"113\" height=\"142\" srcset=\"http:\/\/putaendouno.cl\/wp-content\/uploads\/2020\/12\/Goyito.jpg 314w, http:\/\/putaendouno.cl\/wp-content\/uploads\/2020\/12\/Goyito-239x300.jpg 239w, http:\/\/putaendouno.cl\/wp-content\/uploads\/2020\/12\/Goyito-255x320.jpg 255w\" sizes=\"auto, (max-width: 113px) 100vw, 113px\" \/>homenaje a su &#8220;compedal&#8221; <span style=\"color: #0000ff;\">Angel Gregorio Montenegro Gallardo<\/span> (71), &#8220;Goyito&#8221; (foto izq.), quien falleciera la noche de navidad, atropellado por un veh\u00edculo mientras conduc\u00eda su bicicleta en el sector de Piguch\u00e9n.<\/p>\n<p>Mientras el cortejo de &#8220;Goyito&#8221; pasaba por el frontis del Liceo Manuel Mar\u00edn Fritis, donde los funcionarios y compa\u00f1eros de trabajo le esperaban con globos blancos, una trompeta realiz\u00f3 un toque de silencio, momento en que los ciclistas en formaci\u00f3n presentaron sus bicicletas en forma vertical. El paso del cortejo y el sencillo homenaje fue cerrado con aplausos de los presentes.<\/p>\n<p>En su p\u00e1gina de facebook, los ciclistas publicaron: <span style=\"color: #0000ff;\">&#8220;Adi\u00f3s compedal <span class=\"pq6dq46d tbxw36s4 knj5qynh kvgmc6g5 ditlmg2l oygrvhab nvdbi5me sf5mxxl7 gl3lb2sf hhz5lgdu\"><img loading=\"lazy\" decoding=\"async\" src=\"https:\/\/static.xx.fbcdn.net\/images\/emoji.php\/v9\/tca\/1.5\/16\/1f614.png\" alt=\"\ud83d\ude14\" width=\"16\" height=\"16\" \/><\/span>gu\u00eda nuestras rutas. Nuestras mas sinceras condolencias y mucha fuerza a la familia. Q.P.D Goyito <a class=\"oajrlxb2 g5ia77u1 qu0x051f esr5mh6w e9989ue4 r7d6kgcz rq0escxv nhd2j8a9 nc684nl6 p7hjln8o kvgmc6g5 cxmmr5t8 oygrvhab hcukyx3x jb3vyjys rz4wbd8a qt6c0cv9 a8nywdso i1ao9s8h esuyzwwr f1sip0of lzcic4wl q66pz984 gpro0wi8 b1v8xokw\" style=\"color: #0000ff;\" tabindex=\"0\" role=\"link\" href=\"https:\/\/www.facebook.com\/hashtag\/putaendounidosenelpedal?__eep__=6&amp;__cft__[0]=AZU57F7StNPlFoh0Jf2Qfil0FLdwv_C8vNixQj-jfCih3okwpUtMHJuMsygWXL6P9XfTeh2ccqT13tI_NZS7NOuoz4Nbsg0AKmKbpf7RxnNzzdCz4Q5aetJZte0hSdMjpAugj2p43gShwjE43f2kl8qdG0BUGPJeb8bh5vDwwc_OFg&amp;__tn__=*NK-R\">#putaendounidosenelpedal<\/a> <span class=\"pq6dq46d tbxw36s4 knj5qynh kvgmc6g5 ditlmg2l oygrvhab nvdbi5me sf5mxxl7 gl3lb2sf hhz5lgdu\"><img loading=\"lazy\" decoding=\"async\" src=\"https:\/\/static.xx.fbcdn.net\/images\/emoji.php\/v9\/tc5\/1.5\/16\/1f4aa.png\" alt=\"\ud83d\udcaa\" width=\"16\" height=\"16\" \/><\/span><span class=\"pq6dq46d tbxw36s4 knj5qynh kvgmc6g5 ditlmg2l oygrvhab nvdbi5me sf5mxxl7 gl3lb2sf hhz5lgdu\"><img loading=\"lazy\" decoding=\"async\" src=\"https:\/\/static.xx.fbcdn.net\/images\/emoji.php\/v9\/t6a\/1.5\/16\/1f6b5_200d_2642.png\" alt=\"\ud83d\udeb5\u200d\u2642\ufe0f\" width=\"16\" height=\"16\" \/><\/span><span class=\"pq6dq46d tbxw36s4 knj5qynh kvgmc6g5 ditlmg2l oygrvhab nvdbi5me sf5mxxl7 gl3lb2sf hhz5lgdu\"><img loading=\"lazy\" decoding=\"async\" src=\"https:\/\/static.xx.fbcdn.net\/images\/emoji.php\/v9\/t68\/1.5\/16\/1f6b5_200d_2640.png\" alt=\"\ud83d\udeb5\u200d\u2640\ufe0f\" width=\"16\" height=\"16\" \/><\/span> <a class=\"oajrlxb2 g5ia77u1 qu0x051f esr5mh6w e9989ue4 r7d6kgcz rq0escxv nhd2j8a9 nc684nl6 p7hjln8o kvgmc6g5 cxmmr5t8 oygrvhab hcukyx3x jb3vyjys rz4wbd8a qt6c0cv9 a8nywdso i1ao9s8h esuyzwwr f1sip0of lzcic4wl q66pz984 gpro0wi8 b1v8xokw\" style=\"color: #0000ff;\" tabindex=\"0\" role=\"link\" href=\"https:\/\/www.facebook.com\/hashtag\/nomasciclistasmuertos?__eep__=6&amp;__cft__[0]=AZU57F7StNPlFoh0Jf2Qfil0FLdwv_C8vNixQj-jfCih3okwpUtMHJuMsygWXL6P9XfTeh2ccqT13tI_NZS7NOuoz4Nbsg0AKmKbpf7RxnNzzdCz4Q5aetJZte0hSdMjpAugj2p43gShwjE43f2kl8qdG0BUGPJeb8bh5vDwwc_OFg&amp;__tn__=*NK-R\">#nomasciclistasmuertos<\/a>&#8220;<\/span><\/p>\n<p>De igual manera, el Liceo Manuel Mar\u00edn, tambi\u00e9n publicaba: <span style=\"color: #0000ff;\">&#8220;La comunidad educativa del Liceo Manuel Mar\u00edn Fritis lamenta profundamente el inesperado deceso del &#8220;T\u00edo Goyito&#8221;. Las palabras no podr\u00e1n secar las l\u00e1grimas y los abrazos no podr\u00e1n aliviar el dolor. Pero ser\u00e1n los recuerdos que de \u00e9l tenemos, los que por siempre prevalecer\u00e1n&#8221;.<\/span><\/p>\n<p>La muerte de Goyito ocurre cuando m\u00e1s arrecia la campa\u00f1a por el respeto hacia el espacio que requieren los ciclistas en la ruta. Pero ese respeto desaparece cuando el alcohol mete su cola en los automovilistas.<\/p>\n<p>Descansa en paz Goyito.<\/p>\n<p>&nbsp;<\/p>\n","protected":false},"excerpt":{"rendered":"<p>Rinden homenaje a su paso por el Liceo Manuel Mar\u00edn Fritis, en Putaendo.- Un grupo de ciclistas, reunidos en el Team Puma Riders MTB, rindieron un sentido homenaje a su &#8220;compedal&#8221; Angel Gregorio Montenegro Gallardo (71), &#8220;Goyito&#8221; (foto izq.), quien falleciera la noche de navidad, atropellado por un veh\u00edculo mientras conduc\u00eda su bicicleta en el [&hellip;]<\/p>\n","protected":false},"author":1,"featured_media":28137,"comment_status":"open","ping_status":"open","sticky":false,"template":"","format":"standard","meta":{"footnotes":""},"categories":[15,4],"tags":[],"class_list":["post-28135","post","type-post","status-publish","format-standard","has-post-thumbnail","hentry","category-general","category-putaendo"],"jetpack_sharing_enabled":true,"jetpack_featured_media_url":"http:\/\/putaendouno.cl\/wp-content\/uploads\/2020\/12\/goyito-cortejo.jpg","_links":{"self":[{"href":"http:\/\/putaendouno.cl\/index.php?rest_route=\/wp\/v2\/posts\/28135","targetHints":{"allow":["GET"]}}],"collection":[{"href":"http:\/\/putaendouno.cl\/index.php?rest_route=\/wp\/v2\/posts"}],"about":[{"href":"http:\/\/putaendouno.cl\/index.php?rest_route=\/wp\/v2\/types\/post"}],"author":[{"embeddable":true,"href":"http:\/\/putaendouno.cl\/index.php?rest_route=\/wp\/v2\/users\/1"}],"replies":[{"embeddable":true,"href":"http:\/\/putaendouno.cl\/index.php?rest_route=%2Fwp%2Fv2%2Fcomments&post=28135"}],"version-history":[{"count":1,"href":"http:\/\/putaendouno.cl\/index.php?rest_route=\/wp\/v2\/posts\/28135\/revisions"}],"predecessor-version":[{"id":28138,"href":"http:\/\/putaendouno.cl\/index.php?rest_route=\/wp\/v2\/posts\/28135\/revisions\/28138"}],"wp:featuredmedia":[{"embeddable":true,"href":"http:\/\/putaendouno.cl\/index.php?rest_route=\/wp\/v2\/media\/28137"}],"wp:attachment":[{"href":"http:\/\/putaendouno.cl\/index.php?rest_route=%2Fwp%2Fv2%2Fmedia&parent=28135"}],"wp:term":[{"taxonomy":"category","embeddable":true,"href":"http:\/\/putaendouno.cl\/index.php?rest_route=%2Fwp%2Fv2%2Fcategories&post=28135"},{"taxonomy":"post_tag","embeddable":true,"href":"http:\/\/putaendouno.cl\/index.php?rest_route=%2Fwp%2Fv2%2Ftags&post=28135"}],"curies":[{"name":"wp","href":"https:\/\/api.w.org\/{rel}","templated":true}]}}