{"id":28125,"date":"2020-12-22T20:26:53","date_gmt":"2020-12-22T23:26:53","guid":{"rendered":"http:\/\/putaendouno.cl\/?p=28125"},"modified":"2020-12-22T20:26:53","modified_gmt":"2020-12-22T23:26:53","slug":"calderon-luchare-por-ser-alcalde-de-putaendo","status":"publish","type":"post","link":"http:\/\/putaendouno.cl\/?p=28125","title":{"rendered":"Calder\u00f3n: &#8220;Luchar\u00e9 por ser Alcalde de Putaendo&#8221;"},"content":{"rendered":"<div class=\"lazysocialbuttons\" data-float=\"left\" data-buttons=\"google,twitter,facebook\" data-twshareurl=\"http:\/\/putaendouno.cl\/?p=28125\" data-twtext=\"\" data-shareurl=\"http:\/\/putaendouno.cl\/?p=28125\" data-fbhideflyout=\"false\" data-backgroundtype=\"light\"><\/div><h2><span style=\"color: #0000ff;\"><img loading=\"lazy\" decoding=\"async\" class=\"aligncenter size-full wp-image-28127\" src=\"http:\/\/putaendouno.cl\/wp-content\/uploads\/2020\/12\/IMG_20191009_112824600_BURST000_COVER_TOP.jpg\" alt=\"\" width=\"640\" height=\"320\" srcset=\"http:\/\/putaendouno.cl\/wp-content\/uploads\/2020\/12\/IMG_20191009_112824600_BURST000_COVER_TOP.jpg 640w, http:\/\/putaendouno.cl\/wp-content\/uploads\/2020\/12\/IMG_20191009_112824600_BURST000_COVER_TOP-300x150.jpg 300w\" sizes=\"auto, (max-width: 640px) 100vw, 640px\" \/>Manifest\u00f3 su firme prop\u00f3sito de llevar su candidatura hasta el final.-<\/span><\/h2>\n<p>El candidato independiente a la Alcald\u00eda de Putaendo, Julio Calder\u00f3n Cort\u00e9s, fue muy enf\u00e1tico al declarar que su candidatura la llevar\u00e1 hasta el final y que ya pas\u00f3 el tiempo de los acuerdos y las negociaciones, exigiendo que se respete las decisiones y deseos de la gente. As\u00ed lo dijo refiri\u00e9ndose a un extempor\u00e1neo &#8220;llamado a la unidad&#8221; que ha hecho un grupo de ciudadanos, partidarios de otra candidatura.<\/p>\n<p><span style=\"color: #0000ff;\">&#8220;Los partidos pol\u00edticos no han sido capaces de ponerse de acuerdo. Un mismo sector ha levantado tres candidaturas y nos vienen a pedir a nosotros, que somos independientes, que trabajemos por la unidad. Ya pas\u00f3 la oportunidad, ellos la desperdiciaron. Yo voy a llegar hasta el final&#8221;,<\/span> dijo al salir de la radio. La misma idea anterior la hab\u00eda manifestado minutos antes en el programa <span style=\"color: #0000ff;\">&#8220;Hablemos de Pol\u00edtica&#8221; de Radio FM Vida,<\/span> transmitido este lunes a las 20 hrs. All\u00ed Calder\u00f3n particip\u00f3 como invitado, sosteniendo un interesante debate con los panelistas y el conductor del espacio radial, Patricio Gallardo.<\/p>\n<p>Una de las propuestas que Calder\u00f3n ha desarrollado con el equipo de profesionales que acompa\u00f1a su camino a la alcald\u00eda, es un dise\u00f1o de <span style=\"color: #0000ff;\">&#8220;Gesti\u00f3n del Agua&#8221;, basado en una ordenanza municipal sobre la materia<\/span>, apuntando a la reducci\u00f3n de consumo, el reciclaje de aguas grises, el trabajo mancomunado con los APR&#8217;s y Esval y el aprovechamiento de tecnolog\u00edas modernas de captaci\u00f3n. Este esquema est\u00e1 especialmente dirigido al mundo rural, que tanto ha sufrido los embates de la sequ\u00eda.<\/p>\n<p>Consultado por el conductor del programa radial, Calder\u00f3n hizo gala de su conocimiento y experiencia en temas municipales -trabaja mas de 10 a\u00f1os en la Asociaci\u00f3n de Municipalidades, y especialmente el \u00faltimo tiempo en la Asociaci\u00f3n que han constituido los Alcaldes de Aconcagua para empujar el tema de la Regi\u00f3n- opinando sobre los &#8220;vicios administrativos&#8221; e irregularidades detectadas durante la Administraci\u00f3n Municipal anterior y que actualmente son motivo de sumarios y futuras querellas.<\/p>\n<p>Por \u00faltimo, Calder\u00f3n ha ofrecido todo su apoyo a la gesti\u00f3n del actual alcalde Sergio Zamora. En uno de sus comentarios lament\u00f3 que la Concejal PS se hubiese abstenido de votar en la elecci\u00f3n del alcalde titular. <span style=\"color: #0000ff;\">&#8220;La gente que vota por nosotros para un cargo de representaci\u00f3n popular espera que uno tome decisiones, no que se abstenga&#8221;<\/span>, dijo el candidato.<\/p>\n<p>El equipo de Calder\u00f3n actualmente se encuentra avocado a completar los tr\u00e1mites para la inscripci\u00f3n de su candidatura ante el SERVEL, para estar en la papeleta el 11 de abril del 2021.<\/p>\n<p>&nbsp;<\/p>\n","protected":false},"excerpt":{"rendered":"<p>Manifest\u00f3 su firme prop\u00f3sito de llevar su candidatura hasta el final.- El candidato independiente a la Alcald\u00eda de Putaendo, Julio Calder\u00f3n Cort\u00e9s, fue muy enf\u00e1tico al declarar que su candidatura la llevar\u00e1 hasta el final y que ya pas\u00f3 el tiempo de los acuerdos y las negociaciones, exigiendo que se respete las decisiones y deseos [&hellip;]<\/p>\n","protected":false},"author":1,"featured_media":28127,"comment_status":"open","ping_status":"open","sticky":false,"template":"","format":"standard","meta":{"footnotes":""},"categories":[15,4],"tags":[],"class_list":["post-28125","post","type-post","status-publish","format-standard","has-post-thumbnail","hentry","category-general","category-putaendo"],"jetpack_sharing_enabled":true,"jetpack_featured_media_url":"http:\/\/putaendouno.cl\/wp-content\/uploads\/2020\/12\/IMG_20191009_112824600_BURST000_COVER_TOP.jpg","_links":{"self":[{"href":"http:\/\/putaendouno.cl\/index.php?rest_route=\/wp\/v2\/posts\/28125","targetHints":{"allow":["GET"]}}],"collection":[{"href":"http:\/\/putaendouno.cl\/index.php?rest_route=\/wp\/v2\/posts"}],"about":[{"href":"http:\/\/putaendouno.cl\/index.php?rest_route=\/wp\/v2\/types\/post"}],"author":[{"embeddable":true,"href":"http:\/\/putaendouno.cl\/index.php?rest_route=\/wp\/v2\/users\/1"}],"replies":[{"embeddable":true,"href":"http:\/\/putaendouno.cl\/index.php?rest_route=%2Fwp%2Fv2%2Fcomments&post=28125"}],"version-history":[{"count":1,"href":"http:\/\/putaendouno.cl\/index.php?rest_route=\/wp\/v2\/posts\/28125\/revisions"}],"predecessor-version":[{"id":28128,"href":"http:\/\/putaendouno.cl\/index.php?rest_route=\/wp\/v2\/posts\/28125\/revisions\/28128"}],"wp:featuredmedia":[{"embeddable":true,"href":"http:\/\/putaendouno.cl\/index.php?rest_route=\/wp\/v2\/media\/28127"}],"wp:attachment":[{"href":"http:\/\/putaendouno.cl\/index.php?rest_route=%2Fwp%2Fv2%2Fmedia&parent=28125"}],"wp:term":[{"taxonomy":"category","embeddable":true,"href":"http:\/\/putaendouno.cl\/index.php?rest_route=%2Fwp%2Fv2%2Fcategories&post=28125"},{"taxonomy":"post_tag","embeddable":true,"href":"http:\/\/putaendouno.cl\/index.php?rest_route=%2Fwp%2Fv2%2Ftags&post=28125"}],"curies":[{"name":"wp","href":"https:\/\/api.w.org\/{rel}","templated":true}]}}