{"id":28063,"date":"2020-12-13T23:14:57","date_gmt":"2020-12-14T02:14:57","guid":{"rendered":"http:\/\/putaendouno.cl\/?p=28063"},"modified":"2020-12-13T23:14:57","modified_gmt":"2020-12-14T02:14:57","slug":"incendio-de-pastizales-en-pleno-centro-de-putaendo","status":"publish","type":"post","link":"http:\/\/putaendouno.cl\/?p=28063","title":{"rendered":"Incendio de pastizales en pleno centro de Putaendo"},"content":{"rendered":"<div class=\"lazysocialbuttons\" data-float=\"left\" data-buttons=\"google,twitter,facebook\" data-twshareurl=\"http:\/\/putaendouno.cl\/?p=28063\" data-twtext=\"\" data-shareurl=\"http:\/\/putaendouno.cl\/?p=28063\" data-fbhideflyout=\"false\" data-backgroundtype=\"light\"><\/div><h2><span style=\"color: #0000ff;\"><img loading=\"lazy\" decoding=\"async\" class=\"aligncenter size-full wp-image-28064\" src=\"http:\/\/putaendouno.cl\/wp-content\/uploads\/2020\/12\/inc2.jpg\" alt=\"\" width=\"640\" height=\"319\" srcset=\"http:\/\/putaendouno.cl\/wp-content\/uploads\/2020\/12\/inc2.jpg 640w, http:\/\/putaendouno.cl\/wp-content\/uploads\/2020\/12\/inc2-300x150.jpg 300w\" sizes=\"auto, (max-width: 640px) 100vw, 640px\" \/>Fuego amag\u00f3 dependencias del Centro Cultural Bernardo Parra.-<\/span><\/h2>\n<p>La alarma son\u00f3 a eso del 16:30 hrs y bomberos daba cuenta de un incendio de pastizales en un sitio entre Villa Mercedes y calle O&#8217;Higgins, en el sector urbano de Putaendo. La columna de humo pod\u00eda apreciarse desde varios sectores lejanos.<\/p>\n<p>En efecto, en un sitio interior, en una propiedad contigua al Centro Cultural Bernardo Parra, el fuego avanz\u00f3 r\u00e1pidamente consumiendo vegetaci\u00f3n de pastizal, hierbas y arbustos, muy secos, ayudado por un viento que avivaba las llamas. Tanto as\u00ed que avanz\u00f3 hasta vegetaci\u00f3n aleda\u00f1a al sitio del Centro Cultural, amenazando a ratos con alcanzar la vetusta estructura.<\/p>\n<p>Seg\u00fan inform\u00f3 Bomberos, todo el Cuerpo de Bomberos de Putaendo trabaj\u00f3 en la emergencia, con sus tres compa\u00f1\u00edas, logrando controlar el fuego, evitando as\u00ed desgracias mayores. Una brigada de Conaf lleg\u00f3 mas tarde, solo para hacer guardia de cenizas.<\/p>\n<p>(Foto portada: columna de humo vista desde Plaza de Armas)<\/p>\n","protected":false},"excerpt":{"rendered":"<p>Fuego amag\u00f3 dependencias del Centro Cultural Bernardo Parra.- La alarma son\u00f3 a eso del 16:30 hrs y bomberos daba cuenta de un incendio de pastizales en un sitio entre Villa Mercedes y calle O&#8217;Higgins, en el sector urbano de Putaendo. La columna de humo pod\u00eda apreciarse desde varios sectores lejanos. En efecto, en un sitio [&hellip;]<\/p>\n","protected":false},"author":1,"featured_media":28064,"comment_status":"open","ping_status":"open","sticky":false,"template":"","format":"standard","meta":{"footnotes":""},"categories":[15,4],"tags":[],"class_list":["post-28063","post","type-post","status-publish","format-standard","has-post-thumbnail","hentry","category-general","category-putaendo"],"jetpack_sharing_enabled":true,"jetpack_featured_media_url":"http:\/\/putaendouno.cl\/wp-content\/uploads\/2020\/12\/inc2.jpg","_links":{"self":[{"href":"http:\/\/putaendouno.cl\/index.php?rest_route=\/wp\/v2\/posts\/28063","targetHints":{"allow":["GET"]}}],"collection":[{"href":"http:\/\/putaendouno.cl\/index.php?rest_route=\/wp\/v2\/posts"}],"about":[{"href":"http:\/\/putaendouno.cl\/index.php?rest_route=\/wp\/v2\/types\/post"}],"author":[{"embeddable":true,"href":"http:\/\/putaendouno.cl\/index.php?rest_route=\/wp\/v2\/users\/1"}],"replies":[{"embeddable":true,"href":"http:\/\/putaendouno.cl\/index.php?rest_route=%2Fwp%2Fv2%2Fcomments&post=28063"}],"version-history":[{"count":1,"href":"http:\/\/putaendouno.cl\/index.php?rest_route=\/wp\/v2\/posts\/28063\/revisions"}],"predecessor-version":[{"id":28065,"href":"http:\/\/putaendouno.cl\/index.php?rest_route=\/wp\/v2\/posts\/28063\/revisions\/28065"}],"wp:featuredmedia":[{"embeddable":true,"href":"http:\/\/putaendouno.cl\/index.php?rest_route=\/wp\/v2\/media\/28064"}],"wp:attachment":[{"href":"http:\/\/putaendouno.cl\/index.php?rest_route=%2Fwp%2Fv2%2Fmedia&parent=28063"}],"wp:term":[{"taxonomy":"category","embeddable":true,"href":"http:\/\/putaendouno.cl\/index.php?rest_route=%2Fwp%2Fv2%2Fcategories&post=28063"},{"taxonomy":"post_tag","embeddable":true,"href":"http:\/\/putaendouno.cl\/index.php?rest_route=%2Fwp%2Fv2%2Ftags&post=28063"}],"curies":[{"name":"wp","href":"https:\/\/api.w.org\/{rel}","templated":true}]}}