{"id":28050,"date":"2020-12-10T17:46:11","date_gmt":"2020-12-10T20:46:11","guid":{"rendered":"http:\/\/putaendouno.cl\/?p=28050"},"modified":"2020-12-10T17:50:35","modified_gmt":"2020-12-10T20:50:35","slug":"gobernacion-de-san-felipe-decreta-duelo-por-muerte-de-alcalde-reyes","status":"publish","type":"post","link":"http:\/\/putaendouno.cl\/?p=28050","title":{"rendered":"Gobernaci\u00f3n de San Felipe decreta duelo por muerte de Alcalde Reyes"},"content":{"rendered":"<div class=\"lazysocialbuttons\" data-float=\"left\" data-buttons=\"google,twitter,facebook\" data-twshareurl=\"http:\/\/putaendouno.cl\/?p=28050\" data-twtext=\"\" data-shareurl=\"http:\/\/putaendouno.cl\/?p=28050\" data-fbhideflyout=\"false\" data-backgroundtype=\"light\"><\/div><h2><span style=\"color: #0000ff;\"><img loading=\"lazy\" decoding=\"async\" class=\"aligncenter size-full wp-image-28053\" src=\"http:\/\/putaendouno.cl\/wp-content\/uploads\/2020\/12\/gmo.jpg\" alt=\"\" width=\"640\" height=\"322\" srcset=\"http:\/\/putaendouno.cl\/wp-content\/uploads\/2020\/12\/gmo.jpg 640w, http:\/\/putaendouno.cl\/wp-content\/uploads\/2020\/12\/gmo-300x151.jpg 300w, http:\/\/putaendouno.cl\/wp-content\/uploads\/2020\/12\/gmo-636x320.jpg 636w\" sizes=\"auto, (max-width: 640px) 100vw, 640px\" \/>Dos d\u00edas de duelo, jueves y viernes, en todas las comunas de la Provincia.-<\/span><\/h2>\n<p>En atenci\u00f3n a la trascendente labor que desarrollara el hoy fallecido Alcalde de Putaendo, Guillermo Reyes, en sus tres periodos y su gesti\u00f3n como Gobernador de la Provincia de San Felipe entre 1994 y 2002, la Gobernaci\u00f3n Provincial decret\u00f3 dos d\u00edas de duelo oficial en todas las comunas de su territorio.<\/p>\n<p><img loading=\"lazy\" decoding=\"async\" class=\" wp-image-28052 aligncenter\" src=\"http:\/\/putaendouno.cl\/wp-content\/uploads\/2020\/12\/131054584_4205428509483504_6450794891186480997_n-300x241.jpg\" alt=\"\" width=\"600\" height=\"482\" srcset=\"http:\/\/putaendouno.cl\/wp-content\/uploads\/2020\/12\/131054584_4205428509483504_6450794891186480997_n-300x241.jpg 300w, http:\/\/putaendouno.cl\/wp-content\/uploads\/2020\/12\/131054584_4205428509483504_6450794891186480997_n-398x320.jpg 398w, http:\/\/putaendouno.cl\/wp-content\/uploads\/2020\/12\/131054584_4205428509483504_6450794891186480997_n.jpg 611w\" sizes=\"auto, (max-width: 600px) 100vw, 600px\" \/><\/p>\n<p>En un bonito gesto, que engrandece al Gobernador Claudio Rodr\u00edguez, tanto como al homenajeado Alcalde Reyes, se encarnan los sentimientos que acompa\u00f1an a toda la comunidad provincial.<\/p>\n<p>As\u00ed tambi\u00e9n el PPD Provincial, el PPD Comunal Putaendo, el PS Nacional -representado por la senadora Laura Allende- y Comunal Putaendo, y la DC Regional han expresado p\u00fablicamente sus condolencias, dirigidas a la familia del Alcalde Reyes y a todo el pueblo doliente, mediante sendas publicaciones en internet y en las redes sociales, considerando a Guillermo Reyes como un l\u00edder pol\u00edtico y social relevante.<\/p>\n<p><img loading=\"lazy\" decoding=\"async\" class=\"alignleft wp-image-28051\" src=\"http:\/\/putaendouno.cl\/wp-content\/uploads\/2020\/12\/130045068_1517248175142558_5290120047341040494_n-300x200.jpg\" alt=\"\" width=\"197\" height=\"131\" srcset=\"http:\/\/putaendouno.cl\/wp-content\/uploads\/2020\/12\/130045068_1517248175142558_5290120047341040494_n-300x200.jpg 300w, http:\/\/putaendouno.cl\/wp-content\/uploads\/2020\/12\/130045068_1517248175142558_5290120047341040494_n-480x320.jpg 480w, http:\/\/putaendouno.cl\/wp-content\/uploads\/2020\/12\/130045068_1517248175142558_5290120047341040494_n.jpg 593w\" sizes=\"auto, (max-width: 197px) 100vw, 197px\" \/><\/p>\n<p>Esta ma\u00f1ana, a las 8:30 hrs, en el frontis del Municipio putaendino, se realiz\u00f3 un responso religioso, al que acudieron autoridades de varias comunas de Aconcagua, de la Gobernaci\u00f3n, ex alcaldes, dirigentes y vecinos, a acompa\u00f1ar el sentir por la partida de un gran Alcalde.\u00a0La Asociaci\u00f3n de Municipalidades de la Regi\u00f3n de Aconcagua, tambi\u00e9n se hizo presente en la ocasi\u00f3n y se envi\u00f3 una nota de condolencias al Municipio, considerando que Reyes fue un constante impulsor de la Regi\u00f3n de Aconcagua.<\/p>\n<p>Los funerales del querido Alcalde Guillermo Reyes Cort\u00e9z ser\u00e1n este viernes a las 13 hrs en el Cementerio Parque del Mar, en Con Con.<\/p>\n","protected":false},"excerpt":{"rendered":"<p>Dos d\u00edas de duelo, jueves y viernes, en todas las comunas de la Provincia.- En atenci\u00f3n a la trascendente labor que desarrollara el hoy fallecido Alcalde de Putaendo, Guillermo Reyes, en sus tres periodos y su gesti\u00f3n como Gobernador de la Provincia de San Felipe entre 1994 y 2002, la Gobernaci\u00f3n Provincial decret\u00f3 dos d\u00edas [&hellip;]<\/p>\n","protected":false},"author":1,"featured_media":28053,"comment_status":"open","ping_status":"open","sticky":false,"template":"","format":"standard","meta":{"footnotes":""},"categories":[15,5],"tags":[],"class_list":["post-28050","post","type-post","status-publish","format-standard","has-post-thumbnail","hentry","category-general","category-aconcagua"],"jetpack_sharing_enabled":true,"jetpack_featured_media_url":"http:\/\/putaendouno.cl\/wp-content\/uploads\/2020\/12\/gmo.jpg","_links":{"self":[{"href":"http:\/\/putaendouno.cl\/index.php?rest_route=\/wp\/v2\/posts\/28050","targetHints":{"allow":["GET"]}}],"collection":[{"href":"http:\/\/putaendouno.cl\/index.php?rest_route=\/wp\/v2\/posts"}],"about":[{"href":"http:\/\/putaendouno.cl\/index.php?rest_route=\/wp\/v2\/types\/post"}],"author":[{"embeddable":true,"href":"http:\/\/putaendouno.cl\/index.php?rest_route=\/wp\/v2\/users\/1"}],"replies":[{"embeddable":true,"href":"http:\/\/putaendouno.cl\/index.php?rest_route=%2Fwp%2Fv2%2Fcomments&post=28050"}],"version-history":[{"count":4,"href":"http:\/\/putaendouno.cl\/index.php?rest_route=\/wp\/v2\/posts\/28050\/revisions"}],"predecessor-version":[{"id":28057,"href":"http:\/\/putaendouno.cl\/index.php?rest_route=\/wp\/v2\/posts\/28050\/revisions\/28057"}],"wp:featuredmedia":[{"embeddable":true,"href":"http:\/\/putaendouno.cl\/index.php?rest_route=\/wp\/v2\/media\/28053"}],"wp:attachment":[{"href":"http:\/\/putaendouno.cl\/index.php?rest_route=%2Fwp%2Fv2%2Fmedia&parent=28050"}],"wp:term":[{"taxonomy":"category","embeddable":true,"href":"http:\/\/putaendouno.cl\/index.php?rest_route=%2Fwp%2Fv2%2Fcategories&post=28050"},{"taxonomy":"post_tag","embeddable":true,"href":"http:\/\/putaendouno.cl\/index.php?rest_route=%2Fwp%2Fv2%2Ftags&post=28050"}],"curies":[{"name":"wp","href":"https:\/\/api.w.org\/{rel}","templated":true}]}}