{"id":28047,"date":"2020-12-09T17:34:54","date_gmt":"2020-12-09T20:34:54","guid":{"rendered":"http:\/\/putaendouno.cl\/?p=28047"},"modified":"2020-12-10T17:59:10","modified_gmt":"2020-12-10T20:59:10","slug":"fallece-alcalde-de-putaendo","status":"publish","type":"post","link":"http:\/\/putaendouno.cl\/?p=28047","title":{"rendered":"Fallece Alcalde de Putaendo"},"content":{"rendered":"<div class=\"lazysocialbuttons\" data-float=\"left\" data-buttons=\"google,twitter,facebook\" data-twshareurl=\"http:\/\/putaendouno.cl\/?p=28047\" data-twtext=\"\" data-shareurl=\"http:\/\/putaendouno.cl\/?p=28047\" data-fbhideflyout=\"false\" data-backgroundtype=\"light\"><\/div><h2><span style=\"color: #0000ff;\"><img loading=\"lazy\" decoding=\"async\" class=\"aligncenter size-full wp-image-28048\" src=\"http:\/\/putaendouno.cl\/wp-content\/uploads\/2020\/12\/Guillermo-Reyes.jpg\" alt=\"\" width=\"640\" height=\"321\" srcset=\"http:\/\/putaendouno.cl\/wp-content\/uploads\/2020\/12\/Guillermo-Reyes.jpg 640w, http:\/\/putaendouno.cl\/wp-content\/uploads\/2020\/12\/Guillermo-Reyes-300x150.jpg 300w, http:\/\/putaendouno.cl\/wp-content\/uploads\/2020\/12\/Guillermo-Reyes-638x320.jpg 638w\" sizes=\"auto, (max-width: 640px) 100vw, 640px\" \/><\/span><\/h2>\n<h2><span style=\"color: #0000ff;\"><strong>Guillermo Reyes Cort\u00e9z, alcalde por casi tres periodos, fallece este mi\u00e9rcoles. Duelo comunal por tres d\u00edas.-<\/strong><\/span><\/h2>\n<p>El ex Gobernador de la Provincia de San Felipe y alcalde vigente en Putaendo (nunca renunci\u00f3) falleci\u00f3 este mi\u00e9rcoles acompa\u00f1ado de su familia, tras muchos meses de enfermedad, que lo manten\u00edan alejado de ejercer la titularidad de su cargo en la comuna, raz\u00f3n por la cual don Sergio Zamora fue elegido como alcalde suplente.<\/p>\n<p>Gran congoja en Putaendo y toda la comunidad, tras la partida de un excelente gestor del progreso que mostr\u00f3 la comuna en los \u00faltimos a\u00f1os<\/p>\n<p>Versado pol\u00edtico (PS), con hijos adultos y un peque\u00f1o, con quien gustaba de pasear y salir en cabalgatas, y que acompa\u00f1\u00f3 cada una de las luchas sociales de su pueblo con energ\u00eda y liderazgo.<\/p>\n<p>El Municipio putaendino emiti\u00f3 el siguiente comunicado:<\/p>\n<p><span style=\"color: #0000ff;\">&#8220;Lamentamos informar a la comunidad de Putaendo el sensible fallecimiento de nuestro querido alcalde, don Guillermo Reyes Cortez (Q.E.P.D).<\/span><\/p>\n<p><span style=\"color: #0000ff;\">Las autoridades encabezadas por el alcalde(s) Sergio Zamora y el Honorable Concejo Municipal han decretado DUELO COMUNAL por tres d\u00edas a contar de hoy, en memoria de don Guillermo.<\/span><\/p>\n<p><span style=\"color: #0000ff;\">Desde el Concejo Municipal env\u00edan p\u00fablicamente sus condolencias a la familia y cercanos de don Guillermo, ante tan triste noticia que sin duda enluta a todo Putaendo.<\/span><\/p>\n<p><span style=\"color: #0000ff;\">Por otro lado, todas y todos los funcionarios municipales expresan su m\u00e1s profundo pesar ante tan delicado acontecimiento.<\/span><\/p>\n<p><span style=\"color: #0000ff;\">Que en paz descanse, don Guillermo. Su legado perdurar\u00e1 por siempre en todas y todos los que tuvimos la alegr\u00eda de trabajar junto a \u00e9l por el bienestar de Putaendo y del pa\u00eds&#8221;.<\/span><\/p>\n<p>La sirena de bomberos toc\u00f3 a duelo a las 17 hrs y las campanas de la iglesia tambi\u00e9n doblaron por este gran edil.<\/p>\n<p>En lo formal, corresponde que el Alcalde Suplente, Sergio Zamora, presente los antecedentes de la defunci\u00f3n de don Guillermo Reyes y asuma la titularidad de la alcald\u00eda, hasta completar el periodo.<\/p>\n<p>Putaendo Uno se adhiere al sentir comunal y expresa sus condolencias a su familia y a toda la comunidad putaendina.<\/p>\n<p>&nbsp;<\/p>\n<h2><span style=\"color: #0000ff;\">\u00a0<\/span><\/h2>\n","protected":false},"excerpt":{"rendered":"<p>Guillermo Reyes Cort\u00e9z, alcalde por casi tres periodos, fallece este mi\u00e9rcoles. Duelo comunal por tres d\u00edas.- El ex Gobernador de la Provincia de San Felipe y alcalde vigente en Putaendo (nunca renunci\u00f3) falleci\u00f3 este mi\u00e9rcoles acompa\u00f1ado de su familia, tras muchos meses de enfermedad, que lo manten\u00edan alejado de ejercer la titularidad de su cargo [&hellip;]<\/p>\n","protected":false},"author":1,"featured_media":28048,"comment_status":"open","ping_status":"open","sticky":false,"template":"","format":"standard","meta":{"footnotes":""},"categories":[15,4],"tags":[],"class_list":["post-28047","post","type-post","status-publish","format-standard","has-post-thumbnail","hentry","category-general","category-putaendo"],"jetpack_sharing_enabled":true,"jetpack_featured_media_url":"http:\/\/putaendouno.cl\/wp-content\/uploads\/2020\/12\/Guillermo-Reyes.jpg","_links":{"self":[{"href":"http:\/\/putaendouno.cl\/index.php?rest_route=\/wp\/v2\/posts\/28047","targetHints":{"allow":["GET"]}}],"collection":[{"href":"http:\/\/putaendouno.cl\/index.php?rest_route=\/wp\/v2\/posts"}],"about":[{"href":"http:\/\/putaendouno.cl\/index.php?rest_route=\/wp\/v2\/types\/post"}],"author":[{"embeddable":true,"href":"http:\/\/putaendouno.cl\/index.php?rest_route=\/wp\/v2\/users\/1"}],"replies":[{"embeddable":true,"href":"http:\/\/putaendouno.cl\/index.php?rest_route=%2Fwp%2Fv2%2Fcomments&post=28047"}],"version-history":[{"count":5,"href":"http:\/\/putaendouno.cl\/index.php?rest_route=\/wp\/v2\/posts\/28047\/revisions"}],"predecessor-version":[{"id":28061,"href":"http:\/\/putaendouno.cl\/index.php?rest_route=\/wp\/v2\/posts\/28047\/revisions\/28061"}],"wp:featuredmedia":[{"embeddable":true,"href":"http:\/\/putaendouno.cl\/index.php?rest_route=\/wp\/v2\/media\/28048"}],"wp:attachment":[{"href":"http:\/\/putaendouno.cl\/index.php?rest_route=%2Fwp%2Fv2%2Fmedia&parent=28047"}],"wp:term":[{"taxonomy":"category","embeddable":true,"href":"http:\/\/putaendouno.cl\/index.php?rest_route=%2Fwp%2Fv2%2Fcategories&post=28047"},{"taxonomy":"post_tag","embeddable":true,"href":"http:\/\/putaendouno.cl\/index.php?rest_route=%2Fwp%2Fv2%2Ftags&post=28047"}],"curies":[{"name":"wp","href":"https:\/\/api.w.org\/{rel}","templated":true}]}}