{"id":27885,"date":"2020-10-01T22:36:31","date_gmt":"2020-10-02T01:36:31","guid":{"rendered":"http:\/\/putaendouno.cl\/?p=27885"},"modified":"2020-10-01T23:56:24","modified_gmt":"2020-10-02T02:56:24","slug":"camara-aprueba-proyecto-para-adultos-mayores-de-diputado-verdessi","status":"publish","type":"post","link":"http:\/\/putaendouno.cl\/?p=27885","title":{"rendered":"C\u00e1mara aprueba proyecto para adultos mayores de Diputado Verdessi"},"content":{"rendered":"<div class=\"lazysocialbuttons\" data-float=\"left\" data-buttons=\"google,twitter,facebook\" data-twshareurl=\"http:\/\/putaendouno.cl\/?p=27885\" data-twtext=\"\" data-shareurl=\"http:\/\/putaendouno.cl\/?p=27885\" data-fbhideflyout=\"false\" data-backgroundtype=\"light\"><\/div><h2><span style=\"color: #0000ff;\"><img loading=\"lazy\" decoding=\"async\" class=\"aligncenter size-full wp-image-27886\" src=\"http:\/\/putaendouno.cl\/wp-content\/uploads\/2020\/10\/Verdessi-dip.jpeg\" alt=\"\" width=\"640\" height=\"320\" srcset=\"http:\/\/putaendouno.cl\/wp-content\/uploads\/2020\/10\/Verdessi-dip.jpeg 640w, http:\/\/putaendouno.cl\/wp-content\/uploads\/2020\/10\/Verdessi-dip-300x150.jpeg 300w\" sizes=\"auto, (max-width: 640px) 100vw, 640px\" \/>Unanimidad para proyecto de resguardo de los Derechos Humanos de los adultos mayores en hogares de larga estad\u00eda.-<\/span><\/h2>\n<p>Con un total de 137 a favor, cero en contra y cero abstenciones, la Sala de la C\u00e1mara de<br \/>\nDiputadas y Diputados aprob\u00f3 el proyecto de resoluci\u00f3n presentado por el diputado Daniel Verdessi (DC) donde se solicita al Presidente de la Rep\u00fablica, el \u201cresguardo de los derechos humanos de los adultos mayores que se encuentran en Establecimientos de Larga Estad\u00eda\u201d.<\/p>\n<p>El m\u00e9dico y parlamentario destac\u00f3 que <span style=\"color: #0000ff;\">\u201ceste proyecto nace tras conocer los casos de los<\/span><br \/>\n<span style=\"color: #0000ff;\">hogares de Cabildo y Quillota, donde fallecieron alrededor de 15 adultos mayores, por lo que se hac\u00eda necesario tomar medidas para evitar el contagio de Covid-19 en los adultos mayores internados en los ELEAM, donde exist\u00eda una tasa de letalidad superior al 20%\u201d.<\/span><\/p>\n<p>El representante de la Quinta Regi\u00f3n Cordillera sostuvo que<span style=\"color: #0000ff;\"> \u201cla votaci\u00f3n un\u00e1nime obtenida en el hemiciclo de la Sala, demuestra que el cuidado de los adultos mayores es un preocupaci\u00f3n de todos, y que las medidas de cuidados en los centros de larga estad\u00eda se debieron tomar con m\u00e1s prontitud y as\u00ed evitar las muertes que afectaron no solo a estos dos centros en nuestra regi\u00f3n, sino a varios en diferentes puntos del pa\u00eds\u201d.<\/span><\/p>\n<p>La moci\u00f3n tambi\u00e9n solicita al Ejecutivo un informe sobre la tasa de letalidad y contagio con Covid-19 que han presentado los mencionados centros, informando las medidas concretas adoptadas.<\/p>\n","protected":false},"excerpt":{"rendered":"<p>Unanimidad para proyecto de resguardo de los Derechos Humanos de los adultos mayores en hogares de larga estad\u00eda.- Con un total de 137 a favor, cero en contra y cero abstenciones, la Sala de la C\u00e1mara de Diputadas y Diputados aprob\u00f3 el proyecto de resoluci\u00f3n presentado por el diputado Daniel Verdessi (DC) donde se solicita [&hellip;]<\/p>\n","protected":false},"author":1,"featured_media":27886,"comment_status":"open","ping_status":"open","sticky":false,"template":"","format":"standard","meta":{"footnotes":""},"categories":[7,15],"tags":[],"class_list":["post-27885","post","type-post","status-publish","format-standard","has-post-thumbnail","hentry","category-nacionales-y-otras","category-general"],"jetpack_sharing_enabled":true,"jetpack_featured_media_url":"http:\/\/putaendouno.cl\/wp-content\/uploads\/2020\/10\/Verdessi-dip.jpeg","_links":{"self":[{"href":"http:\/\/putaendouno.cl\/index.php?rest_route=\/wp\/v2\/posts\/27885","targetHints":{"allow":["GET"]}}],"collection":[{"href":"http:\/\/putaendouno.cl\/index.php?rest_route=\/wp\/v2\/posts"}],"about":[{"href":"http:\/\/putaendouno.cl\/index.php?rest_route=\/wp\/v2\/types\/post"}],"author":[{"embeddable":true,"href":"http:\/\/putaendouno.cl\/index.php?rest_route=\/wp\/v2\/users\/1"}],"replies":[{"embeddable":true,"href":"http:\/\/putaendouno.cl\/index.php?rest_route=%2Fwp%2Fv2%2Fcomments&post=27885"}],"version-history":[{"count":1,"href":"http:\/\/putaendouno.cl\/index.php?rest_route=\/wp\/v2\/posts\/27885\/revisions"}],"predecessor-version":[{"id":27887,"href":"http:\/\/putaendouno.cl\/index.php?rest_route=\/wp\/v2\/posts\/27885\/revisions\/27887"}],"wp:featuredmedia":[{"embeddable":true,"href":"http:\/\/putaendouno.cl\/index.php?rest_route=\/wp\/v2\/media\/27886"}],"wp:attachment":[{"href":"http:\/\/putaendouno.cl\/index.php?rest_route=%2Fwp%2Fv2%2Fmedia&parent=27885"}],"wp:term":[{"taxonomy":"category","embeddable":true,"href":"http:\/\/putaendouno.cl\/index.php?rest_route=%2Fwp%2Fv2%2Fcategories&post=27885"},{"taxonomy":"post_tag","embeddable":true,"href":"http:\/\/putaendouno.cl\/index.php?rest_route=%2Fwp%2Fv2%2Ftags&post=27885"}],"curies":[{"name":"wp","href":"https:\/\/api.w.org\/{rel}","templated":true}]}}