{"id":27788,"date":"2020-07-15T01:10:24","date_gmt":"2020-07-15T05:10:24","guid":{"rendered":"http:\/\/putaendouno.cl\/?p=27788"},"modified":"2020-07-15T01:10:24","modified_gmt":"2020-07-15T05:10:24","slug":"un-desprecio-a-putaendo","status":"publish","type":"post","link":"http:\/\/putaendouno.cl\/?p=27788","title":{"rendered":"Un desprecio a Putaendo"},"content":{"rendered":"<div class=\"lazysocialbuttons\" data-float=\"left\" data-buttons=\"google,twitter,facebook\" data-twshareurl=\"http:\/\/putaendouno.cl\/?p=27788\" data-twtext=\"\" data-shareurl=\"http:\/\/putaendouno.cl\/?p=27788\" data-fbhideflyout=\"false\" data-backgroundtype=\"light\"><\/div><h2><span style=\"color: #0000ff;\"><img loading=\"lazy\" decoding=\"async\" class=\"aligncenter size-full wp-image-27790\" src=\"http:\/\/putaendouno.cl\/wp-content\/uploads\/2020\/07\/zam.png\" alt=\"\" width=\"640\" height=\"314\" srcset=\"http:\/\/putaendouno.cl\/wp-content\/uploads\/2020\/07\/zam.png 640w, http:\/\/putaendouno.cl\/wp-content\/uploads\/2020\/07\/zam-300x147.png 300w\" sizes=\"auto, (max-width: 640px) 100vw, 640px\" \/>Editorial: Administrador Municipal se va de vacaciones ante llegada de nuevo Alcalde Suplente.-<\/span><\/h2>\n<p>Putaendo esperaba mas de quienes hasta hace unas horas manifestaban su p\u00fablico compromiso con la comunidad, especialmente de quienes ostentaban el mayor cargo comunal, pero no fue as\u00ed.<\/p>\n<p>Aquellos que ayer trabajan tiempo extra para sacar adelante las metas, hoy <span style=\"color: #0000ff;\">no est\u00e1n presentes ni siquiera para entregar dignamente su cargo,<\/span> mostrando un tremendo <span style=\"color: #0000ff;\">desprecio por la gente de Putaendo<\/span>, y especialmente por sus nuevas autoridades, puestas en el cargo por el ministerio de la ley.<\/p>\n<p>Al parecer, los falsos intereses solo aparec\u00edan mientras se pod\u00eda aprovechar el poder del cargo. Parec\u00eda que un balde de agua hirviendo cay\u00f3 de improviso en el nido e hizo que todos escapasen despavoridos. Triste espect\u00e1culo nos brindan quienes otrora ocuparon cargos de confianza del ex alcalde Guillermo Reyes. Y eso que la autoridad entrante pertenece al mismo macro sector pol\u00edtico.<\/p>\n<p>Se podr\u00e1 estar a gusto o no con el nuevo Alcalde Suplente, don Sergio Zamora, pero un m\u00ednimo de nobleza obliga a facilitarle a lo menos el inicio de su labor a quien tendr\u00e1 el destino de la comuna por estos 10 meses pr\u00f3ximos, antes de las elecciones municipales de abril.<\/p>\n<p>Uno de los concejales declaraba hace poco &#8220;tienen que entender que esto es pol\u00edtica&#8221;, justificando as\u00ed las conversaciones y negociaciones previas a la elecci\u00f3n del lunes pasado. No se\u00f1or, eso es la mala pol\u00edtica, la que nadie quiere, la parte oscura de las presiones y acuerdos por la espalda. Esa que lleva a algunos a actuar con tozudez para tratar de conseguir magros resultados, los que finalmente dan con sus narices por el suelo.<\/p>\n<p><span style=\"color: #0000ff;\">Toda la gente espera mas para Putaendo, un municipio mas justo, sin amiguismos ni pitutos<\/span>. Menos con situaciones administrativas irregulares, y si las hay que se investiguen. Un querido presidente chileno dijo -aduciendo la poca experiencia de su equipo de trabajo- &#8220;en nuestro gobierno se podr\u00e1n meter los pies, pero jam\u00e1s las manos&#8221;. Ojal\u00e1 que eso se haya respetado. La huida hace suponer culpas y eso no le hace bien a Putaendo.<\/p>\n<p>Una sola renuncia recibi\u00f3 en su primer d\u00eda el Alcalde, y el funcionario fue ratificado en su cargo. Quien ha obrado bien no tiene nada que temer.<\/p>\n<p>Quieres en el futuro pr\u00f3ximo pretenden competir en las urnas deben mostrar a lo menos nobleza pol\u00edtica, y es lo que menos se ha visto desde el lunes hasta hoy.<\/p>\n<p><span style=\"color: #0000ff;\">_________________________________________<\/span><\/p>\n<h4><span style=\"color: #0000ff;\">Mario Alvarado Eva, Director de Putaendo Uno<\/span><\/h4>\n","protected":false},"excerpt":{"rendered":"<p>Editorial: Administrador Municipal se va de vacaciones ante llegada de nuevo Alcalde Suplente.- Putaendo esperaba mas de quienes hasta hace unas horas manifestaban su p\u00fablico compromiso con la comunidad, especialmente de quienes ostentaban el mayor cargo comunal, pero no fue as\u00ed. Aquellos que ayer trabajan tiempo extra para sacar adelante las metas, hoy no est\u00e1n [&hellip;]<\/p>\n","protected":false},"author":1,"featured_media":27790,"comment_status":"open","ping_status":"open","sticky":false,"template":"","format":"standard","meta":{"footnotes":""},"categories":[8,15,4],"tags":[],"class_list":["post-27788","post","type-post","status-publish","format-standard","has-post-thumbnail","hentry","category-editorial","category-general","category-putaendo"],"jetpack_sharing_enabled":true,"jetpack_featured_media_url":"http:\/\/putaendouno.cl\/wp-content\/uploads\/2020\/07\/zam.png","_links":{"self":[{"href":"http:\/\/putaendouno.cl\/index.php?rest_route=\/wp\/v2\/posts\/27788","targetHints":{"allow":["GET"]}}],"collection":[{"href":"http:\/\/putaendouno.cl\/index.php?rest_route=\/wp\/v2\/posts"}],"about":[{"href":"http:\/\/putaendouno.cl\/index.php?rest_route=\/wp\/v2\/types\/post"}],"author":[{"embeddable":true,"href":"http:\/\/putaendouno.cl\/index.php?rest_route=\/wp\/v2\/users\/1"}],"replies":[{"embeddable":true,"href":"http:\/\/putaendouno.cl\/index.php?rest_route=%2Fwp%2Fv2%2Fcomments&post=27788"}],"version-history":[{"count":2,"href":"http:\/\/putaendouno.cl\/index.php?rest_route=\/wp\/v2\/posts\/27788\/revisions"}],"predecessor-version":[{"id":27791,"href":"http:\/\/putaendouno.cl\/index.php?rest_route=\/wp\/v2\/posts\/27788\/revisions\/27791"}],"wp:featuredmedia":[{"embeddable":true,"href":"http:\/\/putaendouno.cl\/index.php?rest_route=\/wp\/v2\/media\/27790"}],"wp:attachment":[{"href":"http:\/\/putaendouno.cl\/index.php?rest_route=%2Fwp%2Fv2%2Fmedia&parent=27788"}],"wp:term":[{"taxonomy":"category","embeddable":true,"href":"http:\/\/putaendouno.cl\/index.php?rest_route=%2Fwp%2Fv2%2Fcategories&post=27788"},{"taxonomy":"post_tag","embeddable":true,"href":"http:\/\/putaendouno.cl\/index.php?rest_route=%2Fwp%2Fv2%2Ftags&post=27788"}],"curies":[{"name":"wp","href":"https:\/\/api.w.org\/{rel}","templated":true}]}}