{"id":26947,"date":"2020-02-19T13:56:16","date_gmt":"2020-02-19T16:56:16","guid":{"rendered":"http:\/\/putaendouno.cl\/?p=26947"},"modified":"2020-02-19T15:53:58","modified_gmt":"2020-02-19T18:53:58","slug":"que-buenas-chayas","status":"publish","type":"post","link":"http:\/\/putaendouno.cl\/?p=26947","title":{"rendered":"\u00a1Que buenas chayas en Putaendo!"},"content":{"rendered":"<div class=\"lazysocialbuttons\" data-float=\"left\" data-buttons=\"google,twitter,facebook\" data-twshareurl=\"http:\/\/putaendouno.cl\/?p=26947\" data-twtext=\"\" data-shareurl=\"http:\/\/putaendouno.cl\/?p=26947\" data-fbhideflyout=\"false\" data-backgroundtype=\"light\"><\/div><h2><span style=\"color: #0000ff;\"><img loading=\"lazy\" decoding=\"async\" class=\"aligncenter size-full wp-image-26948\" src=\"http:\/\/putaendouno.cl\/wp-content\/uploads\/2020\/02\/Mario-padre.jpg\" alt=\"\" width=\"460\" height=\"640\" srcset=\"http:\/\/putaendouno.cl\/wp-content\/uploads\/2020\/02\/Mario-padre.jpg 460w, http:\/\/putaendouno.cl\/wp-content\/uploads\/2020\/02\/Mario-padre-216x300.jpg 216w, http:\/\/putaendouno.cl\/wp-content\/uploads\/2020\/02\/Mario-padre-230x320.jpg 230w\" sizes=\"auto, (max-width: 460px) 100vw, 460px\" \/>El 18 de febrero es un aniversario mas del fallecimiento de don MARIO ALVARADO SALINAS.-<\/span><\/h2>\n<p>Justo hoy, que se realiza otra jornada del <span style=\"color: #0000ff;\">Carnaval de la Chaya,<\/span> recordamos su partida con el orgullo de saber que \u00e9l fue uno de los fundadores e incansable impulsor de los carnavales de la chaya en Putaendo. Esos carnavales que se hac\u00edan a pulso, y que \u00e9l animaba desde una tarima montada sobre tambores de 200 lts instalados en medio de la pileta de la plaza.<\/p>\n<div class=\"text_exposed_show\">\n<p>Su voz y \u00e1nimo inconfundibles hac\u00edan vibrar las almas putaendinas, cantando, riendo, animando y presentando los artistas de aquella \u00e9poca, cuando unos j\u00f3venes putaendinos que se hac\u00edan llamar <span style=\"color: #0000ff;\">&#8220;Los Zatecs&#8221;<\/span> hac\u00edan cantar a la gente. Tambi\u00e9n actuaban <span style=\"color: #0000ff;\">&#8220;Los Tralers&#8221; y Martin Stam, y solistas como Menichetti, Mario S\u00e1nchez, o Jeanette Rivera.<\/span><\/p>\n<p>Y en los carros aleg\u00f3ricos participaban hasta los mas conocidos personajes y autoridades de entonces, como don <span style=\"color: #0000ff;\">Iv\u00e1n Casas (agente del Banco), don Benjam\u00edn Vald\u00e9s (comandante de bomberos), el Guat\u00f3n Castro y su alegr\u00eda peremne<\/span>, con comparsas que eran bendecidas por el cura p\u00e1rroco.<\/p>\n<p>Todo terminaba en un gran baile de gala, con una gran orquesta local, mesas en medio de la plaza con garzones vestidos de blanco y los putaendinos bailando en todos los rincones de nuestro paseo principal.<\/p>\n<p>Es justo mencionar tambi\u00e9n a <span style=\"color: #0000ff;\">Gast\u00f3n Ormaz\u00e1bal, Aldo Herrera<\/span>, que sol\u00edan acompa\u00f1ar a don Mario en los equipos y en la animaci\u00f3n, y luego comenzaba a integrarse un joven locutor, don <span style=\"color: #0000ff;\">Noel Fuentes.<\/span><\/p>\n<p>Valga mencionar que en ese entonces la chaya <span style=\"color: #0000ff;\">duraba todo febrero<\/span> y los animadores trabajaban absolutamente ad honorem, o sea, gratis, por amor a su pueblo. El gran baile final generalmente se entregaba para beneficio de los Bomberos. Solo la orquesta del baile era pagada, los dem\u00e1s artistas durante el mes tambi\u00e9n actuaban gratis.<\/p>\n<p><span style=\"color: #0000ff;\">\u00a1\u00a1VIVA EL CARNAVAL DE LA CHAYA!!<\/span><br \/>\n<span style=\"color: #0000ff;\">\u00a1\u00a1VIVA PUTAENDO!!<\/span><br \/>\n<span style=\"color: #0000ff;\">\u00a1\u00a1Y QUE SIGA VIVA EL ALMA ALEGRE DE DON MARIO EN CADA UNO DE LOS CARNAVALES!!!<\/span><\/p>\n<\/div>\n","protected":false},"excerpt":{"rendered":"<p>El 18 de febrero es un aniversario mas del fallecimiento de don MARIO ALVARADO SALINAS.- Justo hoy, que se realiza otra jornada del Carnaval de la Chaya, recordamos su partida con el orgullo de saber que \u00e9l fue uno de los fundadores e incansable impulsor de los carnavales de la chaya en Putaendo. Esos carnavales [&hellip;]<\/p>\n","protected":false},"author":1,"featured_media":26948,"comment_status":"open","ping_status":"open","sticky":false,"template":"","format":"standard","meta":{"footnotes":""},"categories":[8,15],"tags":[],"class_list":["post-26947","post","type-post","status-publish","format-standard","has-post-thumbnail","hentry","category-editorial","category-general"],"jetpack_sharing_enabled":true,"jetpack_featured_media_url":"http:\/\/putaendouno.cl\/wp-content\/uploads\/2020\/02\/Mario-padre.jpg","_links":{"self":[{"href":"http:\/\/putaendouno.cl\/index.php?rest_route=\/wp\/v2\/posts\/26947","targetHints":{"allow":["GET"]}}],"collection":[{"href":"http:\/\/putaendouno.cl\/index.php?rest_route=\/wp\/v2\/posts"}],"about":[{"href":"http:\/\/putaendouno.cl\/index.php?rest_route=\/wp\/v2\/types\/post"}],"author":[{"embeddable":true,"href":"http:\/\/putaendouno.cl\/index.php?rest_route=\/wp\/v2\/users\/1"}],"replies":[{"embeddable":true,"href":"http:\/\/putaendouno.cl\/index.php?rest_route=%2Fwp%2Fv2%2Fcomments&post=26947"}],"version-history":[{"count":2,"href":"http:\/\/putaendouno.cl\/index.php?rest_route=\/wp\/v2\/posts\/26947\/revisions"}],"predecessor-version":[{"id":26950,"href":"http:\/\/putaendouno.cl\/index.php?rest_route=\/wp\/v2\/posts\/26947\/revisions\/26950"}],"wp:featuredmedia":[{"embeddable":true,"href":"http:\/\/putaendouno.cl\/index.php?rest_route=\/wp\/v2\/media\/26948"}],"wp:attachment":[{"href":"http:\/\/putaendouno.cl\/index.php?rest_route=%2Fwp%2Fv2%2Fmedia&parent=26947"}],"wp:term":[{"taxonomy":"category","embeddable":true,"href":"http:\/\/putaendouno.cl\/index.php?rest_route=%2Fwp%2Fv2%2Fcategories&post=26947"},{"taxonomy":"post_tag","embeddable":true,"href":"http:\/\/putaendouno.cl\/index.php?rest_route=%2Fwp%2Fv2%2Ftags&post=26947"}],"curies":[{"name":"wp","href":"https:\/\/api.w.org\/{rel}","templated":true}]}}