{"id":26541,"date":"2019-12-02T01:03:34","date_gmt":"2019-12-02T04:03:34","guid":{"rendered":"http:\/\/putaendouno.cl\/?p=26541"},"modified":"2019-12-02T01:03:34","modified_gmt":"2019-12-02T04:03:34","slug":"pero-todo-sigue-ahi-sebastian-todo","status":"publish","type":"post","link":"http:\/\/putaendouno.cl\/?p=26541","title":{"rendered":"Pero todo sigue ah\u00ed, Sebasti\u00e1n. TODO!"},"content":{"rendered":"<div class=\"lazysocialbuttons\" data-float=\"left\" data-buttons=\"google,twitter,facebook\" data-twshareurl=\"http:\/\/putaendouno.cl\/?p=26541\" data-twtext=\"\" data-shareurl=\"http:\/\/putaendouno.cl\/?p=26541\" data-fbhideflyout=\"false\" data-backgroundtype=\"light\"><\/div><div class=\"_1dwg _1w_m _q7o\">\n<div>\n<div class=\"_3x-2\" data-ft=\"{&quot;tn&quot;:&quot;H&quot;}\">\n<div>\n<div class=\"_5r69 _sds _1hvl\">\n<div class=\"mts\">\n<div class=\"mtm _5pcm\">\n<div class=\"mtm _5pco\" data-testid=\"post_message\" data-ft=\"{&quot;tn&quot;:&quot;K&quot;}\">\n<div id=\"id_5de48851232be0055578984\" class=\"text_exposed_root text_exposed\">\n<h2><span style=\"color: #0000ff;\"><img loading=\"lazy\" decoding=\"async\" class=\"aligncenter size-full wp-image-26543\" src=\"http:\/\/putaendouno.cl\/wp-content\/uploads\/2019\/12\/78072070_10157609676234774_491122204558229504_n.jpg\" alt=\"\" width=\"640\" height=\"321\" srcset=\"http:\/\/putaendouno.cl\/wp-content\/uploads\/2019\/12\/78072070_10157609676234774_491122204558229504_n.jpg 640w, http:\/\/putaendouno.cl\/wp-content\/uploads\/2019\/12\/78072070_10157609676234774_491122204558229504_n-300x150.jpg 300w, http:\/\/putaendouno.cl\/wp-content\/uploads\/2019\/12\/78072070_10157609676234774_491122204558229504_n-638x320.jpg 638w\" sizes=\"auto, (max-width: 640px) 100vw, 640px\" \/>&#8220;Sebasti\u00e1n Pi\u00f1era solo sale en p\u00fablico para hablar de violencia o a alabar uniformados&#8221;.-<\/span><\/h2>\n<h4><span style=\"color: #0000ff;\"><img loading=\"lazy\" decoding=\"async\" class=\"alignleft  wp-image-26542\" src=\"http:\/\/putaendouno.cl\/wp-content\/uploads\/2019\/12\/Jorge-Baradit.jpg\" alt=\"\" width=\"155\" height=\"155\" srcset=\"http:\/\/putaendouno.cl\/wp-content\/uploads\/2019\/12\/Jorge-Baradit.jpg 571w, http:\/\/putaendouno.cl\/wp-content\/uploads\/2019\/12\/Jorge-Baradit-300x300.jpg 300w, http:\/\/putaendouno.cl\/wp-content\/uploads\/2019\/12\/Jorge-Baradit-320x320.jpg 320w, http:\/\/putaendouno.cl\/wp-content\/uploads\/2019\/12\/Jorge-Baradit-150x150.jpg 150w\" sizes=\"auto, (max-width: 155px) 100vw, 155px\" \/>Por Jorge Baradit<\/span><\/h4>\n<p>Pi\u00f1era ofreci\u00f3 devolver los treinta pesos cuando la protesta ya hablaba de las AFP; ofreci\u00f3 una agenda social pobre cuando la gente ya estaba pidiendo nueva Con<span class=\"text_exposed_show\">stituci\u00f3n; cambi\u00f3 de gabinete cuando la calle coreaba pidiendo su cabeza. Siempre lleg\u00f3 tarde, mal y a medias; porque <span style=\"color: #0000ff;\">tiene la costumbre del patr\u00f3n que no tiene voluntad de justicia social y suelta la migaja cuando ya se ha salido todo de madre<\/span> y no queda nada m\u00e1s por hacer. <\/span><\/p>\n<p><span class=\"text_exposed_show\">No le result\u00f3 traer paz con sus medidas insuficientes, entonces opt\u00f3 de nuevo por la guerra. Despu\u00e9s de un mes de manifestaciones DECIDI\u00d3 que nada satisfacer\u00eda a este pueblo insaciable que pide lo imposible de puro lleno y se convirti\u00f3 en George Bush 2001; leyes patriotas antitodo y subirle el volumen a la represi\u00f3n indiscriminada para desalojar las calles porque hab\u00eda un \u201cenemigo poderoso\u201d, del que no hemos visto detenidos, pruebas o evidencias en m\u00e1s de 40 d\u00edas. <\/span><\/p>\n<p><span class=\"text_exposed_show\">A toda costa desalojar las calles sin importar si el clamor del pa\u00eds hab\u00eda sido o no contestado. A desalojar las calles. Comenzaron las \u201cencerronas\u201d en plaza Baquedano que concluyeron con manifestantes pac\u00edficos arroj\u00e1ndose al Mapocho para escapar de la violencia de los pacos. A desalojar, mierda. <span style=\"color: #0000ff;\">Cada vez que apareci\u00f3 en televisi\u00f3n fue para halagar a una instituci\u00f3n que est\u00e1 internacionalmente condenada por su brutalidad, por sus abusos sexuales incluso a menores, por tortura y mutilaci\u00f3n.<\/span><\/span><\/p>\n<div class=\"text_exposed_show\">\n<p>No s\u00e9 si los partidarios que quedan de este gobierno sabr\u00e1n que este momento pasar\u00e1 a la historia como el estallido social que el presidente Sebasti\u00e1n Pi\u00f1era reprimi\u00f3 con un saldo de casi 30 muertos, miles de heridos y cientos de mutilados.\u00a0En los libros de historia quedar\u00e1 como un hecho de sangre atroz.<\/p>\n<p>\u00bfRecuerdan cuando las calles estaban llenas de gente de toda edad, ancianos, familias con guaguas, personas con discapacidades, madres con sus hijos? \u00bfSe acuerdan cuando todo rebosaba alegr\u00eda y esperanza? Todo eso hab\u00eda que hundirlo bajo una espesa capa de miedo.<\/p>\n<p>La extrema violencia de carabineros logr\u00f3 su objetivo, alejar a la mayor\u00eda de los manifestantes pac\u00edficos de las calles y dejar a los m\u00e1s duros, que usan la violencia, y a los delincuentes saqueadores \u00bfNo deber\u00eda haber sido al rev\u00e9s?<\/p>\n<p>Sebasti\u00e1n Pi\u00f1era solo sale en p\u00fablico para hablar de violencia o a alabar uniformados. Son sus ministros quienes hacen los acuerdos y dialogan. \u00c9l est\u00e1 para combatir su guerra.<\/p>\n<p><span style=\"color: #0000ff;\">Resucita el viejo dogma: \u201cYo o el caos\u201d.<\/span><\/p>\n<p>Se autopresenta como el h\u00e9roe de la pacificaci\u00f3n de Chile, pero en realidad es quien nos tiene sumidos en esta, su guerra personal.<\/p>\n<p>Cuando tu objetivo es SOLO el orden, piensas que porque ya amedrentaste y mandaste para su casa al mill\u00f3n de personas pac\u00edficas, solo te queda el problema policial y listo&#8230; zafaste.<\/p>\n<p><span style=\"color: #0000ff;\">Pero todo sigue ah\u00ed, Sebasti\u00e1n. TODO<\/span>. La gente se va a sus casas, pero solo a seguir acumulando frustraci\u00f3n y esperanza mientras no vea caminos para cambiar lo que produjo el estallido. Incluso, muchos de tus aliados sentir\u00e1n la tentaci\u00f3n de comenzar a echar pie atr\u00e1s los acuerdos, la nueva constituci\u00f3n, los plebiscitos, al ver las calles m\u00e1s vac\u00edas. Que no se equivoquen, <span style=\"color: #0000ff;\">tu violencia sac\u00f3 a la mayor\u00eda de las calles pero no solucionaste el problema<\/span>, sigue ah\u00ed mientras no entregues AL MENOS una hoja de ruta para los cambios estructurales a los que te comprometiste, los<\/p>\n<p>-C\u00f3mo y cu\u00e1ndo vas a modificar las AFP<br \/>\n-C\u00f3mo y cu\u00e1ndo vas a modificar la salud<br \/>\n-C\u00f3mo y cu\u00e1ndo vas a mejor las pensiones<br \/>\n-C\u00f3mo y cuando vas a mejorar el sueldo m\u00ednimo<br \/>\n-C\u00f3mo y cu\u00e1ndo vas a solucionar la deuda estudiantil<br \/>\n-C\u00f3mo y cu\u00e1ndo la comisi\u00f3n para investigar y castigar las violaciones a los DDHH<\/p>\n<p>No te enga\u00f1es. <span style=\"color: #0000ff;\">No peleamos 30 a\u00f1os para que los pacos y los saqueadores sean los protagonistas.<\/span><\/p>\n<p>La esperanza sigue viva, magullada, golpeada y descansando de las lacrim\u00f3genas, pero viva y expectante.<\/p>\n<p>Porque eso debes entender. Es muy importante que lo entiendas:\u00a0No hay miedo, hay esperanza. Mucha esperanza. Y un pueblo con esperanza es la fuerza m\u00e1s poderosa que existe.<\/p>\n<\/div>\n<\/div>\n<\/div>\n<\/div>\n<\/div>\n<\/div>\n<\/div>\n<\/div>\n<div><\/div>\n<\/div>\n<\/div>\n<div>\n<form id=\"u_fetchstream_6_8\" class=\"commentable_item\" action=\"https:\/\/www.facebook.com\/ajax\/ufi\/modify.php\" method=\"post\" data-ft=\"{&quot;tn&quot;:&quot;]&quot;}\">\n<div class=\"_4299\">\n<div class=\"_5vsi\"><\/div>\n<div>\n<div class=\"_78bu\">\n<div class=\"_68wo\" data-testid=\"fbFeedStoryUFI\/feedbackSummary\">\n<div class=\"_3vum\">\n<div class=\"_66lg\"><\/div>\n<\/div>\n<\/div>\n<\/div>\n<\/div>\n<\/div>\n<\/form>\n<\/div>\n","protected":false},"excerpt":{"rendered":"<p>&#8220;Sebasti\u00e1n Pi\u00f1era solo sale en p\u00fablico para hablar de violencia o a alabar uniformados&#8221;.- Por Jorge Baradit Pi\u00f1era ofreci\u00f3 devolver los treinta pesos cuando la protesta ya hablaba de las AFP; ofreci\u00f3 una agenda social pobre cuando la gente ya estaba pidiendo nueva Constituci\u00f3n; cambi\u00f3 de gabinete cuando la calle coreaba pidiendo su cabeza. Siempre [&hellip;]<\/p>\n","protected":false},"author":1,"featured_media":26543,"comment_status":"open","ping_status":"open","sticky":false,"template":"","format":"standard","meta":{"footnotes":""},"categories":[15,12],"tags":[],"class_list":["post-26541","post","type-post","status-publish","format-standard","has-post-thumbnail","hentry","category-general","category-opinando"],"jetpack_sharing_enabled":true,"jetpack_featured_media_url":"http:\/\/putaendouno.cl\/wp-content\/uploads\/2019\/12\/78072070_10157609676234774_491122204558229504_n.jpg","_links":{"self":[{"href":"http:\/\/putaendouno.cl\/index.php?rest_route=\/wp\/v2\/posts\/26541","targetHints":{"allow":["GET"]}}],"collection":[{"href":"http:\/\/putaendouno.cl\/index.php?rest_route=\/wp\/v2\/posts"}],"about":[{"href":"http:\/\/putaendouno.cl\/index.php?rest_route=\/wp\/v2\/types\/post"}],"author":[{"embeddable":true,"href":"http:\/\/putaendouno.cl\/index.php?rest_route=\/wp\/v2\/users\/1"}],"replies":[{"embeddable":true,"href":"http:\/\/putaendouno.cl\/index.php?rest_route=%2Fwp%2Fv2%2Fcomments&post=26541"}],"version-history":[{"count":1,"href":"http:\/\/putaendouno.cl\/index.php?rest_route=\/wp\/v2\/posts\/26541\/revisions"}],"predecessor-version":[{"id":26544,"href":"http:\/\/putaendouno.cl\/index.php?rest_route=\/wp\/v2\/posts\/26541\/revisions\/26544"}],"wp:featuredmedia":[{"embeddable":true,"href":"http:\/\/putaendouno.cl\/index.php?rest_route=\/wp\/v2\/media\/26543"}],"wp:attachment":[{"href":"http:\/\/putaendouno.cl\/index.php?rest_route=%2Fwp%2Fv2%2Fmedia&parent=26541"}],"wp:term":[{"taxonomy":"category","embeddable":true,"href":"http:\/\/putaendouno.cl\/index.php?rest_route=%2Fwp%2Fv2%2Fcategories&post=26541"},{"taxonomy":"post_tag","embeddable":true,"href":"http:\/\/putaendouno.cl\/index.php?rest_route=%2Fwp%2Fv2%2Ftags&post=26541"}],"curies":[{"name":"wp","href":"https:\/\/api.w.org\/{rel}","templated":true}]}}