{"id":26221,"date":"2019-09-30T22:52:52","date_gmt":"2019-10-01T01:52:52","guid":{"rendered":"http:\/\/putaendouno.cl\/?p=26221"},"modified":"2019-09-30T23:41:56","modified_gmt":"2019-10-01T02:41:56","slug":"chicheria-el-pino-destaca-en-dia-mundial-del-turismo","status":"publish","type":"post","link":"http:\/\/putaendouno.cl\/?p=26221","title":{"rendered":"Chicher\u00eda &#8220;El Pino&#8221; destaca en D\u00eda Mundial del Turismo"},"content":{"rendered":"<div class=\"lazysocialbuttons\" data-float=\"left\" data-buttons=\"google,twitter,facebook\" data-twshareurl=\"http:\/\/putaendouno.cl\/?p=26221\" data-twtext=\"\" data-shareurl=\"http:\/\/putaendouno.cl\/?p=26221\" data-fbhideflyout=\"false\" data-backgroundtype=\"light\"><\/div><h2><span style=\"color: #0000ff;\"><img loading=\"lazy\" decoding=\"async\" class=\"aligncenter size-full wp-image-26222\" src=\"http:\/\/putaendouno.cl\/wp-content\/uploads\/2019\/09\/chicheria.jpg\" alt=\"\" width=\"640\" height=\"321\" srcset=\"http:\/\/putaendouno.cl\/wp-content\/uploads\/2019\/09\/chicheria.jpg 640w, http:\/\/putaendouno.cl\/wp-content\/uploads\/2019\/09\/chicheria-300x150.jpg 300w, http:\/\/putaendouno.cl\/wp-content\/uploads\/2019\/09\/chicheria-638x320.jpg 638w\" sizes=\"auto, (max-width: 640px) 100vw, 640px\" \/>Municipio reconoce el aporte de este emprendimiento al desarrollo tur\u00edstico de Putaendo.-<\/span><\/h2>\n<p>Este 2019 las Fiestas Patrias tuvieron un tremendo exponente criollo en la <span style=\"color: #0000ff;\">&#8220;Chicher\u00eda El Pino&#8221;, de la mano de M\u00f3nica Herrera y \u00d3scar Fern\u00e1ndez (izq., abajo)<\/span>, continuadores del t\u00edpico rinc\u00f3n del ya m\u00edtico <span style=\"color: #0000ff;\">&#8220;Don <img loading=\"lazy\" decoding=\"async\" class=\"alignleft size-medium wp-image-26223\" src=\"http:\/\/putaendouno.cl\/wp-content\/uploads\/2019\/09\/pino1-300x200.jpg\" alt=\"\" width=\"300\" height=\"200\" srcset=\"http:\/\/putaendouno.cl\/wp-content\/uploads\/2019\/09\/pino1-300x200.jpg 300w, http:\/\/putaendouno.cl\/wp-content\/uploads\/2019\/09\/pino1-480x320.jpg 480w, http:\/\/putaendouno.cl\/wp-content\/uploads\/2019\/09\/pino1.jpg 640w\" sizes=\"auto, (max-width: 300px) 100vw, 300px\" \/>Lolo&#8221;<\/span>, padre de \u00d3scar.<\/p>\n<p>A las ya consabidas pic\u00e1s de charqui, canelita, empanadas y otras exquisiteces bien chilenas, los emprendedores agregaron juegos, carros de comidas y bebidas de otros emprendedores, artesan\u00edas y m\u00fasica folcl\u00f3rica en vivo para sus visitantes, que repletaron el local durante toda la semana dieciochera.<\/p>\n<p>Fue justamente la tremenda respuesta del p\u00fablico la que llam\u00f3 la atenci\u00f3n de las autoridades y este s\u00e1bado, en la celebraci\u00f3n del D\u00eda Nacional del Turismo, celebrado en Putaendo con la inauguraci\u00f3n del Parque Escult\u00f3rico de Carretas, en cerro El Llano,<img loading=\"lazy\" decoding=\"async\" class=\"alignright wp-image-26224\" src=\"http:\/\/putaendouno.cl\/wp-content\/uploads\/2019\/09\/pino2-169x300.jpg\" alt=\"\" width=\"90\" height=\"160\" srcset=\"http:\/\/putaendouno.cl\/wp-content\/uploads\/2019\/09\/pino2-169x300.jpg 169w, http:\/\/putaendouno.cl\/wp-content\/uploads\/2019\/09\/pino2-180x320.jpg 180w, http:\/\/putaendouno.cl\/wp-content\/uploads\/2019\/09\/pino2.jpg 360w\" sizes=\"auto, (max-width: 90px) 100vw, 90px\" \/> entregaron a Chicher\u00eda El Pino un reconocimiento <span style=\"color: #0000ff;\">por su aporte al desarrollo del turismo en Putaendo.<\/span><\/p>\n<p>Tras recibir el galvano, M\u00f3nica se\u00f1al\u00f3 en las redes sociales: <span style=\"color: #0000ff;\">&#8220;Estamos muy orgullosos de haber recibido el reconocimiento en el D\u00eda Mundial del Turismo de parte de la Ilustre Municipalidad de Putaendo. S\u00f3lo mencionar que esto es una inyecci\u00f3n que nos motiva a seguir trabajando&#8221;.<\/span><\/p>\n<p>Sin duda seguiremos viendo el crecimiento de este chileno rinc\u00f3n de Tabolango, en Putaendo, de la mano de la iniciativa y el empuje de esta joven pareja de emprendedores, verdaderos embajadores de la herencia de tradiciones que dejara el querido &#8220;Don Lolo&#8221;.<\/p>\n\n\t\t<style type=\"text\/css\">\n\t\t\t#gallery-1 {\n\t\t\t\tmargin: auto;\n\t\t\t}\n\t\t\t#gallery-1 .gallery-item {\n\t\t\t\tfloat: left;\n\t\t\t\tmargin-top: 10px;\n\t\t\t\ttext-align: center;\n\t\t\t\twidth: 33%;\n\t\t\t}\n\t\t\t#gallery-1 img {\n\t\t\t\tborder: 2px solid #cfcfcf;\n\t\t\t}\n\t\t\t#gallery-1 .gallery-caption {\n\t\t\t\tmargin-left: 0;\n\t\t\t}\n\t\t\t\/* see gallery_shortcode() in wp-includes\/media.php *\/\n\t\t<\/style>\n\t\t<div id='gallery-1' class='gallery galleryid-26221 gallery-columns-3 gallery-size-thumbnail'><dl class='gallery-item'>\n\t\t\t<dt class='gallery-icon landscape'>\n\t\t\t\t<a href='http:\/\/putaendouno.cl\/?attachment_id=26226'><img loading=\"lazy\" decoding=\"async\" width=\"150\" height=\"150\" src=\"http:\/\/putaendouno.cl\/wp-content\/uploads\/2019\/09\/pino4-150x150.jpg\" class=\"attachment-thumbnail size-thumbnail\" alt=\"\" \/><\/a>\n\t\t\t<\/dt><\/dl><dl class='gallery-item'>\n\t\t\t<dt class='gallery-icon landscape'>\n\t\t\t\t<a href='http:\/\/putaendouno.cl\/?attachment_id=26225'><img loading=\"lazy\" decoding=\"async\" width=\"150\" height=\"150\" src=\"http:\/\/putaendouno.cl\/wp-content\/uploads\/2019\/09\/pino3-150x150.jpg\" class=\"attachment-thumbnail size-thumbnail\" alt=\"\" \/><\/a>\n\t\t\t<\/dt><\/dl>\n\t\t\t<br style='clear: both' \/>\n\t\t<\/div>\n\n","protected":false},"excerpt":{"rendered":"<p>Municipio reconoce el aporte de este emprendimiento al desarrollo tur\u00edstico de Putaendo.- Este 2019 las Fiestas Patrias tuvieron un tremendo exponente criollo en la &#8220;Chicher\u00eda El Pino&#8221;, de la mano de M\u00f3nica Herrera y \u00d3scar Fern\u00e1ndez (izq., abajo), continuadores del t\u00edpico rinc\u00f3n del ya m\u00edtico &#8220;Don Lolo&#8221;, padre de \u00d3scar. A las ya consabidas pic\u00e1s [&hellip;]<\/p>\n","protected":false},"author":1,"featured_media":26222,"comment_status":"open","ping_status":"open","sticky":false,"template":"","format":"standard","meta":{"footnotes":""},"categories":[15,4],"tags":[],"class_list":["post-26221","post","type-post","status-publish","format-standard","has-post-thumbnail","hentry","category-general","category-putaendo"],"jetpack_sharing_enabled":true,"jetpack_featured_media_url":"http:\/\/putaendouno.cl\/wp-content\/uploads\/2019\/09\/chicheria.jpg","_links":{"self":[{"href":"http:\/\/putaendouno.cl\/index.php?rest_route=\/wp\/v2\/posts\/26221","targetHints":{"allow":["GET"]}}],"collection":[{"href":"http:\/\/putaendouno.cl\/index.php?rest_route=\/wp\/v2\/posts"}],"about":[{"href":"http:\/\/putaendouno.cl\/index.php?rest_route=\/wp\/v2\/types\/post"}],"author":[{"embeddable":true,"href":"http:\/\/putaendouno.cl\/index.php?rest_route=\/wp\/v2\/users\/1"}],"replies":[{"embeddable":true,"href":"http:\/\/putaendouno.cl\/index.php?rest_route=%2Fwp%2Fv2%2Fcomments&post=26221"}],"version-history":[{"count":2,"href":"http:\/\/putaendouno.cl\/index.php?rest_route=\/wp\/v2\/posts\/26221\/revisions"}],"predecessor-version":[{"id":26228,"href":"http:\/\/putaendouno.cl\/index.php?rest_route=\/wp\/v2\/posts\/26221\/revisions\/26228"}],"wp:featuredmedia":[{"embeddable":true,"href":"http:\/\/putaendouno.cl\/index.php?rest_route=\/wp\/v2\/media\/26222"}],"wp:attachment":[{"href":"http:\/\/putaendouno.cl\/index.php?rest_route=%2Fwp%2Fv2%2Fmedia&parent=26221"}],"wp:term":[{"taxonomy":"category","embeddable":true,"href":"http:\/\/putaendouno.cl\/index.php?rest_route=%2Fwp%2Fv2%2Fcategories&post=26221"},{"taxonomy":"post_tag","embeddable":true,"href":"http:\/\/putaendouno.cl\/index.php?rest_route=%2Fwp%2Fv2%2Ftags&post=26221"}],"curies":[{"name":"wp","href":"https:\/\/api.w.org\/{rel}","templated":true}]}}