{"id":26209,"date":"2019-09-30T20:46:22","date_gmt":"2019-09-30T23:46:22","guid":{"rendered":"http:\/\/putaendouno.cl\/?p=26209"},"modified":"2019-09-30T20:46:22","modified_gmt":"2019-09-30T23:46:22","slug":"formularan-proyecto-fotovoltaico-para-aprs-de-putaendo","status":"publish","type":"post","link":"http:\/\/putaendouno.cl\/?p=26209","title":{"rendered":"Formular\u00e1n proyecto fotovoltaico para APRs de Putaendo"},"content":{"rendered":"<div class=\"lazysocialbuttons\" data-float=\"left\" data-buttons=\"google,twitter,facebook\" data-twshareurl=\"http:\/\/putaendouno.cl\/?p=26209\" data-twtext=\"\" data-shareurl=\"http:\/\/putaendouno.cl\/?p=26209\" data-fbhideflyout=\"false\" data-backgroundtype=\"light\"><\/div><h2><span style=\"color: #0000ff;\"><img loading=\"lazy\" decoding=\"async\" class=\"aligncenter size-full wp-image-26210\" src=\"http:\/\/putaendouno.cl\/wp-content\/uploads\/2019\/09\/apr5.jpg\" alt=\"\" width=\"640\" height=\"340\" srcset=\"http:\/\/putaendouno.cl\/wp-content\/uploads\/2019\/09\/apr5.jpg 640w, http:\/\/putaendouno.cl\/wp-content\/uploads\/2019\/09\/apr5-300x159.jpg 300w, http:\/\/putaendouno.cl\/wp-content\/uploads\/2019\/09\/apr5-602x320.jpg 602w\" sizes=\"auto, (max-width: 640px) 100vw, 640px\" \/>CORE Rolando Stevenson lidera la gesti\u00f3n en beneficio de putaendinos.-<\/span><\/h2>\n<p>En la tarde de este lunes, en el sal\u00f3n del Concejo Municipal, se reunieron la mayor\u00eda de los representantes de los APR de Putaendo, con el <span style=\"color: #0000ff;\">Consejero Regional Rolando Stevenson; el Municipio, representado por el Alcalde Guillermo Reyes, el Administrador Fabi\u00e1n Mu\u00f1oz y el Director de Obras Jorge Reyes; y el profesional representante de la Seremi de Energ\u00eda, Hermann Balde.<\/span><\/p>\n<p>A instancias del CORE Stevenson, la Seremi de Energ\u00eda se abocar\u00e1 a la recopilaci\u00f3n de antecedentes y datos t\u00e9cnicos de cada uno de los APR de Putaendo, para levantar un proyecto que supone el funcionamiento de paneles fotovoltaicos para dotar de energ\u00eda el\u00e9ctrica complementaria a las plantas distribuidoras de agua, con el fin de lograr una considerable disminuci\u00f3n en el costo por consumo energ\u00e9tico que provee la actual red el\u00e9ctrica, de Chilquinta.<\/p>\n<p>La idea es que, con el funcionamiento de los paneles fotovoltaicos, cada APR genere su propia energ\u00eda el\u00e9ctrica y la inyecte a la red existente, ocasionando un descuento en el valor del actual consumo el\u00e9ctrico, equivalente a la cantidad de energ\u00eda que se inyect\u00f3 a la red. La inyecci\u00f3n de energ\u00eda ser\u00eda calculada por un medidor bidireccional, que mide consumo e inyecci\u00f3n.<\/p>\n<p><span style=\"color: #0000ff;\"><img loading=\"lazy\" decoding=\"async\" class=\"alignleft  wp-image-26211\" src=\"http:\/\/putaendouno.cl\/wp-content\/uploads\/2019\/09\/rolando1-225x300.jpg\" alt=\"\" width=\"126\" height=\"168\" srcset=\"http:\/\/putaendouno.cl\/wp-content\/uploads\/2019\/09\/rolando1-225x300.jpg 225w, http:\/\/putaendouno.cl\/wp-content\/uploads\/2019\/09\/rolando1-240x320.jpg 240w, http:\/\/putaendouno.cl\/wp-content\/uploads\/2019\/09\/rolando1.jpg 480w\" sizes=\"auto, (max-width: 126px) 100vw, 126px\" \/>Stevenson (izq.) plante\u00f3 a Putaendo Uno que: &#8220;Hace un a\u00f1o que venimos trabajando esta idea y logramos que la Seremi de Energ\u00eda se interesara y est\u00e9 dispuesta a colaborar con los APR formulando el proyecto respectivo, que implicar\u00e1 un gran beneficio para los usuarios de esta red de organizaciones de agua potable en Putaendo&#8221;, dijo.<\/span><\/p>\n<p>Por su parte, <span style=\"color: #0000ff;\">Hermann Balde (der.) destac\u00f3 que &#8220;Esto es parte de los programas de <img loading=\"lazy\" decoding=\"async\" class=\"alignright  wp-image-26212\" src=\"http:\/\/putaendouno.cl\/wp-content\/uploads\/2019\/09\/hermann-203x300.jpg\" alt=\"\" width=\"102\" height=\"151\" srcset=\"http:\/\/putaendouno.cl\/wp-content\/uploads\/2019\/09\/hermann-203x300.jpg 203w, http:\/\/putaendouno.cl\/wp-content\/uploads\/2019\/09\/hermann-217x320.jpg 217w, http:\/\/putaendouno.cl\/wp-content\/uploads\/2019\/09\/hermann.jpg 405w\" sizes=\"auto, (max-width: 102px) 100vw, 102px\" \/>apoyo a la comunidad que la Seremi de Energ\u00eda mantiene. Permanentemente estamos buscando como ayudar a las comunidades y esta es una idea bastante factible&#8221;<\/span>, dijo el profesional.<\/p>\n<p>As\u00ed, a priori, el proyecto tendr\u00eda un costo que bordea los <span style=\"color: #0000ff;\">$500 millones<\/span>, por lo que su inversi\u00f3n puede ser postulada a financiamiento del Gobierno Regional o de la Subsecretar\u00eda de Desarrollo Regional, Subdere, seg\u00fan inform\u00f3 el Consejero Stevenson.<\/p>\n<p>Por ahora, los dirigentes de APR har\u00e1n llegar sus datos al municipio, quien se encargar\u00e1 de recopilar para entrega a la Seremi.<\/p>\n<p>Jorge Herrera, dirigente del APR de Quebrada de Herrera, destac\u00f3 y agradeci\u00f3 la gesti\u00f3n del Consejero Regional, agregando que este proyecto permite disminuir la dependencia que tienen con Chilquinta.<\/p>\n<p>Es de esperar que todo llegue a buen t\u00e9rmino en el corto plazo, porque un proyecto de esta naturaleza, adem\u00e1s del beneficio social de reducci\u00f3n de costos para los usuarios, conlleva un beneficio ambiental al utilizar energ\u00edas limpias.<\/p>\n\n\t\t<style type=\"text\/css\">\n\t\t\t#gallery-1 {\n\t\t\t\tmargin: auto;\n\t\t\t}\n\t\t\t#gallery-1 .gallery-item {\n\t\t\t\tfloat: left;\n\t\t\t\tmargin-top: 10px;\n\t\t\t\ttext-align: center;\n\t\t\t\twidth: 33%;\n\t\t\t}\n\t\t\t#gallery-1 img {\n\t\t\t\tborder: 2px solid #cfcfcf;\n\t\t\t}\n\t\t\t#gallery-1 .gallery-caption {\n\t\t\t\tmargin-left: 0;\n\t\t\t}\n\t\t\t\/* see gallery_shortcode() in wp-includes\/media.php *\/\n\t\t<\/style>\n\t\t<div id='gallery-1' class='gallery galleryid-26209 gallery-columns-3 gallery-size-thumbnail'><dl class='gallery-item'>\n\t\t\t<dt class='gallery-icon landscape'>\n\t\t\t\t<a href='http:\/\/putaendouno.cl\/?attachment_id=26213'><img loading=\"lazy\" decoding=\"async\" width=\"150\" height=\"150\" src=\"http:\/\/putaendouno.cl\/wp-content\/uploads\/2019\/09\/apr1-2-150x150.jpg\" class=\"attachment-thumbnail size-thumbnail\" alt=\"\" \/><\/a>\n\t\t\t<\/dt><\/dl><dl class='gallery-item'>\n\t\t\t<dt class='gallery-icon landscape'>\n\t\t\t\t<a href='http:\/\/putaendouno.cl\/?attachment_id=26214'><img loading=\"lazy\" decoding=\"async\" width=\"150\" height=\"150\" src=\"http:\/\/putaendouno.cl\/wp-content\/uploads\/2019\/09\/apr2-1-150x150.jpg\" class=\"attachment-thumbnail size-thumbnail\" alt=\"\" \/><\/a>\n\t\t\t<\/dt><\/dl><dl class='gallery-item'>\n\t\t\t<dt class='gallery-icon landscape'>\n\t\t\t\t<a href='http:\/\/putaendouno.cl\/?attachment_id=26215'><img loading=\"lazy\" decoding=\"async\" width=\"150\" height=\"150\" src=\"http:\/\/putaendouno.cl\/wp-content\/uploads\/2019\/09\/apr3-1-150x150.jpg\" class=\"attachment-thumbnail size-thumbnail\" alt=\"\" \/><\/a>\n\t\t\t<\/dt><\/dl><br style=\"clear: both\" \/><dl class='gallery-item'>\n\t\t\t<dt class='gallery-icon landscape'>\n\t\t\t\t<a href='http:\/\/putaendouno.cl\/?attachment_id=26216'><img loading=\"lazy\" decoding=\"async\" width=\"150\" height=\"150\" src=\"http:\/\/putaendouno.cl\/wp-content\/uploads\/2019\/09\/apr6-150x150.jpg\" class=\"attachment-thumbnail size-thumbnail\" alt=\"\" \/><\/a>\n\t\t\t<\/dt><\/dl><dl class='gallery-item'>\n\t\t\t<dt class='gallery-icon landscape'>\n\t\t\t\t<a href='http:\/\/putaendouno.cl\/?attachment_id=26217'><img loading=\"lazy\" decoding=\"async\" width=\"150\" height=\"150\" src=\"http:\/\/putaendouno.cl\/wp-content\/uploads\/2019\/09\/apr7-150x150.jpg\" class=\"attachment-thumbnail size-thumbnail\" alt=\"\" \/><\/a>\n\t\t\t<\/dt><\/dl><dl class='gallery-item'>\n\t\t\t<dt class='gallery-icon landscape'>\n\t\t\t\t<a href='http:\/\/putaendouno.cl\/?attachment_id=26218'><img loading=\"lazy\" decoding=\"async\" width=\"150\" height=\"150\" src=\"http:\/\/putaendouno.cl\/wp-content\/uploads\/2019\/09\/apr8-150x150.jpg\" class=\"attachment-thumbnail size-thumbnail\" alt=\"\" \/><\/a>\n\t\t\t<\/dt><\/dl><br style=\"clear: both\" \/><dl class='gallery-item'>\n\t\t\t<dt class='gallery-icon landscape'>\n\t\t\t\t<a href='http:\/\/putaendouno.cl\/?attachment_id=26219'><img loading=\"lazy\" decoding=\"async\" width=\"150\" height=\"150\" src=\"http:\/\/putaendouno.cl\/wp-content\/uploads\/2019\/09\/apr9-150x150.jpg\" class=\"attachment-thumbnail size-thumbnail\" alt=\"\" \/><\/a>\n\t\t\t<\/dt><\/dl>\n\t\t\t<br style='clear: both' \/>\n\t\t<\/div>\n\n<p>&nbsp;<\/p>\n","protected":false},"excerpt":{"rendered":"<p>CORE Rolando Stevenson lidera la gesti\u00f3n en beneficio de putaendinos.- En la tarde de este lunes, en el sal\u00f3n del Concejo Municipal, se reunieron la mayor\u00eda de los representantes de los APR de Putaendo, con el Consejero Regional Rolando Stevenson; el Municipio, representado por el Alcalde Guillermo Reyes, el Administrador Fabi\u00e1n Mu\u00f1oz y el Director [&hellip;]<\/p>\n","protected":false},"author":1,"featured_media":26210,"comment_status":"open","ping_status":"open","sticky":false,"template":"","format":"standard","meta":{"footnotes":""},"categories":[15,4],"tags":[],"class_list":["post-26209","post","type-post","status-publish","format-standard","has-post-thumbnail","hentry","category-general","category-putaendo"],"jetpack_sharing_enabled":true,"jetpack_featured_media_url":"http:\/\/putaendouno.cl\/wp-content\/uploads\/2019\/09\/apr5.jpg","_links":{"self":[{"href":"http:\/\/putaendouno.cl\/index.php?rest_route=\/wp\/v2\/posts\/26209","targetHints":{"allow":["GET"]}}],"collection":[{"href":"http:\/\/putaendouno.cl\/index.php?rest_route=\/wp\/v2\/posts"}],"about":[{"href":"http:\/\/putaendouno.cl\/index.php?rest_route=\/wp\/v2\/types\/post"}],"author":[{"embeddable":true,"href":"http:\/\/putaendouno.cl\/index.php?rest_route=\/wp\/v2\/users\/1"}],"replies":[{"embeddable":true,"href":"http:\/\/putaendouno.cl\/index.php?rest_route=%2Fwp%2Fv2%2Fcomments&post=26209"}],"version-history":[{"count":1,"href":"http:\/\/putaendouno.cl\/index.php?rest_route=\/wp\/v2\/posts\/26209\/revisions"}],"predecessor-version":[{"id":26220,"href":"http:\/\/putaendouno.cl\/index.php?rest_route=\/wp\/v2\/posts\/26209\/revisions\/26220"}],"wp:featuredmedia":[{"embeddable":true,"href":"http:\/\/putaendouno.cl\/index.php?rest_route=\/wp\/v2\/media\/26210"}],"wp:attachment":[{"href":"http:\/\/putaendouno.cl\/index.php?rest_route=%2Fwp%2Fv2%2Fmedia&parent=26209"}],"wp:term":[{"taxonomy":"category","embeddable":true,"href":"http:\/\/putaendouno.cl\/index.php?rest_route=%2Fwp%2Fv2%2Fcategories&post=26209"},{"taxonomy":"post_tag","embeddable":true,"href":"http:\/\/putaendouno.cl\/index.php?rest_route=%2Fwp%2Fv2%2Ftags&post=26209"}],"curies":[{"name":"wp","href":"https:\/\/api.w.org\/{rel}","templated":true}]}}