{"id":26193,"date":"2019-09-27T12:36:05","date_gmt":"2019-09-27T15:36:05","guid":{"rendered":"http:\/\/putaendouno.cl\/?p=26193"},"modified":"2019-09-28T00:19:30","modified_gmt":"2019-09-28T03:19:30","slug":"comienza-a-regir-zona-de-catastrofe-en-region-de-valparaiso","status":"publish","type":"post","link":"http:\/\/putaendouno.cl\/?p=26193","title":{"rendered":"Comienza a regir &#8220;Zona de Cat\u00e1strofe&#8221; en Regi\u00f3n de Valparaiso"},"content":{"rendered":"<div class=\"lazysocialbuttons\" data-float=\"left\" data-buttons=\"google,twitter,facebook\" data-twshareurl=\"http:\/\/putaendouno.cl\/?p=26193\" data-twtext=\"\" data-shareurl=\"http:\/\/putaendouno.cl\/?p=26193\" data-fbhideflyout=\"false\" data-backgroundtype=\"light\"><\/div><div id=\"nota-contenido-fondo-4306570\" class=\"nota-contenido-fondo\">\n<div id=\"nota-contenido-4306570\" class=\"nota-contenido text-19 robotos\" data-url=\"https:\/\/www.biobiochile.cl\/noticias\/nacional\/region-de-valparaiso\/2019\/09\/26\/50-mil-millones-disponibles-comienza-a-regir-zona-de-catastrofe-por-sequia-en-region-de-valparaiso.shtml\" data-titulo=\"$50 mil millones disponibles: comienza a regir Zona de Cat\u00e1strofe por Sequ\u00eda en regi\u00f3n de Valpara\u00edso\">\n<h2><span style=\"color: #0000ff;\"><img loading=\"lazy\" decoding=\"async\" class=\"aligncenter size-full wp-image-26194\" src=\"http:\/\/putaendouno.cl\/wp-content\/uploads\/2019\/09\/cabras.jpg\" alt=\"\" width=\"640\" height=\"320\" srcset=\"http:\/\/putaendouno.cl\/wp-content\/uploads\/2019\/09\/cabras.jpg 640w, http:\/\/putaendouno.cl\/wp-content\/uploads\/2019\/09\/cabras-300x150.jpg 300w\" sizes=\"auto, (max-width: 640px) 100vw, 640px\" \/>M\u00e1s de $50 mil millones comienzan a ser destinados a combatir la sequ\u00eda desde este jueves.-<\/span><\/h2>\n<p>Por primera vez en la historia de la regi\u00f3n de Valpara\u00edso continental, este jueves comenzara a regir -y por un a\u00f1o completo-\u00a0<span style=\"color: #0000ff;\"><strong>la Zona de Cat\u00e1strofe por Sequ\u00eda.<\/strong><\/span><\/p>\n<p>En ese contexto, el intendente anunci\u00f3 una bater\u00eda de recursos y gestiones por m\u00e1s de\u00a0<strong>5<span style=\"color: #0000ff;\">0 mil millones de pesos para combatir la falta de agua<\/span><\/strong>. Es por esto que durante este mi\u00e9rcoles se realiz\u00f3 la mesa ejecutiva h\u00eddrica, con el fin de poder organizarse para actuar frente a esta emergencia que afecta a seis regiones del pa\u00eds.<\/p>\n<p>Se han dispuesto varias medidas para obtener recursos a trav\u00e9s de los distintos decretos que ya est\u00e1n operando, y de esta forma agilizar los tramites que permitan compras directas en el territorio regional.<\/p>\n<p>Seg\u00fan detall\u00f3 el intendente de Valpara\u00edso, Jorge Mart\u00ednez, la regi\u00f3n ya cuenta con un fondo de<strong>\u00a0<span style=\"color: #0000ff;\">50 mil millones de pesos<\/span><\/strong>, todo esto como suma de distintos montos derivados de convenios en conjunto al Gobierno Regional<\/p>\n<p>Todo ello, \u201cpara ir en ayuda -primero- de asegurar el consumo humano\u201d, asever\u00f3 Mart\u00ednez.<\/p>\n<p>Los dineros en primera instancia ir\u00e1n dirigidos para asegurar el agua de consumo humano, y luego para forraje animal, agua para zonas de secano, para riego y en caso de emergencias por incendio.<\/p>\n<p>Lo \u00faltimo se debe a que las condiciones que genera la sequ\u00eda, son propicias para la ocurrencia de siniestros. Por raz\u00f3n ya existen planes de emergencia en conjunto con Onemi, Conaf y Bomberos, por lo que a partir del 1 de octubre estar\u00e1n dispuestos materiales a\u00e9reos y brigadas forestales para enfrentar este tipo de emergencias.<\/p>\n<p>Tras la reuni\u00f3n surgieron mesas operativas que integran no s\u00f3lo los seremis y directores de servicios vinculados a la problem\u00e1tica, sino que tambi\u00e9n a distintas agrupaciones y organizaciones de la sociedad civil, porque\u00a0<span style=\"color: #0000ff;\"><strong>este es un fen\u00f3meno que \u201cno tiene color pol\u00edtico\u201d<\/strong><\/span>, recalc\u00f3 el intendente.<\/p>\n<p>\u201cEs un tema en el que requerimos unidad\u201d, sentenci\u00f3.<\/p>\n<p>Adem\u00e1s, se ha solicitado al Ministerio de Desarrollo Social la elaboraci\u00f3n de fichas sociales para realizar un catastro de las personas afectadas directamente por la sequ\u00eda. <span style=\"color: #0000ff;\"><strong>El decreto regir\u00e1 durante un a\u00f1o en 36 de las 38 comunas de la regi\u00f3n de Valpara\u00edso.<\/strong><\/span><\/p>\n<p>(Bb\/P1)<\/p>\n<\/div>\n<\/div>\n<div class=\"nota-error clearfix\"><\/div>\n","protected":false},"excerpt":{"rendered":"<p>M\u00e1s de $50 mil millones comienzan a ser destinados a combatir la sequ\u00eda desde este jueves.- Por primera vez en la historia de la regi\u00f3n de Valpara\u00edso continental, este jueves comenzara a regir -y por un a\u00f1o completo-\u00a0la Zona de Cat\u00e1strofe por Sequ\u00eda. En ese contexto, el intendente anunci\u00f3 una bater\u00eda de recursos y gestiones [&hellip;]<\/p>\n","protected":false},"author":1,"featured_media":26194,"comment_status":"open","ping_status":"open","sticky":false,"template":"","format":"standard","meta":{"footnotes":""},"categories":[7,15],"tags":[],"class_list":["post-26193","post","type-post","status-publish","format-standard","has-post-thumbnail","hentry","category-nacionales-y-otras","category-general"],"jetpack_sharing_enabled":true,"jetpack_featured_media_url":"http:\/\/putaendouno.cl\/wp-content\/uploads\/2019\/09\/cabras.jpg","_links":{"self":[{"href":"http:\/\/putaendouno.cl\/index.php?rest_route=\/wp\/v2\/posts\/26193","targetHints":{"allow":["GET"]}}],"collection":[{"href":"http:\/\/putaendouno.cl\/index.php?rest_route=\/wp\/v2\/posts"}],"about":[{"href":"http:\/\/putaendouno.cl\/index.php?rest_route=\/wp\/v2\/types\/post"}],"author":[{"embeddable":true,"href":"http:\/\/putaendouno.cl\/index.php?rest_route=\/wp\/v2\/users\/1"}],"replies":[{"embeddable":true,"href":"http:\/\/putaendouno.cl\/index.php?rest_route=%2Fwp%2Fv2%2Fcomments&post=26193"}],"version-history":[{"count":1,"href":"http:\/\/putaendouno.cl\/index.php?rest_route=\/wp\/v2\/posts\/26193\/revisions"}],"predecessor-version":[{"id":26195,"href":"http:\/\/putaendouno.cl\/index.php?rest_route=\/wp\/v2\/posts\/26193\/revisions\/26195"}],"wp:featuredmedia":[{"embeddable":true,"href":"http:\/\/putaendouno.cl\/index.php?rest_route=\/wp\/v2\/media\/26194"}],"wp:attachment":[{"href":"http:\/\/putaendouno.cl\/index.php?rest_route=%2Fwp%2Fv2%2Fmedia&parent=26193"}],"wp:term":[{"taxonomy":"category","embeddable":true,"href":"http:\/\/putaendouno.cl\/index.php?rest_route=%2Fwp%2Fv2%2Fcategories&post=26193"},{"taxonomy":"post_tag","embeddable":true,"href":"http:\/\/putaendouno.cl\/index.php?rest_route=%2Fwp%2Fv2%2Ftags&post=26193"}],"curies":[{"name":"wp","href":"https:\/\/api.w.org\/{rel}","templated":true}]}}