{"id":26079,"date":"2019-09-16T15:42:48","date_gmt":"2019-09-16T18:42:48","guid":{"rendered":"http:\/\/putaendouno.cl\/?p=26079"},"modified":"2019-09-16T15:43:08","modified_gmt":"2019-09-16T18:43:08","slug":"zona-de-catastrofe-en-valparaiso-continental","status":"publish","type":"post","link":"http:\/\/putaendouno.cl\/?p=26079","title":{"rendered":"&#8220;Zona de Cat\u00e1strofe&#8221; en Valpara\u00edso continental"},"content":{"rendered":"<div class=\"lazysocialbuttons\" data-float=\"left\" data-buttons=\"google,twitter,facebook\" data-twshareurl=\"http:\/\/putaendouno.cl\/?p=26079\" data-twtext=\"\" data-shareurl=\"http:\/\/putaendouno.cl\/?p=26079\" data-fbhideflyout=\"false\" data-backgroundtype=\"light\"><\/div><h3 class=\"title\"><span style=\"color: #0000ff;\"><img loading=\"lazy\" decoding=\"async\" class=\"aligncenter size-large wp-image-26080\" src=\"http:\/\/putaendouno.cl\/wp-content\/uploads\/2019\/09\/desertificacion-636x320.jpg\" alt=\"\" width=\"636\" height=\"320\" srcset=\"http:\/\/putaendouno.cl\/wp-content\/uploads\/2019\/09\/desertificacion-636x320.jpg 636w, http:\/\/putaendouno.cl\/wp-content\/uploads\/2019\/09\/desertificacion-300x151.jpg 300w, http:\/\/putaendouno.cl\/wp-content\/uploads\/2019\/09\/desertificacion.jpg 640w\" sizes=\"auto, (max-width: 636px) 100vw, 636px\" \/>Presidente de la Rep\u00fablica decreta zona de cat\u00e1strofe por sequ\u00eda a todas las comunas continentales de la Regi\u00f3n.-<\/span><\/h3>\n<div class=\"contenido\">\n<p>Chile enfrenta desde hace m\u00e1s de 10 a\u00f1os un grave problema de escasez h\u00eddrica y de sequ\u00eda que se ha hecho m\u00e1s extenso e intenso en los \u00faltimos a\u00f1os. Nuestra regi\u00f3n se ha visto fuertemente afectada en cada una de sus provincias continentales donde la falta de precipitaciones ha llegado a un 70,5% menos comparado con un a\u00f1o normal a la fecha.<\/p>\n<p>El Intendente Regional, Jorge Mart\u00ednez, a trav\u00e9s del Ord. N\u00b04\/603 con fecha 2 de agosto de 2019 solicit\u00f3 la declaraci\u00f3n de zona afectada por cat\u00e1strofe para las comunas continentales de la regi\u00f3n remitiendo antecedentes t\u00e9cnicos que la sustentan, dada la persistencia de la sequ\u00eda prolongada que afecta a la regi\u00f3n, tanto en la demanda de recursos h\u00eddricos para consumo de la poblaci\u00f3n, como para ser utilizada en las distintas actividades del quehacer econ\u00f3mico regional.<\/p>\n<p>Con todos estos antecedentes, el Presidente de la Rep\u00fablica Sebasti\u00e1n Pi\u00f1era ha decretado zona afectada por cat\u00e1strofe derivada de la prolongada sequ\u00eda a todas las comunas continentales de la Regi\u00f3n de Valpara\u00edso; por un plazo de 12 meses a partir del 26 de septiembre de 2019. Este decreto ampl\u00eda las zonas de cat\u00e1strofes que estaban vigentes en la regi\u00f3n por el decreto 1138 que inclu\u00eda solo 14 comunas, ahora se extiende a todas las comunas continentales de la regi\u00f3n.<\/p>\n<p>A partir de este decreto, el Presidente de la Rep\u00fablica designa al Intendente Regional de Valpara\u00edso, Jorge Mart\u00ednez, como autoridad responsable de la coordinaci\u00f3n, ejecuci\u00f3n de los programas de recuperaci\u00f3n que el gobierno determine para las zonas afectadas.<\/p>\n<p>El Intendente Regional tendr\u00e1 amplia facultad para adoptar y aplicar las medidas tendientes a solucionar los problemas asociados como consecuencia de la cat\u00e1strofe derivada de la sequ\u00eda en cada una de las comunas continentales.<\/p>\n<\/div>\n","protected":false},"excerpt":{"rendered":"<p>Presidente de la Rep\u00fablica decreta zona de cat\u00e1strofe por sequ\u00eda a todas las comunas continentales de la Regi\u00f3n.- Chile enfrenta desde hace m\u00e1s de 10 a\u00f1os un grave problema de escasez h\u00eddrica y de sequ\u00eda que se ha hecho m\u00e1s extenso e intenso en los \u00faltimos a\u00f1os. Nuestra regi\u00f3n se ha visto fuertemente afectada en [&hellip;]<\/p>\n","protected":false},"author":1,"featured_media":26080,"comment_status":"open","ping_status":"open","sticky":false,"template":"","format":"standard","meta":{"footnotes":""},"categories":[15,5],"tags":[],"class_list":["post-26079","post","type-post","status-publish","format-standard","has-post-thumbnail","hentry","category-general","category-aconcagua"],"jetpack_sharing_enabled":true,"jetpack_featured_media_url":"http:\/\/putaendouno.cl\/wp-content\/uploads\/2019\/09\/desertificacion.jpg","_links":{"self":[{"href":"http:\/\/putaendouno.cl\/index.php?rest_route=\/wp\/v2\/posts\/26079","targetHints":{"allow":["GET"]}}],"collection":[{"href":"http:\/\/putaendouno.cl\/index.php?rest_route=\/wp\/v2\/posts"}],"about":[{"href":"http:\/\/putaendouno.cl\/index.php?rest_route=\/wp\/v2\/types\/post"}],"author":[{"embeddable":true,"href":"http:\/\/putaendouno.cl\/index.php?rest_route=\/wp\/v2\/users\/1"}],"replies":[{"embeddable":true,"href":"http:\/\/putaendouno.cl\/index.php?rest_route=%2Fwp%2Fv2%2Fcomments&post=26079"}],"version-history":[{"count":1,"href":"http:\/\/putaendouno.cl\/index.php?rest_route=\/wp\/v2\/posts\/26079\/revisions"}],"predecessor-version":[{"id":26081,"href":"http:\/\/putaendouno.cl\/index.php?rest_route=\/wp\/v2\/posts\/26079\/revisions\/26081"}],"wp:featuredmedia":[{"embeddable":true,"href":"http:\/\/putaendouno.cl\/index.php?rest_route=\/wp\/v2\/media\/26080"}],"wp:attachment":[{"href":"http:\/\/putaendouno.cl\/index.php?rest_route=%2Fwp%2Fv2%2Fmedia&parent=26079"}],"wp:term":[{"taxonomy":"category","embeddable":true,"href":"http:\/\/putaendouno.cl\/index.php?rest_route=%2Fwp%2Fv2%2Fcategories&post=26079"},{"taxonomy":"post_tag","embeddable":true,"href":"http:\/\/putaendouno.cl\/index.php?rest_route=%2Fwp%2Fv2%2Ftags&post=26079"}],"curies":[{"name":"wp","href":"https:\/\/api.w.org\/{rel}","templated":true}]}}