{"id":26072,"date":"2019-09-12T01:30:55","date_gmt":"2019-09-12T04:30:55","guid":{"rendered":"http:\/\/putaendouno.cl\/?p=26072"},"modified":"2019-09-12T01:35:39","modified_gmt":"2019-09-12T04:35:39","slug":"arde-polemica-por-superposicion-de-programas-dieciocheros-en-putaendo","status":"publish","type":"post","link":"http:\/\/putaendouno.cl\/?p=26072","title":{"rendered":"Arde pol\u00e9mica por superposici\u00f3n de programas dieciocheros en Putaendo"},"content":{"rendered":"<div class=\"lazysocialbuttons\" data-float=\"left\" data-buttons=\"google,twitter,facebook\" data-twshareurl=\"http:\/\/putaendouno.cl\/?p=26072\" data-twtext=\"\" data-shareurl=\"http:\/\/putaendouno.cl\/?p=26072\" data-fbhideflyout=\"false\" data-backgroundtype=\"light\"><\/div><h2><span style=\"color: #0000ff;\"><img loading=\"lazy\" decoding=\"async\" class=\"aligncenter wp-image-26073\" src=\"http:\/\/putaendouno.cl\/wp-content\/uploads\/2019\/09\/FP.jpg\" alt=\"\" width=\"671\" height=\"276\" srcset=\"http:\/\/putaendouno.cl\/wp-content\/uploads\/2019\/09\/FP.jpg 620w, http:\/\/putaendouno.cl\/wp-content\/uploads\/2019\/09\/FP-300x123.jpg 300w\" sizes=\"auto, (max-width: 671px) 100vw, 671px\" \/>Municipio retrasa su programa: El d\u00eda s\u00e1bado 14, la actividad se realizar\u00e1 despu\u00e9s de la Gala Folcl\u00f3rica de la Agrupaci\u00f3n Semillas del Orolonco.-<\/span><\/h2>\n<p>En un pol\u00e9mico choque se ha convertido la superposici\u00f3n de programas de actividades folcl\u00f3ricas en Putaendo. La Academia Semillas del Orolonco tiene su gala, pagada, para reunir dineros para que sus integrantes viajen a Uruguay; y por otra parte, el Municipio, tiene una actividad con varios grupos folcl\u00f3ricos, tambi\u00e9n putaendinos.<\/p>\n<p>Sin embargo, tras el airado <a href=\"http:\/\/putaendouno.cl\/?p=26069\">reclamo de los apoderados<\/a> por las redes sociales, el Municipio decidi\u00f3 retrasar el horario de inicio de su actividad, hasta las 21 hrs, la que tendr\u00e1 lugar en el anfiteatro del Parque Puente Cimbra, al aire libre, a pesar de los vaivenes clim\u00e1ticos. Pero no fue suficiente, pues la molestia persiste, transformando la pol\u00e9mica en una situaci\u00f3n que ya abarca a demasiadas personas y que no hace bien, ni a los involucrados directamente, ni a la comunidad putaendina, y mucho menos al folclore, especialmente en v\u00edsperas de Fiestas Patrias.<\/p>\n<p>Esta es la declaraci\u00f3n que el Municipio public\u00f3, aceptando un retraso en su programa:<\/p>\n<p><span style=\"color: #0000ff;\">Estimadas\/os:<\/span><\/p>\n<p><span style=\"color: #0000ff;\">Junto con saludarles cordialmente y con todo el respeto que se merecen ustedes y las dem\u00e1s agrupaciones folcl\u00f3ricas de la comuna que se presentar\u00e1n el pr\u00f3ximo 14 de septiembre en el Anfiteatro del Puente Cimbra, queremos aclarar lo siguiente:<\/span><\/p>\n<p><span style=\"color: #0000ff;\"><img loading=\"lazy\" decoding=\"async\" class=\"alignleft size-medium wp-image-26074\" src=\"http:\/\/putaendouno.cl\/wp-content\/uploads\/2019\/09\/fp-munic-265x300.jpg\" alt=\"\" width=\"265\" height=\"300\" srcset=\"http:\/\/putaendouno.cl\/wp-content\/uploads\/2019\/09\/fp-munic-265x300.jpg 265w, http:\/\/putaendouno.cl\/wp-content\/uploads\/2019\/09\/fp-munic-283x320.jpg 283w, http:\/\/putaendouno.cl\/wp-content\/uploads\/2019\/09\/fp-munic.jpg 620w\" sizes=\"auto, (max-width: 265px) 100vw, 265px\" \/>En primer lugar, debemos mencionar que, al igual que el evento de Semillas del Orolonco, la actividad que organiza el municipio estaba programada con anterioridad. En este sentido, es preciso aclarar que el fin de semana del 14 es el \u00faltimo antes de Fiestas Patrias. Como ocurre en todo Chile, es una fecha que estar\u00e1 recargada de actividades en todas las comunas del pa\u00eds. Este a\u00f1o Putaendo no escapa a ese contexto.<\/span><\/p>\n<p><span style=\"color: #0000ff;\">Por tal motivo, hicimos todos los cambios posibles para minimizar cualquier inconveniente con la Gala de la Academia Folcl\u00f3rica Semillas del Orolonco. Teniendo esta consideraci\u00f3n, cambiamos el horario de la actividad municipal para realizarla despu\u00e9s de dicha Gala folcl\u00f3rica y trasladamos la presentaci\u00f3n del Bafochi para el domingo 15, considerando que en un principio estaba programada para el d\u00eda s\u00e1bado 14.<\/span><\/p>\n<p><span style=\"color: #0000ff;\">Del mismo modo, creemos que es importante respetar el trabajo de las dem\u00e1s agrupaciones folcl\u00f3ricas como: Herencia de Familia, Renacer Cuequero, Ra\u00edces de Mi Tierra y Los Carmelitos de Rinconada de Silva. Dichas agrupaciones igualmente son de la comuna y tambi\u00e9n participan ni\u00f1as, ni\u00f1os y j\u00f3venes de Putaendo.<\/span><\/p>\n<p><span style=\"color: #0000ff;\">El respeto en estos casos debe ser mutuo, porque bajo ning\u00fan aspecto, como se ha dicho en los comentarios, el municipio quiere boicotear una actividad folcl\u00f3rica, menos a\u00fan de Semillas del Orolonco, agrupaci\u00f3n que el municipio ha apoyado durante a\u00f1os y que, much\u00edsimas veces, tiene promoci\u00f3n exclusiva a trav\u00e9s de nuestras redes sociales.<\/span><\/p>\n<p><span style=\"color: #0000ff;\">Estamos convencidos tambi\u00e9n que la comunidad en general tiene el derecho de participar en actividades gratuitas, en sus espacios p\u00fablicos. Estamos seguros que el p\u00fablico de Semillas del Orolonco, seguir\u00e1 participando y apoyando vuestra gala. La gran trayectoria y trabajo que realizan como agrupaci\u00f3n folcl\u00f3rica, es destacada y valorada por todos.<\/span><\/p>\n<p><span style=\"color: #0000ff;\">Entendamos que la actividad municipal programada para el s\u00e1bado 14 comenzar\u00e1 alrededor de las 21 horas. Seguramente, las personas que quieran participar de vuestra gala, que comienza a las 19, estar\u00e1n acompa\u00f1\u00e1ndolos de igual forma. No generemos un conflicto donde no lo hay y disfrutemos de este fin de semana que da inicio a las Fiestas Patrias en Putaendo.<span class=\"_5mfr\"><span class=\"_6qdm\">??<\/span><\/span><\/span><\/p>\n<p>Por su parte, el <span style=\"color: #008000;\">Director de la Academia de Danza,\u00a0Patricio Ordo\u00f1ez Mart\u00ednez<\/span>, replic\u00f3 duramente la declaraci\u00f3n municipal, expresando p\u00fablicamente su indignaci\u00f3n, con el siguiente texto en las redes sociales:<\/p>\n<p><span dir=\"ltr\" style=\"color: #008000;\"><span class=\"_3l3x _1n4g\">Me pueden dar el argumento que todos tienen el derecho a realizar una presentaci\u00f3n, ese no es el punto.<br \/>\nBueno, ahora no somos de la Muni, porqu\u00e9 no existi\u00f3 voluntad cierta de seguir financiado nuestra direcci\u00f3n.<br \/>\n<\/span><\/span><\/p>\n<p><span dir=\"ltr\" style=\"color: #008000;\"><span class=\"_3l3x _1n4g\"><img loading=\"lazy\" decoding=\"async\" class=\"alignleft size-medium wp-image-26068\" src=\"http:\/\/putaendouno.cl\/wp-content\/uploads\/2019\/09\/OROLONCO-300x300.jpg\" alt=\"\" width=\"300\" height=\"300\" srcset=\"http:\/\/putaendouno.cl\/wp-content\/uploads\/2019\/09\/OROLONCO-300x300.jpg 300w, http:\/\/putaendouno.cl\/wp-content\/uploads\/2019\/09\/OROLONCO-150x150.jpg 150w, http:\/\/putaendouno.cl\/wp-content\/uploads\/2019\/09\/OROLONCO-320x320.jpg 320w, http:\/\/putaendouno.cl\/wp-content\/uploads\/2019\/09\/OROLONCO.jpg 600w\" sizes=\"auto, (max-width: 300px) 100vw, 300px\" \/>Si a pesar de programar con antelaci\u00f3n, programan otra actividad, es porque de verdad jam\u00e1s han entendido, comprendido, considerado ni valorado lo que hacemos, con quien, por qu\u00e9 y cuando. No han querido medir el impacto social de la Academia, \u00bfles asusta tal vez? No miden el alcance. <\/span><\/span><\/p>\n<p><span dir=\"ltr\" style=\"color: #008000;\"><span class=\"_3l3x _1n4g\">Se los repito por en\u00e9sima vez, somos parte de una red de agrupaciones con sede en USA, Argentina, Uruguay y Chile. Llevamos 12 intercambios art\u00edsticos internacionales. Bailarines y core\u00f3grafos del m\u00e1s alto nivel visitan la comuna para dictar talleres a la Agrupaci\u00f3n, eso. Tenemos una propuesta novedosa y comprometida en lo art\u00edstico, pero Uds. no lo quieren aceptar ni poner en valor.<br \/>\n<\/span><\/span><\/p>\n<p><span style=\"color: #008000;\">Saben que? \u00a1me aburr\u00ed! Si nos quieren quitar la subvenci\u00f3n municipal adelante, si quieren no financiar la segunda versi\u00f3n del Festival Internacional, porque la primera la pague YO y parte con entradas, no lo financien, pero seguiremos creciendo y luchando por lo que creemos justo y verdadero.<\/span><\/p>\n<p><span style=\"color: #008000;\">Soy el director de Semillas del Orolonco, soy gestor cultural y folclorista y les prometo y aseguro que seguir\u00e1n escuchando de nosotros. Hemos sembrado con amor y pasi\u00f3n este bichito, maldito para algunos, del arte y la cultura en las nuevas generaciones, ya estamos en su sangre y en su alma. Y de ah\u00ed no nos mueven m\u00e1s.<\/span><\/p>\n<p><span style=\"color: #008000;\">No le faltamos el respeto a otras agrupaciones, tenemos un trabajo claramente diferenciado. El conflicto est\u00e1 en el impasse; vean la cantidad de comentarios de los padres y el mio propio. Uds. programan y auspician, adem\u00e1s, el evento del parque. De paso le recuerdo quien entreg\u00f3 la idea de un escenario al aire libre&#8230;<\/span><\/p>\n<p><span style=\"color: #008000;\">Pero como director no me quedar\u00e9 callado, manifestar\u00e9 mi molestia con tremendo respeto, educaci\u00f3n, pero con firmeza. Si no les parece, le recuerdo que gente de mi edad luch\u00f3 por poder decir lo que piensa y siente, es un derecho. Nosotros elegimos a quienes dirigen los destinos de una comuna, y si nos parece un rumbo equivocado o injusto, se manifiesta o expresa.<\/span><\/p>\n<p><span style=\"color: #008000;\">Felices Fiestas Patrias.<\/span><\/p>\n","protected":false},"excerpt":{"rendered":"<p>Municipio retrasa su programa: El d\u00eda s\u00e1bado 14, la actividad se realizar\u00e1 despu\u00e9s de la Gala Folcl\u00f3rica de la Agrupaci\u00f3n Semillas del Orolonco.- En un pol\u00e9mico choque se ha convertido la superposici\u00f3n de programas de actividades folcl\u00f3ricas en Putaendo. La Academia Semillas del Orolonco tiene su gala, pagada, para reunir dineros para que sus integrantes [&hellip;]<\/p>\n","protected":false},"author":1,"featured_media":26073,"comment_status":"open","ping_status":"open","sticky":false,"template":"","format":"standard","meta":{"footnotes":""},"categories":[15,4],"tags":[],"class_list":["post-26072","post","type-post","status-publish","format-standard","has-post-thumbnail","hentry","category-general","category-putaendo"],"jetpack_sharing_enabled":true,"jetpack_featured_media_url":"http:\/\/putaendouno.cl\/wp-content\/uploads\/2019\/09\/FP.jpg","_links":{"self":[{"href":"http:\/\/putaendouno.cl\/index.php?rest_route=\/wp\/v2\/posts\/26072","targetHints":{"allow":["GET"]}}],"collection":[{"href":"http:\/\/putaendouno.cl\/index.php?rest_route=\/wp\/v2\/posts"}],"about":[{"href":"http:\/\/putaendouno.cl\/index.php?rest_route=\/wp\/v2\/types\/post"}],"author":[{"embeddable":true,"href":"http:\/\/putaendouno.cl\/index.php?rest_route=\/wp\/v2\/users\/1"}],"replies":[{"embeddable":true,"href":"http:\/\/putaendouno.cl\/index.php?rest_route=%2Fwp%2Fv2%2Fcomments&post=26072"}],"version-history":[{"count":3,"href":"http:\/\/putaendouno.cl\/index.php?rest_route=\/wp\/v2\/posts\/26072\/revisions"}],"predecessor-version":[{"id":26077,"href":"http:\/\/putaendouno.cl\/index.php?rest_route=\/wp\/v2\/posts\/26072\/revisions\/26077"}],"wp:featuredmedia":[{"embeddable":true,"href":"http:\/\/putaendouno.cl\/index.php?rest_route=\/wp\/v2\/media\/26073"}],"wp:attachment":[{"href":"http:\/\/putaendouno.cl\/index.php?rest_route=%2Fwp%2Fv2%2Fmedia&parent=26072"}],"wp:term":[{"taxonomy":"category","embeddable":true,"href":"http:\/\/putaendouno.cl\/index.php?rest_route=%2Fwp%2Fv2%2Fcategories&post=26072"},{"taxonomy":"post_tag","embeddable":true,"href":"http:\/\/putaendouno.cl\/index.php?rest_route=%2Fwp%2Fv2%2Ftags&post=26072"}],"curies":[{"name":"wp","href":"https:\/\/api.w.org\/{rel}","templated":true}]}}