{"id":26069,"date":"2019-09-11T10:47:30","date_gmt":"2019-09-11T13:47:30","guid":{"rendered":"http:\/\/putaendouno.cl\/?p=26069"},"modified":"2019-09-11T10:59:45","modified_gmt":"2019-09-11T13:59:45","slug":"apoderados-de-grupo-folclorico-reclaman-contra-municipio-de-putaendo","status":"publish","type":"post","link":"http:\/\/putaendouno.cl\/?p=26069","title":{"rendered":"Apoderados de grupo folcl\u00f3rico reclaman contra Municipio de Putaendo"},"content":{"rendered":"<div class=\"lazysocialbuttons\" data-float=\"left\" data-buttons=\"google,twitter,facebook\" data-twshareurl=\"http:\/\/putaendouno.cl\/?p=26069\" data-twtext=\"\" data-shareurl=\"http:\/\/putaendouno.cl\/?p=26069\" data-fbhideflyout=\"false\" data-backgroundtype=\"light\"><\/div><h2><span style=\"color: #0000ff;\"><img loading=\"lazy\" decoding=\"async\" class=\"aligncenter size-full wp-image-26070\" src=\"http:\/\/putaendouno.cl\/wp-content\/uploads\/2019\/09\/gala1.jpg\" alt=\"\" width=\"640\" height=\"321\" srcset=\"http:\/\/putaendouno.cl\/wp-content\/uploads\/2019\/09\/gala1.jpg 640w, http:\/\/putaendouno.cl\/wp-content\/uploads\/2019\/09\/gala1-300x150.jpg 300w, http:\/\/putaendouno.cl\/wp-content\/uploads\/2019\/09\/gala1-638x320.jpg 638w\" sizes=\"auto, (max-width: 640px) 100vw, 640px\" \/>Municipio programa actividad folcl\u00f3rica que se superpone con gala del grupo.-<\/span><\/h2>\n<p>Fuertes reclamos en las redes sociales por programaci\u00f3n de actividad folcl\u00f3rica del municipio, que se dio a conocer hace algunos d\u00edas, el mismo d\u00eda y hora de la Gala Folcl\u00f3rica &#8220;Danzas de Nuestra Tierra&#8221;, de la prestigiosa Academia de Danza Semillas del Orolonco, que se prepara hace ya cuatro meses, con conocimiento de la organizaci\u00f3n edilicia. Incluso la Academia hizo una declaraci\u00f3n p\u00fablica, manifestando que esta Gala se hace &#8220;de todas maneras&#8221;.<\/p>\n<p>Los apoderados de los ni\u00f1os y j\u00f3venes han expresado su gran molestia con esta situaci\u00f3n, utilizando todos los medios a su alcance.<\/p>\n<p>Esta es una de las cartas y reclamos que han hecho llegar a <span style=\"color: #0000ff;\">Putaendo Uno:<\/span><\/p>\n<p><span style=\"color: #0000ff;\">&#8212;&#8212;&#8212;&#8212;&#8212;&#8212;&#8212;&#8212;&#8212;&#8212;&#8212;&#8212;&#8212;&#8212;&#8212;&#8212;&#8212;&#8212;&#8212;&#8212;&#8212;&#8212;&#8212;&#8212;&#8212;&#8212;&#8212;&#8212;&#8212;&#8212;&#8212;&#8212;&#8212;&#8212;&#8212;&#8212;&#8212;&#8212;&#8212;&#8212;<\/span><\/p>\n<p><span style=\"color: #0000ff;\"><img loading=\"lazy\" decoding=\"async\" class=\"alignleft wp-image-26068\" src=\"http:\/\/putaendouno.cl\/wp-content\/uploads\/2019\/09\/OROLONCO.jpg\" alt=\"\" width=\"321\" height=\"321\" srcset=\"http:\/\/putaendouno.cl\/wp-content\/uploads\/2019\/09\/OROLONCO.jpg 600w, http:\/\/putaendouno.cl\/wp-content\/uploads\/2019\/09\/OROLONCO-150x150.jpg 150w, http:\/\/putaendouno.cl\/wp-content\/uploads\/2019\/09\/OROLONCO-300x300.jpg 300w, http:\/\/putaendouno.cl\/wp-content\/uploads\/2019\/09\/OROLONCO-320x320.jpg 320w\" sizes=\"auto, (max-width: 321px) 100vw, 321px\" \/>Estimado director:<\/span><\/p>\n<p><span style=\"color: #0000ff;\">Encuentro una falta de respeto grav\u00edsima lo que la I. Municipalidad de Putaendo ha hecho. Bien es sabido por todas las personas que viven en tan linda comuna, que desde hace varios a\u00f1os existe una Academia de Danzas llamada Academia Semillas del Orolonco. Academia que ha sabido salir adelante a punta de esfuerzo propio de sus profesores Patricio Guillermo Ordo\u00f1ez Martinez\u00a0y\u00a0Cristina Portillo Valderrama, sus ni\u00f1os y los apoderados y amigos de la Academia.<\/span><\/p>\n<p><span style=\"color: #0000ff;\">Hoy he visto con tristeza como la I. Municipalidad de Putaendo promociona con bombos y platillos una muestra folcl\u00f3rica de primer nivel como dicen ellos. La molestia pasa, principalmente, porque la Academia Semillas del Orolonco tiene programada su gala (como lo viene haciendo desde hace 4 a\u00f1os) el mismo d\u00eda a similar hora. Dicha gala tiene por objetivo, recaudar dinero para que los ni\u00f1os del elenco tengan la posibilidad de viajar al extranjero a representar a la COMUNA en diversas actividades culturales.<\/span><\/p>\n<p><span style=\"color: #0000ff;\">Ustedes se preguntar\u00e1n \u00bfpor qu\u00e9 no solicita recursos para financiar sus viajes?, simple: porque a las autoridades no les interesa invertir en cultura. En realidad es la t\u00f3nica general de los Gobiernos de turno. Es cosa que entrevisten a los directores de la Academia y les soliciten copias de los muchos proyectos que han terminado en un &#8220;lo siento no califica&#8221;.<\/span><\/p>\n<p><span style=\"color: #0000ff;\">No es que est\u00e9 en contra de la muestra folcl\u00f3rica que la Municipalidad gratuitamente quiere ofrecer a la comunidad, sino que la programaci\u00f3n debiese haber sido para otra fecha, sabiendo de antemano que la Academia hab\u00eda organizado con muchos meses de anticipaci\u00f3n esta gala.<\/span><\/p>\n<p><span style=\"color: #0000ff;\">Insto a los asesores del Alcalde a recapacitar y cambiar la fecha, en pos de una Academia que no lucra como otras Instituciones que obtienen beneficios municipales, ya que su Misi\u00f3n y Visi\u00f3n est\u00e1n enfocados en un 100% en formar ni\u00f1os y ni\u00f1as con valores que hoy en d\u00eda se est\u00e1n perdiendo.<\/span><\/p>\n<p><span style=\"color: #0000ff;\">Atentamente<\/span><\/p>\n<p><span style=\"color: #0000ff;\">Salom\u00e9 Espinoza Troncoso<\/span><\/p>\n<p><span class=\"userContentSecondary _c24\">\u00a0<\/span><\/p>\n","protected":false},"excerpt":{"rendered":"<p>Municipio programa actividad folcl\u00f3rica que se superpone con gala del grupo.- Fuertes reclamos en las redes sociales por programaci\u00f3n de actividad folcl\u00f3rica del municipio, que se dio a conocer hace algunos d\u00edas, el mismo d\u00eda y hora de la Gala Folcl\u00f3rica &#8220;Danzas de Nuestra Tierra&#8221;, de la prestigiosa Academia de Danza Semillas del Orolonco, que [&hellip;]<\/p>\n","protected":false},"author":1,"featured_media":26070,"comment_status":"open","ping_status":"open","sticky":false,"template":"","format":"standard","meta":{"footnotes":""},"categories":[21,15,4],"tags":[],"class_list":["post-26069","post","type-post","status-publish","format-standard","has-post-thumbnail","hentry","category-cartas","category-general","category-putaendo"],"jetpack_sharing_enabled":true,"jetpack_featured_media_url":"http:\/\/putaendouno.cl\/wp-content\/uploads\/2019\/09\/gala1.jpg","_links":{"self":[{"href":"http:\/\/putaendouno.cl\/index.php?rest_route=\/wp\/v2\/posts\/26069","targetHints":{"allow":["GET"]}}],"collection":[{"href":"http:\/\/putaendouno.cl\/index.php?rest_route=\/wp\/v2\/posts"}],"about":[{"href":"http:\/\/putaendouno.cl\/index.php?rest_route=\/wp\/v2\/types\/post"}],"author":[{"embeddable":true,"href":"http:\/\/putaendouno.cl\/index.php?rest_route=\/wp\/v2\/users\/1"}],"replies":[{"embeddable":true,"href":"http:\/\/putaendouno.cl\/index.php?rest_route=%2Fwp%2Fv2%2Fcomments&post=26069"}],"version-history":[{"count":1,"href":"http:\/\/putaendouno.cl\/index.php?rest_route=\/wp\/v2\/posts\/26069\/revisions"}],"predecessor-version":[{"id":26071,"href":"http:\/\/putaendouno.cl\/index.php?rest_route=\/wp\/v2\/posts\/26069\/revisions\/26071"}],"wp:featuredmedia":[{"embeddable":true,"href":"http:\/\/putaendouno.cl\/index.php?rest_route=\/wp\/v2\/media\/26070"}],"wp:attachment":[{"href":"http:\/\/putaendouno.cl\/index.php?rest_route=%2Fwp%2Fv2%2Fmedia&parent=26069"}],"wp:term":[{"taxonomy":"category","embeddable":true,"href":"http:\/\/putaendouno.cl\/index.php?rest_route=%2Fwp%2Fv2%2Fcategories&post=26069"},{"taxonomy":"post_tag","embeddable":true,"href":"http:\/\/putaendouno.cl\/index.php?rest_route=%2Fwp%2Fv2%2Ftags&post=26069"}],"curies":[{"name":"wp","href":"https:\/\/api.w.org\/{rel}","templated":true}]}}