{"id":26064,"date":"2019-09-08T10:07:55","date_gmt":"2019-09-08T13:07:55","guid":{"rendered":"http:\/\/putaendouno.cl\/?p=26064"},"modified":"2019-09-08T10:07:55","modified_gmt":"2019-09-08T13:07:55","slug":"muere-camilo-sesto-a-los-72-anos","status":"publish","type":"post","link":"http:\/\/putaendouno.cl\/?p=26064","title":{"rendered":"Muere Camilo Sesto a los 72 a\u00f1os"},"content":{"rendered":"<div class=\"lazysocialbuttons\" data-float=\"left\" data-buttons=\"google,twitter,facebook\" data-twshareurl=\"http:\/\/putaendouno.cl\/?p=26064\" data-twtext=\"\" data-shareurl=\"http:\/\/putaendouno.cl\/?p=26064\" data-fbhideflyout=\"false\" data-backgroundtype=\"light\"><\/div><article class=\"articulo articulo--nointro \">\n<div id=\"articulo_interior\" class=\"articulo__interior\">\n<div id=\"articulo_contenedor\" class=\"articulo__contenedor\">\n<div id=\"cuerpo_noticia\" class=\"articulo-cuerpo\">\n<h2><span style=\"color: #0000ff;\"><img loading=\"lazy\" decoding=\"async\" class=\"aligncenter size-full wp-image-26065\" src=\"http:\/\/putaendouno.cl\/wp-content\/uploads\/2019\/09\/camilos.jpg\" alt=\"\" width=\"640\" height=\"320\" srcset=\"http:\/\/putaendouno.cl\/wp-content\/uploads\/2019\/09\/camilos.jpg 640w, http:\/\/putaendouno.cl\/wp-content\/uploads\/2019\/09\/camilos-300x150.jpg 300w\" sizes=\"auto, (max-width: 640px) 100vw, 640px\" \/>Este domingo\u00a0<strong>se confirm\u00f3 la muerte del cantante y compositor espa\u00f1ol<\/strong>.-<\/span><\/h2>\n<p>La familia del int\u00e9rprete de &#8220;Piel de \u00c1ngel&#8221; fue la encargada de entregar la noticia a trav\u00e9s de sus redes sociales, sin embargo, no se conoc\u00edan las causas de su deceso hasta ahora.<\/p>\n<p>Seg\u00fan publica el diario\u00a0<em>El Pa\u00eds<\/em>\u00a0de Espa\u00f1a, el cantante<strong>\u00a0<span style=\"color: #0000ff;\">ingres\u00f3 en horas del s\u00e1bado de urgencia a la Cl\u00ednica Quir\u00f3n\u00a0<\/span><\/strong>de la localidad madrile\u00f1a de Pozuelo de Alarc\u00f3n\u00a0<span style=\"color: #0000ff;\"><strong>por los problemas renales<\/strong><\/span>\u00a0que padec\u00eda desde hace alg\u00fan tiempo, los que derivaron en un paro cardiorrespiratorio.<\/p>\n<p>Tras algunas horas internado, durante la madrugada del domingo se confirm\u00f3 su fallecimiento en el mismo centro m\u00e9dico.<\/p>\n<p>Recordemos que en el a\u00f1o 2018 Sesto hab\u00eda retomado su carrera luego de algunos a\u00f1os alejado de los escenarios<strong>,\u00a0<\/strong>pero sus problemas de salud se lo impidieron debiendo cancelar conciertos que ten\u00eda agendados.<\/p>\n<h2><span style=\"color: #0000ff;\">\u00daltimo adi\u00f3s de sus fans<\/span><\/h2>\n<p>Tras su partida la Sociedad General de Autores y Editores (SGAE) de Espa\u00f1a anunci\u00f3 que\u00a0<strong>se abrir\u00e1n las puerta de su sede para quienes quieran ir a despedirse del artista<\/strong>\u00a0y dejar sus condolencias.<\/p>\n<p>La capilla ardiente estar\u00e1 disponible entre las 11:00 horas y las 22:00 horas para recibir a los cientos de fan\u00e1ticos que se espera que se congreguen para darle el \u00faltimo adi\u00f3s, publica ABC.<\/p>\n<p>RECUERDA AQU\u00cd 15 DE SUS GRANDES EXITOS<\/p>\n<p>https:\/\/www.youtube.com\/watch?time_continue=4&#038;v=xFHNEMzBY1c<\/p>\n<\/div>\n<\/div>\n<\/div>\n<\/article>\n","protected":false},"excerpt":{"rendered":"<p>Este domingo\u00a0se confirm\u00f3 la muerte del cantante y compositor espa\u00f1ol.- La familia del int\u00e9rprete de &#8220;Piel de \u00c1ngel&#8221; fue la encargada de entregar la noticia a trav\u00e9s de sus redes sociales, sin embargo, no se conoc\u00edan las causas de su deceso hasta ahora. Seg\u00fan publica el diario\u00a0El Pa\u00eds\u00a0de Espa\u00f1a, el cantante\u00a0ingres\u00f3 en horas del s\u00e1bado [&hellip;]<\/p>\n","protected":false},"author":1,"featured_media":26065,"comment_status":"open","ping_status":"open","sticky":false,"template":"","format":"standard","meta":{"footnotes":""},"categories":[9],"tags":[],"class_list":["post-26064","post","type-post","status-publish","format-standard","has-post-thumbnail","hentry","category-magazines"],"jetpack_sharing_enabled":true,"jetpack_featured_media_url":"http:\/\/putaendouno.cl\/wp-content\/uploads\/2019\/09\/camilos.jpg","_links":{"self":[{"href":"http:\/\/putaendouno.cl\/index.php?rest_route=\/wp\/v2\/posts\/26064","targetHints":{"allow":["GET"]}}],"collection":[{"href":"http:\/\/putaendouno.cl\/index.php?rest_route=\/wp\/v2\/posts"}],"about":[{"href":"http:\/\/putaendouno.cl\/index.php?rest_route=\/wp\/v2\/types\/post"}],"author":[{"embeddable":true,"href":"http:\/\/putaendouno.cl\/index.php?rest_route=\/wp\/v2\/users\/1"}],"replies":[{"embeddable":true,"href":"http:\/\/putaendouno.cl\/index.php?rest_route=%2Fwp%2Fv2%2Fcomments&post=26064"}],"version-history":[{"count":1,"href":"http:\/\/putaendouno.cl\/index.php?rest_route=\/wp\/v2\/posts\/26064\/revisions"}],"predecessor-version":[{"id":26066,"href":"http:\/\/putaendouno.cl\/index.php?rest_route=\/wp\/v2\/posts\/26064\/revisions\/26066"}],"wp:featuredmedia":[{"embeddable":true,"href":"http:\/\/putaendouno.cl\/index.php?rest_route=\/wp\/v2\/media\/26065"}],"wp:attachment":[{"href":"http:\/\/putaendouno.cl\/index.php?rest_route=%2Fwp%2Fv2%2Fmedia&parent=26064"}],"wp:term":[{"taxonomy":"category","embeddable":true,"href":"http:\/\/putaendouno.cl\/index.php?rest_route=%2Fwp%2Fv2%2Fcategories&post=26064"},{"taxonomy":"post_tag","embeddable":true,"href":"http:\/\/putaendouno.cl\/index.php?rest_route=%2Fwp%2Fv2%2Ftags&post=26064"}],"curies":[{"name":"wp","href":"https:\/\/api.w.org\/{rel}","templated":true}]}}