{"id":25538,"date":"2019-03-25T00:40:10","date_gmt":"2019-03-25T03:40:10","guid":{"rendered":"http:\/\/putaendouno.cl\/?p=25538"},"modified":"2019-03-25T00:42:09","modified_gmt":"2019-03-25T03:42:09","slug":"sala-de-atencion-primaria-para-mascotas-de-putaendo","status":"publish","type":"post","link":"http:\/\/putaendouno.cl\/?p=25538","title":{"rendered":"Sala de atenci\u00f3n primaria para mascotas de Putaendo"},"content":{"rendered":"<div class=\"lazysocialbuttons\" data-float=\"left\" data-buttons=\"google,twitter,facebook\" data-twshareurl=\"http:\/\/putaendouno.cl\/?p=25538\" data-twtext=\"\" data-shareurl=\"http:\/\/putaendouno.cl\/?p=25538\" data-fbhideflyout=\"false\" data-backgroundtype=\"light\"><\/div><p><img loading=\"lazy\" decoding=\"async\" class=\"aligncenter size-full wp-image-25539\" src=\"http:\/\/putaendouno.cl\/wp-content\/uploads\/2019\/03\/sala.jpg\" alt=\"\" width=\"640\" height=\"319\" srcset=\"http:\/\/putaendouno.cl\/wp-content\/uploads\/2019\/03\/sala.jpg 640w, http:\/\/putaendouno.cl\/wp-content\/uploads\/2019\/03\/sala-300x150.jpg 300w\" sizes=\"auto, (max-width: 640px) 100vw, 640px\" \/><\/p>\n<p>Esperada sala de atenci\u00f3n primaria comunal fue inaugurada por el alcalde Guillermo Reyes, el H. Concejo Municipal, representantes de agrupaciones animalistas y profesionales del municipio de Putaendo.<\/p>\n<p>Seg\u00fan indic\u00f3 la Directora de Desarrollo Comunitario, Carolina L\u00f3pez, esta interesante iniciativa surgi\u00f3 gracias a la gestiones del alcalde para aplicar de la mejor forma posible la \u201cLey Cholito\u201d en la comuna.<\/p>\n<p>Por esta raz\u00f3n, se habilit\u00f3 con presupuesto municipal, esta sala de atenci\u00f3n en el Centro Comunitario de Putaendo, ubicado en calle Camus #277.<\/p>\n<p><strong>HORARIO DE ATENCI\u00d3N DE P\u00daBLICO<\/strong><strong><br \/>\nLUNES A MI\u00c9RCOLES: de 9.00 a 13.00 hrs.<br \/>\nMARTES Y JUEVES: de 9.00 a 13.00 horas y de 14.15 a 17. 30 hrs.<br \/>\nVIERNES: de 9.00 a 14.00 hrs.<\/strong><\/p>\n<p><strong>HORARIO DE ATENCI\u00d3N PRIMARIA VETERINARIA<\/strong><strong><br \/>\nLUNES A MI\u00c9RCOLES: de 14.15 a 17.30 hrs.<\/strong><\/p>\n<p>Un anhelado proyecto municipal, que ya se encuentra en funcionamiento y permitir\u00e1 a due\u00f1os de mascotas contar con un lugar donde puedan recibir orientaci\u00f3n, cuidados b\u00e1sicos y atenci\u00f3n relativa a instalaci\u00f3n de microchip, vacunaci\u00f3n, desparasitaci\u00f3n, entre otros operativos del Programa Mascota Protegida de la Subdere.<\/p>\n<p><img loading=\"lazy\" decoding=\"async\" class=\"alignleft size-medium wp-image-25540\" src=\"http:\/\/putaendouno.cl\/wp-content\/uploads\/2019\/03\/54434402_2289857677747643_9011839623306936320_n-300x225.jpg\" alt=\"\" width=\"300\" height=\"225\" srcset=\"http:\/\/putaendouno.cl\/wp-content\/uploads\/2019\/03\/54434402_2289857677747643_9011839623306936320_n-300x225.jpg 300w, http:\/\/putaendouno.cl\/wp-content\/uploads\/2019\/03\/54434402_2289857677747643_9011839623306936320_n-427x320.jpg 427w, http:\/\/putaendouno.cl\/wp-content\/uploads\/2019\/03\/54434402_2289857677747643_9011839623306936320_n.jpg 640w\" sizes=\"auto, (max-width: 300px) 100vw, 300px\" \/>Seg\u00fan indic\u00f3 Alejandra Videla, m\u00e9dico veterinario a cargo del Programa Tenencia Responsable de la comuna, esta sala de atenci\u00f3n primaria recibir\u00e1 a animales con patolog\u00edas simples: complicaciones mayores como fracturas, envenenamiento u otros casos graves, NO podr\u00e1n ser atendidos en este lugar.<\/p>\n<p>\u201cEsta sala de atenci\u00f3n primaria tambi\u00e9n servir\u00e1 para ejecutar el Programa Mascota Protegida de la Subdere, que consiste en un Pack Completo para la mascota, donde se puede optar a la implantaci\u00f3n del Microchip junto con las Vacunas Anuales. En el caso de los perros la s\u00e9xtuple y la antirr\u00e1bica; en el caso de gatos la triple felina y antirr\u00e1bica. Adem\u00e1s, la desparasitaci\u00f3n interna y externa. Del mismo modo, se podr\u00e1n inscribir perros y gatos en el registro nacional de mascotas\u201d, indic\u00f3 la m\u00e9dico veterinario.<\/p>\n<p><strong>\u00bfFUTURA CL\u00cdNICA VETERINARIA MUNICIPAL? <\/strong><\/p>\n<p>Por su parte el alcalde Guillermo Reyes, anunci\u00f3 que el municipio se estableci\u00f3 como objetivo a corto plazo poder contar con una Cl\u00ednica Veterinaria Municipal. Un proyecto que se encuentra en etapa de dise\u00f1o, donde una vez ejecutado, la comuna podr\u00e1 contar con un centro veterinario gratuito y m\u00e1s avanzado donde se puedan realizar todo tipo de atenciones veterinarias.<\/p>\n<p>&nbsp;<\/p>\n","protected":false},"excerpt":{"rendered":"<p>Esperada sala de atenci\u00f3n primaria comunal fue inaugurada por el alcalde Guillermo Reyes, el H. Concejo Municipal, representantes de agrupaciones animalistas y profesionales del municipio de Putaendo. Seg\u00fan indic\u00f3 la Directora de Desarrollo Comunitario, Carolina L\u00f3pez, esta interesante iniciativa surgi\u00f3 gracias a la gestiones del alcalde para aplicar de la mejor forma posible la \u201cLey [&hellip;]<\/p>\n","protected":false},"author":1,"featured_media":25539,"comment_status":"open","ping_status":"open","sticky":false,"template":"","format":"standard","meta":{"footnotes":""},"categories":[15,4],"tags":[],"class_list":["post-25538","post","type-post","status-publish","format-standard","has-post-thumbnail","hentry","category-general","category-putaendo"],"jetpack_sharing_enabled":true,"jetpack_featured_media_url":"http:\/\/putaendouno.cl\/wp-content\/uploads\/2019\/03\/sala.jpg","_links":{"self":[{"href":"http:\/\/putaendouno.cl\/index.php?rest_route=\/wp\/v2\/posts\/25538","targetHints":{"allow":["GET"]}}],"collection":[{"href":"http:\/\/putaendouno.cl\/index.php?rest_route=\/wp\/v2\/posts"}],"about":[{"href":"http:\/\/putaendouno.cl\/index.php?rest_route=\/wp\/v2\/types\/post"}],"author":[{"embeddable":true,"href":"http:\/\/putaendouno.cl\/index.php?rest_route=\/wp\/v2\/users\/1"}],"replies":[{"embeddable":true,"href":"http:\/\/putaendouno.cl\/index.php?rest_route=%2Fwp%2Fv2%2Fcomments&post=25538"}],"version-history":[{"count":2,"href":"http:\/\/putaendouno.cl\/index.php?rest_route=\/wp\/v2\/posts\/25538\/revisions"}],"predecessor-version":[{"id":25548,"href":"http:\/\/putaendouno.cl\/index.php?rest_route=\/wp\/v2\/posts\/25538\/revisions\/25548"}],"wp:featuredmedia":[{"embeddable":true,"href":"http:\/\/putaendouno.cl\/index.php?rest_route=\/wp\/v2\/media\/25539"}],"wp:attachment":[{"href":"http:\/\/putaendouno.cl\/index.php?rest_route=%2Fwp%2Fv2%2Fmedia&parent=25538"}],"wp:term":[{"taxonomy":"category","embeddable":true,"href":"http:\/\/putaendouno.cl\/index.php?rest_route=%2Fwp%2Fv2%2Fcategories&post=25538"},{"taxonomy":"post_tag","embeddable":true,"href":"http:\/\/putaendouno.cl\/index.php?rest_route=%2Fwp%2Fv2%2Ftags&post=25538"}],"curies":[{"name":"wp","href":"https:\/\/api.w.org\/{rel}","templated":true}]}}