{"id":25521,"date":"2019-03-05T20:01:29","date_gmt":"2019-03-05T23:01:29","guid":{"rendered":"http:\/\/putaendouno.cl\/?p=25521"},"modified":"2019-03-05T20:03:49","modified_gmt":"2019-03-05T23:03:49","slug":"exigen-salida-de-ezzati-por-violacion-en-la-catedral","status":"publish","type":"post","link":"http:\/\/putaendouno.cl\/?p=25521","title":{"rendered":"Exigen salida de Ezzati por violaci\u00f3n en la Catedral"},"content":{"rendered":"<div class=\"lazysocialbuttons\" data-float=\"left\" data-buttons=\"google,twitter,facebook\" data-twshareurl=\"http:\/\/putaendouno.cl\/?p=25521\" data-twtext=\"\" data-shareurl=\"http:\/\/putaendouno.cl\/?p=25521\" data-fbhideflyout=\"false\" data-backgroundtype=\"light\"><\/div><div class=\"columna_principal\">\n<div class=\"article estirar\">\n<div class=\"cuerpo_noticia estirar\">\n<h2><span style=\"color: #0000ff;\"><img loading=\"lazy\" decoding=\"async\" class=\"aligncenter wp-image-25522\" src=\"http:\/\/putaendouno.cl\/wp-content\/uploads\/2019\/03\/ezzat.jpg\" alt=\"\" width=\"565\" height=\"316\" srcset=\"http:\/\/putaendouno.cl\/wp-content\/uploads\/2019\/03\/ezzat.jpg 640w, http:\/\/putaendouno.cl\/wp-content\/uploads\/2019\/03\/ezzat-300x168.jpg 300w, http:\/\/putaendouno.cl\/wp-content\/uploads\/2019\/03\/ezzat-572x320.jpg 572w\" sizes=\"auto, (max-width: 565px) 100vw, 565px\" \/>Le dio $30.000 a la v\u00edctima para callarlo.-<\/span><\/h2>\n<p><strong>Los Laicos de Santiago exigieron la salida del arzobispo de Santiago, Ricardo Ezzati<\/strong>, luego de que se conociera\u00a0<span style=\"color: #0000ff;\"><strong>el caso de una presunta violaci\u00f3n cometida por un sacerdote en la Catedral metropolitana<\/strong><\/span>\u00a0en contra de un hombre mayor de edad.<\/p>\n<p>De acuerdo al caso, el delito habr\u00eda sido cometido por\u00a0<span style=\"color: #0000ff;\"><strong>el sacerdote Tito Rivera, ex rector de la Iglesia Las Agustinas.<\/strong><\/span><\/p>\n<p>En su declaraci\u00f3n ante el fiscal Emiliano Arias,<span style=\"color: #0000ff;\"> l<strong>a v\u00edctima detall\u00f3 haberle contado sobre su caso al cardenal Ezzati, quien le pidi\u00f3 rezar por el supuesto autor y le dio $30 mil en efectivo.<\/strong><\/span><\/p>\n<p>La situaci\u00f3n habr\u00eda ocurrido en 2015 y se inici\u00f3, bajo reserva, una investigaci\u00f3n previa luego de que se determinara como ver\u00eddica la denuncia.<\/p>\n<p>Al respecto,\u00a0<strong>el vocero de Los Laicos de Santiago, Osvaldo Aravena<\/strong>, indic\u00f3 que Ezzati debe dar un paso al costado e hizo un llamado a la Justicia, para que las personas involucradas en estos hechos sean formalizados.<\/p>\n<p>&#8220;<span style=\"color: #0000ff;\"><strong>Ezzati ha sido el que ha llevado la batuta, porque cuando tuvo la oportunidad de entregar informaci\u00f3n, guard\u00f3 silencio<\/strong><\/span>. Luego busc\u00f3 que se sobreseyera su juicio. Creo que aqu\u00ed lo \u00fanico que cabe es que la Justicia haga su tarea y que efectivamente paguen con c\u00e1rcel quienes han abusado y han encubierto estos graves delitos&#8221;, dijo.<\/p>\n<p>Se espera que el fiscal Arias entregue m\u00e1s detalles acerca de este caso durante la jornada.<\/p>\n<p>(P1\/ADN)<\/p>\n<\/div>\n<\/div>\n<\/div>\n","protected":false},"excerpt":{"rendered":"<p>Le dio $30.000 a la v\u00edctima para callarlo.- Los Laicos de Santiago exigieron la salida del arzobispo de Santiago, Ricardo Ezzati, luego de que se conociera\u00a0el caso de una presunta violaci\u00f3n cometida por un sacerdote en la Catedral metropolitana\u00a0en contra de un hombre mayor de edad. De acuerdo al caso, el delito habr\u00eda sido cometido [&hellip;]<\/p>\n","protected":false},"author":1,"featured_media":25522,"comment_status":"open","ping_status":"open","sticky":false,"template":"","format":"standard","meta":{"footnotes":""},"categories":[7,15],"tags":[],"class_list":["post-25521","post","type-post","status-publish","format-standard","has-post-thumbnail","hentry","category-nacionales-y-otras","category-general"],"jetpack_sharing_enabled":true,"jetpack_featured_media_url":"http:\/\/putaendouno.cl\/wp-content\/uploads\/2019\/03\/ezzat.jpg","_links":{"self":[{"href":"http:\/\/putaendouno.cl\/index.php?rest_route=\/wp\/v2\/posts\/25521","targetHints":{"allow":["GET"]}}],"collection":[{"href":"http:\/\/putaendouno.cl\/index.php?rest_route=\/wp\/v2\/posts"}],"about":[{"href":"http:\/\/putaendouno.cl\/index.php?rest_route=\/wp\/v2\/types\/post"}],"author":[{"embeddable":true,"href":"http:\/\/putaendouno.cl\/index.php?rest_route=\/wp\/v2\/users\/1"}],"replies":[{"embeddable":true,"href":"http:\/\/putaendouno.cl\/index.php?rest_route=%2Fwp%2Fv2%2Fcomments&post=25521"}],"version-history":[{"count":3,"href":"http:\/\/putaendouno.cl\/index.php?rest_route=\/wp\/v2\/posts\/25521\/revisions"}],"predecessor-version":[{"id":25525,"href":"http:\/\/putaendouno.cl\/index.php?rest_route=\/wp\/v2\/posts\/25521\/revisions\/25525"}],"wp:featuredmedia":[{"embeddable":true,"href":"http:\/\/putaendouno.cl\/index.php?rest_route=\/wp\/v2\/media\/25522"}],"wp:attachment":[{"href":"http:\/\/putaendouno.cl\/index.php?rest_route=%2Fwp%2Fv2%2Fmedia&parent=25521"}],"wp:term":[{"taxonomy":"category","embeddable":true,"href":"http:\/\/putaendouno.cl\/index.php?rest_route=%2Fwp%2Fv2%2Fcategories&post=25521"},{"taxonomy":"post_tag","embeddable":true,"href":"http:\/\/putaendouno.cl\/index.php?rest_route=%2Fwp%2Fv2%2Ftags&post=25521"}],"curies":[{"name":"wp","href":"https:\/\/api.w.org\/{rel}","templated":true}]}}