{"id":25489,"date":"2019-02-17T03:00:52","date_gmt":"2019-02-17T06:00:52","guid":{"rendered":"http:\/\/putaendouno.cl\/?p=25489"},"modified":"2019-02-17T03:11:13","modified_gmt":"2019-02-17T06:11:13","slug":"y-se-fue-la-chaya-de-putaendo","status":"publish","type":"post","link":"http:\/\/putaendouno.cl\/?p=25489","title":{"rendered":"Y se fue la Chaya de Putaendo"},"content":{"rendered":"<div class=\"lazysocialbuttons\" data-float=\"left\" data-buttons=\"google,twitter,facebook\" data-twshareurl=\"http:\/\/putaendouno.cl\/?p=25489\" data-twtext=\"\" data-shareurl=\"http:\/\/putaendouno.cl\/?p=25489\" data-fbhideflyout=\"false\" data-backgroundtype=\"light\"><\/div><h2><span style=\"color: #0000ff;\"><img loading=\"lazy\" decoding=\"async\" class=\"aligncenter size-full wp-image-25490\" src=\"http:\/\/putaendouno.cl\/wp-content\/uploads\/2019\/02\/51390290_1919754664820513_8037943904764428288_n.jpg\" alt=\"\" width=\"640\" height=\"320\" srcset=\"http:\/\/putaendouno.cl\/wp-content\/uploads\/2019\/02\/51390290_1919754664820513_8037943904764428288_n.jpg 640w, http:\/\/putaendouno.cl\/wp-content\/uploads\/2019\/02\/51390290_1919754664820513_8037943904764428288_n-300x150.jpg 300w\" sizes=\"auto, (max-width: 640px) 100vw, 640px\" \/>Con Kramer en el escenario culmina el carnaval mas largo de Chile.-<\/span><\/h2>\n<p>&nbsp;<\/p>\n<h3><span style=\"color: #0000ff;\"><img loading=\"lazy\" decoding=\"async\" class=\"alignleft wp-image-25493\" src=\"http:\/\/putaendouno.cl\/wp-content\/uploads\/2019\/02\/MAE-190x300.jpg\" alt=\"\" width=\"104\" height=\"164\" \/><\/span><\/h3>\n<h3><span style=\"color: #0000ff;\">Editorial<\/span><\/h3>\n<h3><span style=\"color: #0000ff;\">Por Mario Alvarado, Director\/<\/span><\/h3>\n<p>La efervescencia de la \u00faltima noche ya se apaga, los restoranes temporales comienzan a guardar sillas y mesas, los carros de comida venden los \u00faltimos sandwiches, cerveza o papas fritas, el escenario est\u00e1 apagado, la gente se retira en grupo a su casa.<\/p>\n<p>Fueron nueve noches de grandes artistas sobre el escenario, porque no hubo ninguno que no mereciera los aplausos del p\u00fablico. Emergentes y de trayectoria reconocida; nacionales, locales o extranjeros; grupos y solistas. Anyel Luna y Gonzalo Osses los m\u00e1s j\u00f3venes, el aysenino Chocair el mas antiguo.<\/p>\n<p>Mucha gente disfrut\u00f3 los nocturnos espect\u00e1culos, desde el &#8220;P\u00e1jaro Campana&#8221; de los maestros Campusano, Ponce y Chocair hasta la nostalgia de &#8220;La muralla&#8221; de Quilapay\u00fan; o desde el rock de &#8220;Monos con Correa&#8221; hasta Francisca Valenzuela; o todo el sabor tropical de Juan Angel, La Combo Tortuga, Chumbekes y Rodrigo Tapari; los mexicanos del Mariachi La Reina o las s\u00f3lidas tonadas y cuecas de Mirta Iturra. Todo fue diversi\u00f3n.<\/p>\n<p>Se aplaude lo bueno, excelentes animadores, extraordinario sonido e iluminaci\u00f3n, buena atenci\u00f3n a los artistas, tras bambalinas.<\/p>\n<p>Para que todo sea a pedir de boca, para el aniversario 90 del Carnaval de la Chaya, es esperable que se mejore el reconocimiento &#8211; y por ende el valor del contrato &#8211; de los artistas locales, que ya lleva mas de cuatro a\u00f1os trabado en el mismo bajo valor, varias veces menor que los dem\u00e1s artistas.<\/p>\n<p>De igual manera, ojal\u00e1 se modifique la rutina de hacer subir al alcalde y a todos los concejales para una obligada y casi falsa foto con cada artista, mientras se le entrega un recuerdo de su participaci\u00f3n. Es cierto que el carnaval lo organiza el Municipio, sea o no con presupuestos propios o ajenos, y que el Concejo aprueba el presupuesto, pero no es necesario que suban al escenario para premiarlos por su aprobaci\u00f3n. Mas simplicidad puede ser mejor.<\/p>\n<p>En la suma y resta, el resultado final es muy positivo, destacando el trabajo que realiza la organizaci\u00f3n del evento, equipo conformado con puros funcionarios municipales.<\/p>\n<p>Ahora Putaendo cambia y se acerca a pasos agigantados el inicio de clases en los colegios, anunciando el fin del verano, mientras en la buc\u00f3lica paz de la plaza algunos siguen comentando la rutina de Kramer.<\/p>\n","protected":false},"excerpt":{"rendered":"<p>Con Kramer en el escenario culmina el carnaval mas largo de Chile.- &nbsp; Editorial Por Mario Alvarado, Director\/ La efervescencia de la \u00faltima noche ya se apaga, los restoranes temporales comienzan a guardar sillas y mesas, los carros de comida venden los \u00faltimos sandwiches, cerveza o papas fritas, el escenario est\u00e1 apagado, la gente se [&hellip;]<\/p>\n","protected":false},"author":1,"featured_media":25490,"comment_status":"open","ping_status":"open","sticky":false,"template":"","format":"standard","meta":{"footnotes":""},"categories":[8,15],"tags":[],"class_list":["post-25489","post","type-post","status-publish","format-standard","has-post-thumbnail","hentry","category-editorial","category-general"],"jetpack_sharing_enabled":true,"jetpack_featured_media_url":"http:\/\/putaendouno.cl\/wp-content\/uploads\/2019\/02\/51390290_1919754664820513_8037943904764428288_n.jpg","_links":{"self":[{"href":"http:\/\/putaendouno.cl\/index.php?rest_route=\/wp\/v2\/posts\/25489","targetHints":{"allow":["GET"]}}],"collection":[{"href":"http:\/\/putaendouno.cl\/index.php?rest_route=\/wp\/v2\/posts"}],"about":[{"href":"http:\/\/putaendouno.cl\/index.php?rest_route=\/wp\/v2\/types\/post"}],"author":[{"embeddable":true,"href":"http:\/\/putaendouno.cl\/index.php?rest_route=\/wp\/v2\/users\/1"}],"replies":[{"embeddable":true,"href":"http:\/\/putaendouno.cl\/index.php?rest_route=%2Fwp%2Fv2%2Fcomments&post=25489"}],"version-history":[{"count":11,"href":"http:\/\/putaendouno.cl\/index.php?rest_route=\/wp\/v2\/posts\/25489\/revisions"}],"predecessor-version":[{"id":25502,"href":"http:\/\/putaendouno.cl\/index.php?rest_route=\/wp\/v2\/posts\/25489\/revisions\/25502"}],"wp:featuredmedia":[{"embeddable":true,"href":"http:\/\/putaendouno.cl\/index.php?rest_route=\/wp\/v2\/media\/25490"}],"wp:attachment":[{"href":"http:\/\/putaendouno.cl\/index.php?rest_route=%2Fwp%2Fv2%2Fmedia&parent=25489"}],"wp:term":[{"taxonomy":"category","embeddable":true,"href":"http:\/\/putaendouno.cl\/index.php?rest_route=%2Fwp%2Fv2%2Fcategories&post=25489"},{"taxonomy":"post_tag","embeddable":true,"href":"http:\/\/putaendouno.cl\/index.php?rest_route=%2Fwp%2Fv2%2Ftags&post=25489"}],"curies":[{"name":"wp","href":"https:\/\/api.w.org\/{rel}","templated":true}]}}