{"id":24415,"date":"2018-05-10T03:34:50","date_gmt":"2018-05-10T06:34:50","guid":{"rendered":"http:\/\/putaendouno.cl\/?p=24415"},"modified":"2018-05-10T03:40:31","modified_gmt":"2018-05-10T06:40:31","slug":"congreso-aprueba-dia-nacional-del-cuequero","status":"publish","type":"post","link":"http:\/\/putaendouno.cl\/?p=24415","title":{"rendered":"Congreso aprueba D\u00eda Nacional del Cuequero"},"content":{"rendered":"<div class=\"lazysocialbuttons\" data-float=\"left\" data-buttons=\"google,twitter,facebook\" data-twshareurl=\"http:\/\/putaendouno.cl\/?p=24415\" data-twtext=\"\" data-shareurl=\"http:\/\/putaendouno.cl\/?p=24415\" data-fbhideflyout=\"false\" data-backgroundtype=\"light\"><\/div><h2><span style=\"color: #0000ff;\"><a href=\"http:\/\/putaendouno.cl\/wp-content\/uploads\/2018\/05\/sergio-veas.jpg\"><img loading=\"lazy\" decoding=\"async\" class=\"aligncenter size-full wp-image-24419\" src=\"http:\/\/putaendouno.cl\/wp-content\/uploads\/2018\/05\/sergio-veas.jpg\" alt=\"\" width=\"640\" height=\"320\" srcset=\"http:\/\/putaendouno.cl\/wp-content\/uploads\/2018\/05\/sergio-veas.jpg 640w, http:\/\/putaendouno.cl\/wp-content\/uploads\/2018\/05\/sergio-veas-300x150.jpg 300w\" sizes=\"auto, (max-width: 640px) 100vw, 640px\" \/><\/a>Al fin el proyecto de Sergio Veas vio la luz: \u00a1TENEMOS CUECA SE\u00d1ORES!<\/span><\/h2>\n<p>La propuesta de\u00a0<span style=\"color: #0000ff;\">Sergio Veas Mu\u00f1oz (foto portada)<\/span>, destacado folclorista nacional, director por muchos a\u00f1os de &#8220;Los Palmeros de Rancagua&#8221; y m\u00fasico del\u00a0Ballet Folklorico Nacional &#8211; Bafona, que establece el 4 de julio como el <span style=\"color: #0000ff;\">D\u00eda Nacional del Cuequero<\/span>, <span style=\"color: #0000ff;\">fue aprobada por unanimidad est\u00e1 ma\u00f1ana por la comisi\u00f3n de Cultura, Artes y Comunicaciones de la C\u00e1mara de Diputados de Chile<\/span>, en homenaje a Hern\u00e1n &#8220;Nano&#8221; Nu\u00f1ez Oyarce, fundador de Los Chileneros, nacido el 4\/07\/1914.<\/p>\n<p><span style=\"color: #003300;\"><em>&#8220;Me llamo Hern\u00e1n Ra\u00fal N\u00fa\u00f1ez<br \/>\npor mi madre soy Oyarce<br \/>\ncuando digo mis cuartetas<br \/>\nal diablo hago persignarse&#8230;&#8221;<\/em>.<\/span><\/p>\n<p><a href=\"http:\/\/putaendouno.cl\/wp-content\/uploads\/2018\/05\/Hern\u00e1n-Nu\u00f1ez-Oyarce.jpg\"><img loading=\"lazy\" decoding=\"async\" class=\"alignleft wp-image-24417\" src=\"http:\/\/putaendouno.cl\/wp-content\/uploads\/2018\/05\/Hern\u00e1n-Nu\u00f1ez-Oyarce-229x300.jpg\" alt=\"\" width=\"206\" height=\"270\" srcset=\"http:\/\/putaendouno.cl\/wp-content\/uploads\/2018\/05\/Hern\u00e1n-Nu\u00f1ez-Oyarce-229x300.jpg 229w, http:\/\/putaendouno.cl\/wp-content\/uploads\/2018\/05\/Hern\u00e1n-Nu\u00f1ez-Oyarce-768x1008.jpg 768w, http:\/\/putaendouno.cl\/wp-content\/uploads\/2018\/05\/Hern\u00e1n-Nu\u00f1ez-Oyarce-780x1024.jpg 780w, http:\/\/putaendouno.cl\/wp-content\/uploads\/2018\/05\/Hern\u00e1n-Nu\u00f1ez-Oyarce.jpg 1140w\" sizes=\"auto, (max-width: 206px) 100vw, 206px\" \/><\/a>As\u00ed pregonaba\u00a0<span style=\"color: #0000ff;\"><strong>Hern\u00e1n \u201cNano\u201d N\u00fa\u00f1ez (izq.)<\/strong>,<\/span> el l\u00edder de la hist\u00f3rica agrupaci\u00f3n\u00a0<span style=\"color: #0000ff;\"><strong>Los\u00a0<\/strong><strong>Chileneros<\/strong><\/span>\u00a0y uno de los m\u00e1s grandes cantautores de cueca en todo Chile. Fue all\u00e1 por el a\u00f1o 1914, espec\u00edficamente un 4 de julio, cuando en un barrio de Estaci\u00f3n Central naci\u00f3 la leyenda que marcar\u00eda a toda una generaci\u00f3n y levant\u00f3 a la cueca chilena a niveles insospechados en toda Am\u00e9rica.<\/p>\n<div>\n<div class=\"teads-ui-components-credits\">Gracias a su fecundo trabajo y ese amor incansable por la &#8220;chilena&#8221; que en su honor se celebra el <strong><span style=\"color: #0000ff;\">\u201cD\u00eda Nacional del Cuequero\u201d<\/span><\/strong>. La fecha no es casualidad, <a href=\"http:\/\/putaendouno.cl\/wp-content\/uploads\/2018\/05\/sv.jpg\"><img loading=\"lazy\" decoding=\"async\" class=\"alignright wp-image-24418\" src=\"http:\/\/putaendouno.cl\/wp-content\/uploads\/2018\/05\/sv-200x300.jpg\" alt=\"\" width=\"161\" height=\"242\" srcset=\"http:\/\/putaendouno.cl\/wp-content\/uploads\/2018\/05\/sv-200x300.jpg 200w, http:\/\/putaendouno.cl\/wp-content\/uploads\/2018\/05\/sv-768x1152.jpg 768w, http:\/\/putaendouno.cl\/wp-content\/uploads\/2018\/05\/sv-683x1024.jpg 683w, http:\/\/putaendouno.cl\/wp-content\/uploads\/2018\/05\/sv.jpg 1140w\" sizes=\"auto, (max-width: 161px) 100vw, 161px\" \/><\/a>porque es para el d\u00eda del natalicio del &#8220;Nano&#8221; y\u00a0<span style=\"color: #0000ff;\"><strong>Sergio<\/strong>\u00a0<strong>Veas (foto der.)<\/strong><\/span>, decidi\u00f3 instaurar este d\u00eda esta cruzada para poder motivar a todo Chile.<\/div>\n<\/div>\n<p>Seg\u00fan sus palabras, esta conmemoraci\u00f3n <span style=\"color: #0000ff;\">\u201cnaci\u00f3 primero para manifestar nuestro orgullo de ser cuequeros y tener un d\u00eda en el a\u00f1o para manifestarlo\u201d.<\/span><\/p>\n<p>A esto, agreg\u00f3 que la elecci\u00f3n del d\u00eda tiene un origen casi fundacional, porque &#8220;<strong>es el 4 de julio, en honor al natalicio de Nano N\u00fa\u00f1ez<\/strong>\u201d.<\/p>\n<p>El l\u00edder de\u00a0<strong>Los Palmeros de Rancagua<\/strong>\u00a0utiliz\u00f3 redes sociales para promover esta iniciativa. El sue\u00f1o del ganador del Festival de Olmu\u00e9 tom\u00f3 una fuerza inesperada y este jueves -y hasta el lunes-, en distintos puntos de Chile, todos los que aman nuestro baile nacional, alzan sus copas para celebrar sin parar.<\/p>\n<p>Si bien todo comenz\u00f3 como una idea protagonizada por el entusiasmo y la pasi\u00f3n, poco a poco fue cobrando fuerza en los distintos rincones del pa\u00eds para generar una celebraci\u00f3n que busca sostenerse durante muchos a\u00f1os.<\/p>\n<p><strong>Debido a esta fuerza y las ganas inalterables de los cuequeros de celebrar al \u201cNano\u201d, que en distintos puntos de Chile habr\u00e1 grandes eventos para as\u00ed recordar la memoria del viejo chilenero.<\/strong><\/p>\n<p><iframe loading=\"lazy\" src=\"http:\/\/www.youtube.com\/embed\/_-Jjx09N-IE\" width=\"420\" height=\"315\" data-mce-fragment=\"1\"><\/iframe><\/p>\n<p><a href=\"http:\/\/putaendouno.cl\/wp-content\/uploads\/2018\/05\/PROY-CUEQUERO.pdf\">REVISA AQU\u00cd EL TEXTO DEL PROYECTO DE LEY<\/a><\/p>\n<p>&nbsp;<\/p>\n","protected":false},"excerpt":{"rendered":"<p>Al fin el proyecto de Sergio Veas vio la luz: \u00a1TENEMOS CUECA SE\u00d1ORES! La propuesta de\u00a0Sergio Veas Mu\u00f1oz (foto portada), destacado folclorista nacional, director por muchos a\u00f1os de &#8220;Los Palmeros de Rancagua&#8221; y m\u00fasico del\u00a0Ballet Folklorico Nacional &#8211; Bafona, que establece el 4 de julio como el D\u00eda Nacional del Cuequero, fue aprobada por unanimidad [&hellip;]<\/p>\n","protected":false},"author":1,"featured_media":24419,"comment_status":"open","ping_status":"open","sticky":false,"template":"","format":"standard","meta":{"footnotes":""},"categories":[7,15],"tags":[],"class_list":["post-24415","post","type-post","status-publish","format-standard","has-post-thumbnail","hentry","category-nacionales-y-otras","category-general"],"jetpack_sharing_enabled":true,"jetpack_featured_media_url":"http:\/\/putaendouno.cl\/wp-content\/uploads\/2018\/05\/sergio-veas.jpg","_links":{"self":[{"href":"http:\/\/putaendouno.cl\/index.php?rest_route=\/wp\/v2\/posts\/24415","targetHints":{"allow":["GET"]}}],"collection":[{"href":"http:\/\/putaendouno.cl\/index.php?rest_route=\/wp\/v2\/posts"}],"about":[{"href":"http:\/\/putaendouno.cl\/index.php?rest_route=\/wp\/v2\/types\/post"}],"author":[{"embeddable":true,"href":"http:\/\/putaendouno.cl\/index.php?rest_route=\/wp\/v2\/users\/1"}],"replies":[{"embeddable":true,"href":"http:\/\/putaendouno.cl\/index.php?rest_route=%2Fwp%2Fv2%2Fcomments&post=24415"}],"version-history":[{"count":4,"href":"http:\/\/putaendouno.cl\/index.php?rest_route=\/wp\/v2\/posts\/24415\/revisions"}],"predecessor-version":[{"id":24424,"href":"http:\/\/putaendouno.cl\/index.php?rest_route=\/wp\/v2\/posts\/24415\/revisions\/24424"}],"wp:featuredmedia":[{"embeddable":true,"href":"http:\/\/putaendouno.cl\/index.php?rest_route=\/wp\/v2\/media\/24419"}],"wp:attachment":[{"href":"http:\/\/putaendouno.cl\/index.php?rest_route=%2Fwp%2Fv2%2Fmedia&parent=24415"}],"wp:term":[{"taxonomy":"category","embeddable":true,"href":"http:\/\/putaendouno.cl\/index.php?rest_route=%2Fwp%2Fv2%2Fcategories&post=24415"},{"taxonomy":"post_tag","embeddable":true,"href":"http:\/\/putaendouno.cl\/index.php?rest_route=%2Fwp%2Fv2%2Ftags&post=24415"}],"curies":[{"name":"wp","href":"https:\/\/api.w.org\/{rel}","templated":true}]}}